{"id":131801,"date":"2018-08-22T11:00:52","date_gmt":"2018-08-22T14:00:52","guid":{"rendered":"http:\/\/www.planbnoticias.com.ar\/?p=131801"},"modified":"2018-08-22T23:30:44","modified_gmt":"2018-08-23T02:30:44","slug":"importante-convocatoria-en-el-abrazo-simbolico-a-la-unlpam","status":"publish","type":"post","link":"https:\/\/www.planbnoticias.com.ar\/index.php\/2018\/08\/22\/importante-convocatoria-en-el-abrazo-simbolico-a-la-unlpam\/","title":{"rendered":"Importante convocatoria en el Abrazo Simb\u00f3lico a la UNLPam"},"content":{"rendered":"<p><img fetchpriority=\"high\" decoding=\"async\" class=\"alignnone size-full wp-image-131815\" src=\"http:\/\/www.planbnoticias.com.ar\/wp-content\/uploads\/2018\/08\/abrazo-universidad-4.jpeg\" alt=\"\" width=\"1280\" height=\"853\" srcset=\"https:\/\/www.planbnoticias.com.ar\/wp-content\/uploads\/2018\/08\/abrazo-universidad-4.jpeg 1280w, https:\/\/www.planbnoticias.com.ar\/wp-content\/uploads\/2018\/08\/abrazo-universidad-4-300x200.jpeg 300w, https:\/\/www.planbnoticias.com.ar\/wp-content\/uploads\/2018\/08\/abrazo-universidad-4-768x512.jpeg 768w, https:\/\/www.planbnoticias.com.ar\/wp-content\/uploads\/2018\/08\/abrazo-universidad-4-1024x682.jpeg 1024w, https:\/\/www.planbnoticias.com.ar\/wp-content\/uploads\/2018\/08\/abrazo-universidad-4-1170x780.jpeg 1170w, https:\/\/www.planbnoticias.com.ar\/wp-content\/uploads\/2018\/08\/abrazo-universidad-4-585x390.jpeg 585w, https:\/\/www.planbnoticias.com.ar\/wp-content\/uploads\/2018\/08\/abrazo-universidad-4-263x175.jpeg 263w\" sizes=\"(max-width: 1280px) 100vw, 1280px\" \/><\/p>\n<p>La comunidad universitaria realiz\u00f3 un abrazo simb\u00f3lico a la Universidad, en reclamo de las partidas para funcionamiento de la casa de Altos Estudios y por aumento salarial para las y los profesores universitarios.<\/p>\n<p><img decoding=\"async\" class=\"alignnone size-full wp-image-131812\" src=\"http:\/\/www.planbnoticias.com.ar\/wp-content\/uploads\/2018\/08\/abrazo-universidad.jpeg\" alt=\"\" width=\"1280\" height=\"853\" srcset=\"https:\/\/www.planbnoticias.com.ar\/wp-content\/uploads\/2018\/08\/abrazo-universidad.jpeg 1280w, https:\/\/www.planbnoticias.com.ar\/wp-content\/uploads\/2018\/08\/abrazo-universidad-300x200.jpeg 300w, https:\/\/www.planbnoticias.com.ar\/wp-content\/uploads\/2018\/08\/abrazo-universidad-768x512.jpeg 768w, https:\/\/www.planbnoticias.com.ar\/wp-content\/uploads\/2018\/08\/abrazo-universidad-1024x682.jpeg 1024w, https:\/\/www.planbnoticias.com.ar\/wp-content\/uploads\/2018\/08\/abrazo-universidad-1170x780.jpeg 1170w, https:\/\/www.planbnoticias.com.ar\/wp-content\/uploads\/2018\/08\/abrazo-universidad-585x390.jpeg 585w, https:\/\/www.planbnoticias.com.ar\/wp-content\/uploads\/2018\/08\/abrazo-universidad-263x175.jpeg 263w\" sizes=\"(max-width: 1280px) 100vw, 1280px\" \/><\/p>\n<p>Con una importante convocatoria, docentes, estudiantes, autoridades de la universidad con el rector Alpa a la cabeza, profesores, docentes y no docentes, se realiz\u00f3 el abrazo a la UNLPam.<\/p>\n<p><img decoding=\"async\" class=\"alignnone size-full wp-image-131852\" src=\"http:\/\/www.planbnoticias.com.ar\/wp-content\/uploads\/2018\/08\/abrazo-unlpam2.jpg\" alt=\"\" width=\"1280\" height=\"853\" srcset=\"https:\/\/www.planbnoticias.com.ar\/wp-content\/uploads\/2018\/08\/abrazo-unlpam2.jpg 1280w, https:\/\/www.planbnoticias.com.ar\/wp-content\/uploads\/2018\/08\/abrazo-unlpam2-300x200.jpg 300w, https:\/\/www.planbnoticias.com.ar\/wp-content\/uploads\/2018\/08\/abrazo-unlpam2-768x512.jpg 768w, https:\/\/www.planbnoticias.com.ar\/wp-content\/uploads\/2018\/08\/abrazo-unlpam2-1024x682.jpg 1024w, https:\/\/www.planbnoticias.com.ar\/wp-content\/uploads\/2018\/08\/abrazo-unlpam2-1170x780.jpg 1170w, https:\/\/www.planbnoticias.com.ar\/wp-content\/uploads\/2018\/08\/abrazo-unlpam2-585x390.jpg 585w, https:\/\/www.planbnoticias.com.ar\/wp-content\/uploads\/2018\/08\/abrazo-unlpam2-263x175.jpg 263w\" sizes=\"(max-width: 1280px) 100vw, 1280px\" \/><\/p>\n<p><script async src=\"\/\/\"><\/script><br \/>\n<!-- Publi m\u00f3vil interior nota --><br \/>\n<ins class=\"adsbygoogle\" style=\"display: inline-block; width: 320px; height: 100px;\" data-ad-client=\"ca-pub-7250018434179914\" data-ad-slot=\"1040343543\"><\/ins><br \/>\n<script>\n(adsbygoogle = window.adsbygoogle || []).push({});\n<\/script><\/p>\n<p><img loading=\"lazy\" decoding=\"async\" class=\"alignnone size-full wp-image-131834\" src=\"http:\/\/www.planbnoticias.com.ar\/wp-content\/uploads\/2018\/08\/abrazo-universidad-21.jpeg\" alt=\"\" width=\"1280\" height=\"853\" srcset=\"https:\/\/www.planbnoticias.com.ar\/wp-content\/uploads\/2018\/08\/abrazo-universidad-21.jpeg 1280w, https:\/\/www.planbnoticias.com.ar\/wp-content\/uploads\/2018\/08\/abrazo-universidad-21-300x200.jpeg 300w, https:\/\/www.planbnoticias.com.ar\/wp-content\/uploads\/2018\/08\/abrazo-universidad-21-768x512.jpeg 768w, https:\/\/www.planbnoticias.com.ar\/wp-content\/uploads\/2018\/08\/abrazo-universidad-21-1024x682.jpeg 1024w, https:\/\/www.planbnoticias.com.ar\/wp-content\/uploads\/2018\/08\/abrazo-universidad-21-1170x780.jpeg 1170w, https:\/\/www.planbnoticias.com.ar\/wp-content\/uploads\/2018\/08\/abrazo-universidad-21-585x390.jpeg 585w, https:\/\/www.planbnoticias.com.ar\/wp-content\/uploads\/2018\/08\/abrazo-universidad-21-263x175.jpeg 263w\" sizes=\"(max-width: 1280px) 100vw, 1280px\" \/><\/p>\n<p>El secretario general de ADU, Santiago Audisio manifest\u00f3 en su discurso en las escalinatas de la universidad que \u201cesta manifestaci\u00f3n tiene que tener en cuenta que en la medida que nos mantengamos organizados, tal como estamos ahora, el gobierno est\u00e1 tomando nota porque se est\u00e1 hablando nacional no solo de la crisis econ\u00f3mica, sino tambi\u00e9n universitaria\u201d, dijo.<\/p>\n<p><img loading=\"lazy\" decoding=\"async\" class=\"alignnone size-full wp-image-131811\" src=\"http:\/\/www.planbnoticias.com.ar\/wp-content\/uploads\/2018\/08\/audisio-unlpam-3.jpeg\" alt=\"\" width=\"1280\" height=\"853\" srcset=\"https:\/\/www.planbnoticias.com.ar\/wp-content\/uploads\/2018\/08\/audisio-unlpam-3.jpeg 1280w, https:\/\/www.planbnoticias.com.ar\/wp-content\/uploads\/2018\/08\/audisio-unlpam-3-300x200.jpeg 300w, https:\/\/www.planbnoticias.com.ar\/wp-content\/uploads\/2018\/08\/audisio-unlpam-3-768x512.jpeg 768w, https:\/\/www.planbnoticias.com.ar\/wp-content\/uploads\/2018\/08\/audisio-unlpam-3-1024x682.jpeg 1024w, https:\/\/www.planbnoticias.com.ar\/wp-content\/uploads\/2018\/08\/audisio-unlpam-3-1170x780.jpeg 1170w, https:\/\/www.planbnoticias.com.ar\/wp-content\/uploads\/2018\/08\/audisio-unlpam-3-585x390.jpeg 585w, https:\/\/www.planbnoticias.com.ar\/wp-content\/uploads\/2018\/08\/audisio-unlpam-3-263x175.jpeg 263w\" sizes=\"(max-width: 1280px) 100vw, 1280px\" \/><\/p>\n<p>\u201cEsta organizaci\u00f3n, tal como lo hemos planteado es esencial para mantener el plan de lucha y que el gobierno tome nota de la posici\u00f3n de los universitarios en general. Por eso, agradezco a todos los docentes, autoridades que tambi\u00e9n son docentes y el acompa\u00f1amiento que est\u00e1n haciendo los estudiantes que est\u00e1n dando un ejemplo en las manifestaciones, con el compromiso que tienen hacia este plan de lucha y la preocupaci\u00f3n por el ajuste en la educaci\u00f3n p\u00fablica\u201d, afirm\u00f3 Audisio.<\/p>\n<p><img loading=\"lazy\" decoding=\"async\" class=\"alignnone size-full wp-image-131826\" src=\"http:\/\/www.planbnoticias.com.ar\/wp-content\/uploads\/2018\/08\/abrazo-universidad-13.jpeg\" alt=\"\" width=\"1280\" height=\"853\" srcset=\"https:\/\/www.planbnoticias.com.ar\/wp-content\/uploads\/2018\/08\/abrazo-universidad-13.jpeg 1280w, https:\/\/www.planbnoticias.com.ar\/wp-content\/uploads\/2018\/08\/abrazo-universidad-13-300x200.jpeg 300w, https:\/\/www.planbnoticias.com.ar\/wp-content\/uploads\/2018\/08\/abrazo-universidad-13-768x512.jpeg 768w, https:\/\/www.planbnoticias.com.ar\/wp-content\/uploads\/2018\/08\/abrazo-universidad-13-1024x682.jpeg 1024w, https:\/\/www.planbnoticias.com.ar\/wp-content\/uploads\/2018\/08\/abrazo-universidad-13-1170x780.jpeg 1170w, https:\/\/www.planbnoticias.com.ar\/wp-content\/uploads\/2018\/08\/abrazo-universidad-13-585x390.jpeg 585w, https:\/\/www.planbnoticias.com.ar\/wp-content\/uploads\/2018\/08\/abrazo-universidad-13-263x175.jpeg 263w\" sizes=\"(max-width: 1280px) 100vw, 1280px\" \/><\/p>\n<p>Luego se realiz\u00f3 el abrazo a la UNLPam, con una importante convocatoria de m\u00e1s de dos cuadras. Las y los manifestantes dieron la vuelta desde la calle Gil a la avenida San Mart\u00edn, 25 de Mayo, Yrigoyen, para retomar nuevamente por calle Gil.<\/p>\n<p><img loading=\"lazy\" decoding=\"async\" class=\"alignnone size-full wp-image-131822\" src=\"http:\/\/www.planbnoticias.com.ar\/wp-content\/uploads\/2018\/08\/abrazo-universidad-9.jpeg\" alt=\"\" width=\"1280\" height=\"853\" srcset=\"https:\/\/www.planbnoticias.com.ar\/wp-content\/uploads\/2018\/08\/abrazo-universidad-9.jpeg 1280w, https:\/\/www.planbnoticias.com.ar\/wp-content\/uploads\/2018\/08\/abrazo-universidad-9-300x200.jpeg 300w, https:\/\/www.planbnoticias.com.ar\/wp-content\/uploads\/2018\/08\/abrazo-universidad-9-768x512.jpeg 768w, https:\/\/www.planbnoticias.com.ar\/wp-content\/uploads\/2018\/08\/abrazo-universidad-9-1024x682.jpeg 1024w, https:\/\/www.planbnoticias.com.ar\/wp-content\/uploads\/2018\/08\/abrazo-universidad-9-1170x780.jpeg 1170w, https:\/\/www.planbnoticias.com.ar\/wp-content\/uploads\/2018\/08\/abrazo-universidad-9-585x390.jpeg 585w, https:\/\/www.planbnoticias.com.ar\/wp-content\/uploads\/2018\/08\/abrazo-universidad-9-263x175.jpeg 263w\" sizes=\"(max-width: 1280px) 100vw, 1280px\" \/><\/p>\n<p>Cabe se\u00f1alar que desde el 6 de agosto, las y los docentes universitarios est\u00e1n de paro, en u conflicto invisibilizado por los medios masivos de comunicaci\u00f3n.<\/p>\n<p><img loading=\"lazy\" decoding=\"async\" class=\"alignnone size-full wp-image-131851\" src=\"http:\/\/www.planbnoticias.com.ar\/wp-content\/uploads\/2018\/08\/abrazo-unlpam3.jpg\" alt=\"\" width=\"1280\" height=\"853\" srcset=\"https:\/\/www.planbnoticias.com.ar\/wp-content\/uploads\/2018\/08\/abrazo-unlpam3.jpg 1280w, https:\/\/www.planbnoticias.com.ar\/wp-content\/uploads\/2018\/08\/abrazo-unlpam3-300x200.jpg 300w, https:\/\/www.planbnoticias.com.ar\/wp-content\/uploads\/2018\/08\/abrazo-unlpam3-768x512.jpg 768w, https:\/\/www.planbnoticias.com.ar\/wp-content\/uploads\/2018\/08\/abrazo-unlpam3-1024x682.jpg 1024w, https:\/\/www.planbnoticias.com.ar\/wp-content\/uploads\/2018\/08\/abrazo-unlpam3-1170x780.jpg 1170w, https:\/\/www.planbnoticias.com.ar\/wp-content\/uploads\/2018\/08\/abrazo-unlpam3-585x390.jpg 585w, https:\/\/www.planbnoticias.com.ar\/wp-content\/uploads\/2018\/08\/abrazo-unlpam3-263x175.jpg 263w\" sizes=\"(max-width: 1280px) 100vw, 1280px\" \/><\/p>\n<p>Adem\u00e1s, de los reclamos salariales y las paritarias inconclusas, las y los docentes advirtieron sobre la subejecuci\u00f3n de partidas presupuestarias, denunciando al gobierno nacional por la destrucci\u00f3n de la universidad p\u00fablica y gratuita.<\/p>\n<p><img loading=\"lazy\" decoding=\"async\" class=\"alignnone size-full wp-image-131853\" src=\"http:\/\/www.planbnoticias.com.ar\/wp-content\/uploads\/2018\/08\/abrazo-unlpam.jpg\" alt=\"\" width=\"1280\" height=\"853\" srcset=\"https:\/\/www.planbnoticias.com.ar\/wp-content\/uploads\/2018\/08\/abrazo-unlpam.jpg 1280w, https:\/\/www.planbnoticias.com.ar\/wp-content\/uploads\/2018\/08\/abrazo-unlpam-300x200.jpg 300w, https:\/\/www.planbnoticias.com.ar\/wp-content\/uploads\/2018\/08\/abrazo-unlpam-768x512.jpg 768w, https:\/\/www.planbnoticias.com.ar\/wp-content\/uploads\/2018\/08\/abrazo-unlpam-1024x682.jpg 1024w, https:\/\/www.planbnoticias.com.ar\/wp-content\/uploads\/2018\/08\/abrazo-unlpam-1170x780.jpg 1170w, https:\/\/www.planbnoticias.com.ar\/wp-content\/uploads\/2018\/08\/abrazo-unlpam-585x390.jpg 585w, https:\/\/www.planbnoticias.com.ar\/wp-content\/uploads\/2018\/08\/abrazo-unlpam-263x175.jpg 263w\" sizes=\"(max-width: 1280px) 100vw, 1280px\" \/><\/p>\n<p><img loading=\"lazy\" decoding=\"async\" class=\"alignnone size-full wp-image-131855\" src=\"http:\/\/www.planbnoticias.com.ar\/wp-content\/uploads\/2018\/08\/abrazo-unlpam4.jpg\" alt=\"\" width=\"1280\" height=\"853\" srcset=\"https:\/\/www.planbnoticias.com.ar\/wp-content\/uploads\/2018\/08\/abrazo-unlpam4.jpg 1280w, https:\/\/www.planbnoticias.com.ar\/wp-content\/uploads\/2018\/08\/abrazo-unlpam4-300x200.jpg 300w, https:\/\/www.planbnoticias.com.ar\/wp-content\/uploads\/2018\/08\/abrazo-unlpam4-768x512.jpg 768w, https:\/\/www.planbnoticias.com.ar\/wp-content\/uploads\/2018\/08\/abrazo-unlpam4-1024x682.jpg 1024w, https:\/\/www.planbnoticias.com.ar\/wp-content\/uploads\/2018\/08\/abrazo-unlpam4-1170x780.jpg 1170w, https:\/\/www.planbnoticias.com.ar\/wp-content\/uploads\/2018\/08\/abrazo-unlpam4-585x390.jpg 585w, https:\/\/www.planbnoticias.com.ar\/wp-content\/uploads\/2018\/08\/abrazo-unlpam4-263x175.jpg 263w\" sizes=\"(max-width: 1280px) 100vw, 1280px\" \/><\/p>\n","protected":false},"excerpt":{"rendered":"<p>La comunidad universitaria realiz\u00f3 un abrazo simb\u00f3lico a la Universidad, en reclamo de las partidas para funcionamiento de la casa de Altos Estudios y por aumento salarial para las y&hellip;<\/p>\n","protected":false},"author":3,"featured_media":131810,"comment_status":"closed","ping_status":"open","sticky":false,"template":"","format":"standard","meta":{"footnotes":""},"categories":[4,7,9,15],"tags":[],"class_list":["post-131801","post","type-post","status-publish","format-standard","has-post-thumbnail","hentry","category-ciudad","category-destacadas","category-gremiales","category-tapa"],"jetpack_featured_media_url":"https:\/\/www.planbnoticias.com.ar\/wp-content\/uploads\/2018\/08\/audisio-unlpam-2.jpeg","_links":{"self":[{"href":"https:\/\/www.planbnoticias.com.ar\/index.php\/wp-json\/wp\/v2\/posts\/131801","targetHints":{"allow":["GET"]}}],"collection":[{"href":"https:\/\/www.planbnoticias.com.ar\/index.php\/wp-json\/wp\/v2\/posts"}],"about":[{"href":"https:\/\/www.planbnoticias.com.ar\/index.php\/wp-json\/wp\/v2\/types\/post"}],"author":[{"embeddable":true,"href":"https:\/\/www.planbnoticias.com.ar\/index.php\/wp-json\/wp\/v2\/users\/3"}],"replies":[{"embeddable":true,"href":"https:\/\/www.planbnoticias.com.ar\/index.php\/wp-json\/wp\/v2\/comments?post=131801"}],"version-history":[{"count":5,"href":"https:\/\/www.planbnoticias.com.ar\/index.php\/wp-json\/wp\/v2\/posts\/131801\/revisions"}],"predecessor-version":[{"id":131856,"href":"https:\/\/www.planbnoticias.com.ar\/index.php\/wp-json\/wp\/v2\/posts\/131801\/revisions\/131856"}],"wp:featuredmedia":[{"embeddable":true,"href":"https:\/\/www.planbnoticias.com.ar\/index.php\/wp-json\/wp\/v2\/media\/131810"}],"wp:attachment":[{"href":"https:\/\/www.planbnoticias.com.ar\/index.php\/wp-json\/wp\/v2\/media?parent=131801"}],"wp:term":[{"taxonomy":"category","embeddable":true,"href":"https:\/\/www.planbnoticias.com.ar\/index.php\/wp-json\/wp\/v2\/categories?post=131801"},{"taxonomy":"post_tag","embeddable":true,"href":"https:\/\/www.planbnoticias.com.ar\/index.php\/wp-json\/wp\/v2\/tags?post=131801"}],"curies":[{"name":"wp","href":"https:\/\/api.w.org\/{rel}","templated":true}]}}