{"id":162711,"date":"2019-03-11T07:30:18","date_gmt":"2019-03-11T10:30:18","guid":{"rendered":"http:\/\/www.planbnoticias.com.ar\/?p=162711"},"modified":"2019-03-11T07:48:34","modified_gmt":"2019-03-11T10:48:34","slug":"8m-la-plaza-de-pichi-huinca-paso-a-llamarse-mujeres-del-pueblo","status":"publish","type":"post","link":"https:\/\/www.planbnoticias.com.ar\/index.php\/2019\/03\/11\/8m-la-plaza-de-pichi-huinca-paso-a-llamarse-mujeres-del-pueblo\/","title":{"rendered":"8M: la plaza de Pichi Huinca pas\u00f3 a llamarse \u201cMujeres del Pueblo\u201d"},"content":{"rendered":"<p><img fetchpriority=\"high\" decoding=\"async\" class=\"alignnone size-full wp-image-162714\" src=\"http:\/\/www.planbnoticias.com.ar\/wp-content\/uploads\/2019\/03\/tamboras-del-viento-1.jpeg\" alt=\"\" width=\"960\" height=\"640\" srcset=\"https:\/\/www.planbnoticias.com.ar\/wp-content\/uploads\/2019\/03\/tamboras-del-viento-1.jpeg 960w, https:\/\/www.planbnoticias.com.ar\/wp-content\/uploads\/2019\/03\/tamboras-del-viento-1-300x200.jpeg 300w, https:\/\/www.planbnoticias.com.ar\/wp-content\/uploads\/2019\/03\/tamboras-del-viento-1-768x512.jpeg 768w, https:\/\/www.planbnoticias.com.ar\/wp-content\/uploads\/2019\/03\/tamboras-del-viento-1-585x390.jpeg 585w, https:\/\/www.planbnoticias.com.ar\/wp-content\/uploads\/2019\/03\/tamboras-del-viento-1-263x175.jpeg 263w\" sizes=\"(max-width: 960px) 100vw, 960px\" \/><\/p>\n<p>La agrupaci\u00f3n feminista Tamboras Del Viento particip\u00f3 de las actividades que se realizaron en la localidad en el marco del D\u00eda Internacional de la Mujer Trabajadora.<\/p>\n<p>\u201cEste a\u00f1o tuvimos una invitaci\u00f3n de la Comisi\u00f3n de Fomento, \u00c1rea de Cultura, de Desarrollo Social y \u00c1rea de la Mujer de Pichi Huinca. Grata fue la sorpresa al encontrarnos con un hermoso y diverso grupo de mujeres.\u00a0 Una comunidad con mucha iniciativa\u201d, indicaron en un parte de prensa en el que informaron que \u201cdesde ayer la Plaza se llama \u2018Mujeres del Pueblo\u2019\u201d.<br \/>\n<script async src=\"\/\/pagead2.googlesyndication.com\/pagead\/js\/adsbygoogle.js\"><\/script><br \/>\n<!-- Publi m\u00f3vil interior nota --><br \/>\n<ins class=\"adsbygoogle\" style=\"display: inline-block; width: 320px; height: 100px;\" data-ad-client=\"ca-pub-7250018434179914\" data-ad-slot=\"1040343543\"><\/ins><br \/>\n<script>\n(adsbygoogle = window.adsbygoogle || []).push({});\n<\/script><\/p>\n<p>Adem\u00e1s se inaugur\u00f3 un monumento a la Mujer y se instal\u00f3 un banco rojo en memoria de todas las mujeres asesinadas por quienes dijeron amarlas.<\/p>\n<p>\u201cCada vez somos y seremos m\u00e1s. Y tambi\u00e9n seremos m\u00e1s fuertes, m\u00e1s luchadoras, m\u00e1s seguras de qui\u00e9nes somos y lo que podemos hacer por nuestros derechos, los de nuestras hijas y j\u00f3venes\u201d, agregaron.<\/p>\n<p><img decoding=\"async\" class=\"alignnone size-full wp-image-162712\" src=\"http:\/\/www.planbnoticias.com.ar\/wp-content\/uploads\/2019\/03\/tamboras-del-viento-3.jpeg\" alt=\"\" width=\"960\" height=\"640\" srcset=\"https:\/\/www.planbnoticias.com.ar\/wp-content\/uploads\/2019\/03\/tamboras-del-viento-3.jpeg 960w, https:\/\/www.planbnoticias.com.ar\/wp-content\/uploads\/2019\/03\/tamboras-del-viento-3-300x200.jpeg 300w, https:\/\/www.planbnoticias.com.ar\/wp-content\/uploads\/2019\/03\/tamboras-del-viento-3-768x512.jpeg 768w, https:\/\/www.planbnoticias.com.ar\/wp-content\/uploads\/2019\/03\/tamboras-del-viento-3-585x390.jpeg 585w, https:\/\/www.planbnoticias.com.ar\/wp-content\/uploads\/2019\/03\/tamboras-del-viento-3-263x175.jpeg 263w\" sizes=\"(max-width: 960px) 100vw, 960px\" \/><\/p>\n<p>\u201cLa propuesta de Tamboras fue llevar a cabo un intercambio dialogando sobre las diversas situaciones que nos atraviesan a las mujeres y sobre el feminismo.\u00a0 Debatimos sobre la importancia de la ESI en las escuelas, sobre la ILE (Interrupci\u00f3n Legal del Embarazo) y las leyes vigentes\u201d, a\u00f1adieron.<\/p>\n<p>A trav\u00e9s de un video \u201cles contamos de nuestras intervenciones, acciones y luchas. Instalamos una muestra de fotograf\u00edas y la muestra de Los Zapatos Rojos que las mujeres presentes recorrieron con entusiasmo cerrando la jornada con nuestra cl\u00e1sica tocata con tambores que latieron tan fuertes como nuestros corazones\u201d, finalizaron.<\/p>\n<p><img decoding=\"async\" class=\"alignnone size-full wp-image-162713\" src=\"http:\/\/www.planbnoticias.com.ar\/wp-content\/uploads\/2019\/03\/tamboras-del-viento-2.jpeg\" alt=\"\" width=\"960\" height=\"640\" srcset=\"https:\/\/www.planbnoticias.com.ar\/wp-content\/uploads\/2019\/03\/tamboras-del-viento-2.jpeg 960w, https:\/\/www.planbnoticias.com.ar\/wp-content\/uploads\/2019\/03\/tamboras-del-viento-2-300x200.jpeg 300w, https:\/\/www.planbnoticias.com.ar\/wp-content\/uploads\/2019\/03\/tamboras-del-viento-2-768x512.jpeg 768w, https:\/\/www.planbnoticias.com.ar\/wp-content\/uploads\/2019\/03\/tamboras-del-viento-2-585x390.jpeg 585w, https:\/\/www.planbnoticias.com.ar\/wp-content\/uploads\/2019\/03\/tamboras-del-viento-2-263x175.jpeg 263w\" sizes=\"(max-width: 960px) 100vw, 960px\" \/><\/p>\n","protected":false},"excerpt":{"rendered":"<p>La agrupaci\u00f3n feminista Tamboras Del Viento particip\u00f3 de las actividades que se realizaron en la localidad en el marco del D\u00eda Internacional de la Mujer Trabajadora. \u201cEste a\u00f1o tuvimos una&hellip;<\/p>\n","protected":false},"author":2,"featured_media":162714,"comment_status":"closed","ping_status":"open","sticky":false,"template":"","format":"standard","meta":{"footnotes":""},"categories":[13],"tags":[],"class_list":["post-162711","post","type-post","status-publish","format-standard","has-post-thumbnail","hentry","category-provincia"],"jetpack_featured_media_url":"https:\/\/www.planbnoticias.com.ar\/wp-content\/uploads\/2019\/03\/tamboras-del-viento-1.jpeg","_links":{"self":[{"href":"https:\/\/www.planbnoticias.com.ar\/index.php\/wp-json\/wp\/v2\/posts\/162711","targetHints":{"allow":["GET"]}}],"collection":[{"href":"https:\/\/www.planbnoticias.com.ar\/index.php\/wp-json\/wp\/v2\/posts"}],"about":[{"href":"https:\/\/www.planbnoticias.com.ar\/index.php\/wp-json\/wp\/v2\/types\/post"}],"author":[{"embeddable":true,"href":"https:\/\/www.planbnoticias.com.ar\/index.php\/wp-json\/wp\/v2\/users\/2"}],"replies":[{"embeddable":true,"href":"https:\/\/www.planbnoticias.com.ar\/index.php\/wp-json\/wp\/v2\/comments?post=162711"}],"version-history":[{"count":2,"href":"https:\/\/www.planbnoticias.com.ar\/index.php\/wp-json\/wp\/v2\/posts\/162711\/revisions"}],"predecessor-version":[{"id":162727,"href":"https:\/\/www.planbnoticias.com.ar\/index.php\/wp-json\/wp\/v2\/posts\/162711\/revisions\/162727"}],"wp:featuredmedia":[{"embeddable":true,"href":"https:\/\/www.planbnoticias.com.ar\/index.php\/wp-json\/wp\/v2\/media\/162714"}],"wp:attachment":[{"href":"https:\/\/www.planbnoticias.com.ar\/index.php\/wp-json\/wp\/v2\/media?parent=162711"}],"wp:term":[{"taxonomy":"category","embeddable":true,"href":"https:\/\/www.planbnoticias.com.ar\/index.php\/wp-json\/wp\/v2\/categories?post=162711"},{"taxonomy":"post_tag","embeddable":true,"href":"https:\/\/www.planbnoticias.com.ar\/index.php\/wp-json\/wp\/v2\/tags?post=162711"}],"curies":[{"name":"wp","href":"https:\/\/api.w.org\/{rel}","templated":true}]}}