{"id":180338,"date":"2019-07-05T09:56:50","date_gmt":"2019-07-05T12:56:50","guid":{"rendered":"http:\/\/www.planbnoticias.com.ar\/?p=180338"},"modified":"2019-07-05T09:56:50","modified_gmt":"2019-07-05T12:56:50","slug":"registraron-132-femicidios-en-el-primer-semestre-del-ano","status":"publish","type":"post","link":"https:\/\/www.planbnoticias.com.ar\/index.php\/2019\/07\/05\/registraron-132-femicidios-en-el-primer-semestre-del-ano\/","title":{"rendered":"Registraron 132 Femicidios en el primer semestre del a\u00f1o"},"content":{"rendered":"<p><img fetchpriority=\"high\" decoding=\"async\" class=\"alignnone size-full wp-image-180339\" src=\"http:\/\/www.planbnoticias.com.ar\/wp-content\/uploads\/2019\/07\/mumala-rosario-1200x832_c.jpg\" alt=\"\" width=\"1200\" height=\"832\" \/><\/p>\n<p>De acuerdo al relevamiento realizado por el \u00abObservatorio MuMaL\u00e1. Mujeres, Disidencias, Derechos\u00bb, que se realiza a partir de medios gr\u00e1ficos y digitales de todo el pa\u00eds, se registraron desde el 1 de enero al 30 de junio de 2019 hubo 132 femicidios. Una mujer es asesinada cada 33hs, como consecuencia de la violencia machista.<\/p>\n<p>Seg\u00fan el relevamiento, la provincia de Chubut es la que presenta la tasa m\u00e1s alta de femicidios del pa\u00eds, con 1,97. Le siguen Chaco con 1,65, Catamarca con 1,45, Formosa con 1,3 y La Pampa con 1,2, dato obtenido por v\u00edctimas cada 100.000 mujeres, mujeres trans y travestis.<\/p>\n<p><script async src=\"\/\/\"><\/script><br \/>\n<!-- Publi m\u00f3vil interior nota --><br \/>\n<ins class=\"adsbygoogle\" style=\"display: inline-block; width: 320px; height: 100px;\" data-ad-client=\"ca-pub-7250018434179914\" data-ad-slot=\"1040343543\"><\/ins><br \/>\n<script>\n(adsbygoogle = window.adsbygoogle || []).push({});\n<\/script><\/p>\n<p>Desde MuMaL\u00e1 (Mujeres de la Matria Latinoamericana) exigen al Estado Nacional la declaraci\u00f3n de emergencia por violencia machista, se\u00f1ala la nota publicada por ANRed.<\/p>\n<p>\u00abEs de car\u00e1cter urgente que se tomen medidas concretas y efectivas para la prevenci\u00f3n, asistencia y erradicaci\u00f3n de las violencias contra las mujeres e identidades disidentes.\u00bb expresaron<\/p>\n<p>Agregaron que \u00abante la agravante situaci\u00f3n que atravesamos no se obtuvieron respuestas por parte del gobierno de Mauricio Macri, como as\u00ed tampoco de las instituciones encargadas\u00a0 de ejecutar pol\u00edticas p\u00fablicas para abordar esta problem\u00e1tica. De igual manera suced\u00eda en el Gobierno anterior que no tuvieron la decisi\u00f3n pol\u00edtica de hacerle frente a esta problem\u00e1tica.\u00bb<\/p>\n<p><strong>Datos<\/strong><\/p>\n<p><strong>Tasa de femicidios por provincia<\/strong><\/p>\n<p><img decoding=\"async\" class=\"alignnone size-full wp-image-180341\" src=\"http:\/\/www.planbnoticias.com.ar\/wp-content\/uploads\/2019\/07\/REGISTRO-2019-ENERO-JUNIO-tasa-por-prov.jpg\" alt=\"\" width=\"1000\" height=\"1281\" srcset=\"https:\/\/www.planbnoticias.com.ar\/wp-content\/uploads\/2019\/07\/REGISTRO-2019-ENERO-JUNIO-tasa-por-prov.jpg 1000w, https:\/\/www.planbnoticias.com.ar\/wp-content\/uploads\/2019\/07\/REGISTRO-2019-ENERO-JUNIO-tasa-por-prov-234x300.jpg 234w, https:\/\/www.planbnoticias.com.ar\/wp-content\/uploads\/2019\/07\/REGISTRO-2019-ENERO-JUNIO-tasa-por-prov-768x984.jpg 768w, https:\/\/www.planbnoticias.com.ar\/wp-content\/uploads\/2019\/07\/REGISTRO-2019-ENERO-JUNIO-tasa-por-prov-799x1024.jpg 799w, https:\/\/www.planbnoticias.com.ar\/wp-content\/uploads\/2019\/07\/REGISTRO-2019-ENERO-JUNIO-tasa-por-prov-585x749.jpg 585w\" sizes=\"(max-width: 1000px) 100vw, 1000px\" \/><\/p>\n<p>MuMaL\u00e1 es la agrupaci\u00f3n feminista que integra el El Movimiento Libres del Surm que se siente parte de las luchas que el pueblo argentino y los latinoamericanos han librado contra toda dominaci\u00f3n e injusticia.<\/p>\n<p>\u201cNos sentimos orgullosos de la resistencia de los pueblos originarios al colonialismo, de los patriotas de Mayo, del General San Mart\u00edn y los soldados de la Independencia, de entre ellos nuestra Generala Juana Azurduy; de Sim\u00f3n Bol\u00edvar y Jos\u00e9 Gervasio Artigas; como as\u00ed tambi\u00e9n de los gauchos federales en su desigual batalla contra el centralismo porte\u00f1o. Admiramos la heroica gesta de nuestros obreros y obreras de principios de siglo, y la de los chacareros y arrendatarios del Grito de Alcorta. Nos sentimos representados en la lucha del radicalismo Yrigoyenista contra el r\u00e9gimen conservador, como as\u00ed tambi\u00e9n por el peronismo del 17 de Octubre y Evita\u201d, indicaron.<\/p>\n<p><img decoding=\"async\" class=\"alignnone size-full wp-image-180340\" src=\"http:\/\/www.planbnoticias.com.ar\/wp-content\/uploads\/2019\/07\/REGISTRO-2019-ENERO-JUNIO-1.jpg\" alt=\"\" width=\"1000\" height=\"1414\" srcset=\"https:\/\/www.planbnoticias.com.ar\/wp-content\/uploads\/2019\/07\/REGISTRO-2019-ENERO-JUNIO-1.jpg 1000w, https:\/\/www.planbnoticias.com.ar\/wp-content\/uploads\/2019\/07\/REGISTRO-2019-ENERO-JUNIO-1-212x300.jpg 212w, https:\/\/www.planbnoticias.com.ar\/wp-content\/uploads\/2019\/07\/REGISTRO-2019-ENERO-JUNIO-1-768x1086.jpg 768w, https:\/\/www.planbnoticias.com.ar\/wp-content\/uploads\/2019\/07\/REGISTRO-2019-ENERO-JUNIO-1-724x1024.jpg 724w, https:\/\/www.planbnoticias.com.ar\/wp-content\/uploads\/2019\/07\/REGISTRO-2019-ENERO-JUNIO-1-585x827.jpg 585w\" sizes=\"(max-width: 1000px) 100vw, 1000px\" \/><\/p>\n","protected":false},"excerpt":{"rendered":"<p>De acuerdo al relevamiento realizado por el \u00abObservatorio MuMaL\u00e1. Mujeres, Disidencias, Derechos\u00bb, que se realiza a partir de medios gr\u00e1ficos y digitales de todo el pa\u00eds, se registraron desde el&hellip;<\/p>\n","protected":false},"author":3,"featured_media":180342,"comment_status":"closed","ping_status":"open","sticky":false,"template":"","format":"standard","meta":{"footnotes":""},"categories":[12],"tags":[],"class_list":["post-180338","post","type-post","status-publish","format-standard","has-post-thumbnail","hentry","category-pais"],"jetpack_featured_media_url":"https:\/\/www.planbnoticias.com.ar\/wp-content\/uploads\/2019\/07\/REGISTRO-2019-ENERO-JUNIO-1-1.jpg","_links":{"self":[{"href":"https:\/\/www.planbnoticias.com.ar\/index.php\/wp-json\/wp\/v2\/posts\/180338","targetHints":{"allow":["GET"]}}],"collection":[{"href":"https:\/\/www.planbnoticias.com.ar\/index.php\/wp-json\/wp\/v2\/posts"}],"about":[{"href":"https:\/\/www.planbnoticias.com.ar\/index.php\/wp-json\/wp\/v2\/types\/post"}],"author":[{"embeddable":true,"href":"https:\/\/www.planbnoticias.com.ar\/index.php\/wp-json\/wp\/v2\/users\/3"}],"replies":[{"embeddable":true,"href":"https:\/\/www.planbnoticias.com.ar\/index.php\/wp-json\/wp\/v2\/comments?post=180338"}],"version-history":[{"count":1,"href":"https:\/\/www.planbnoticias.com.ar\/index.php\/wp-json\/wp\/v2\/posts\/180338\/revisions"}],"predecessor-version":[{"id":180343,"href":"https:\/\/www.planbnoticias.com.ar\/index.php\/wp-json\/wp\/v2\/posts\/180338\/revisions\/180343"}],"wp:featuredmedia":[{"embeddable":true,"href":"https:\/\/www.planbnoticias.com.ar\/index.php\/wp-json\/wp\/v2\/media\/180342"}],"wp:attachment":[{"href":"https:\/\/www.planbnoticias.com.ar\/index.php\/wp-json\/wp\/v2\/media?parent=180338"}],"wp:term":[{"taxonomy":"category","embeddable":true,"href":"https:\/\/www.planbnoticias.com.ar\/index.php\/wp-json\/wp\/v2\/categories?post=180338"},{"taxonomy":"post_tag","embeddable":true,"href":"https:\/\/www.planbnoticias.com.ar\/index.php\/wp-json\/wp\/v2\/tags?post=180338"}],"curies":[{"name":"wp","href":"https:\/\/api.w.org\/{rel}","templated":true}]}}