{"id":195713,"date":"2019-10-27T09:03:26","date_gmt":"2019-10-27T12:03:26","guid":{"rendered":"http:\/\/www.planbnoticias.com.ar\/?p=195713"},"modified":"2019-10-27T09:03:26","modified_gmt":"2019-10-27T12:03:26","slug":"luis-solana-no-hay-un-sector-de-la-sociedad-que-haya-sido-beneficiado-por-este-gobierno","status":"publish","type":"post","link":"https:\/\/www.planbnoticias.com.ar\/index.php\/2019\/10\/27\/luis-solana-no-hay-un-sector-de-la-sociedad-que-haya-sido-beneficiado-por-este-gobierno\/","title":{"rendered":"Luis Solana: \u201cno hay un sector de la sociedad que haya sido beneficiado por este gobierno\u201d"},"content":{"rendered":"<p><img fetchpriority=\"high\" decoding=\"async\" class=\"alignnone size-full wp-image-195714\" src=\"http:\/\/www.planbnoticias.com.ar\/wp-content\/uploads\/2019\/10\/luis-solana.jpeg\" alt=\"\" width=\"1040\" height=\"780\" srcset=\"https:\/\/www.planbnoticias.com.ar\/wp-content\/uploads\/2019\/10\/luis-solana.jpeg 1040w, https:\/\/www.planbnoticias.com.ar\/wp-content\/uploads\/2019\/10\/luis-solana-300x225.jpeg 300w, https:\/\/www.planbnoticias.com.ar\/wp-content\/uploads\/2019\/10\/luis-solana-768x576.jpeg 768w, https:\/\/www.planbnoticias.com.ar\/wp-content\/uploads\/2019\/10\/luis-solana-1024x768.jpeg 1024w, https:\/\/www.planbnoticias.com.ar\/wp-content\/uploads\/2019\/10\/luis-solana-585x439.jpeg 585w\" sizes=\"(max-width: 1040px) 100vw, 1040px\" \/><\/p>\n<p>El legislador por el socialismo y candidato por Consenso Federal opin\u00f3 que no habr\u00e1 balotaje y afirm\u00f3 que el resultado electoral permtir\u00e1 \u201cterminar con la incertidumbre, de que la cosa puede seguir siendo peor\u201d.<\/p>\n<p>El legislador provincial por el socialismo, Luis Solana, vot\u00f3 pasadas las 8,30 horas en la Escuela 219 de la capital pampeana.<\/p>\n<p><script async src=\"\/\/\"><\/script><br \/>\n<!-- Publi m\u00f3vil interior nota --><br \/>\n<ins class=\"adsbygoogle\" style=\"display: inline-block; width: 320px; height: 100px;\" data-ad-client=\"ca-pub-7250018434179914\" data-ad-slot=\"1040343543\"><\/ins><br \/>\n<script>\n(adsbygoogle = window.adsbygoogle || []).push({});\n<\/script><\/p>\n<p>En di\u00e1logo con Plan B, el candidato a diputado nacional por Consenso Federal, evalu\u00f3 que \u201cluego de las PASO, donde claramente el gobierno perdi\u00f3 con un resultado irremediable, nos permite a nosotros tener la expectativa de crecer, de consolidarnos como una fuerza pol\u00edtica que puede incidir en algunas determinaciones del pr\u00f3ximo gobierno\u201d.<\/p>\n<p>Consultado sobre c\u00f3mo ser\u00e1 el pa\u00eds, Solana defini\u00f3 un panorama complejo. \u201cEstamos votando hoy y es la \u00faltima de las instancias electorales porque balotaje no va a haber, donde no hay un solo sector de la sociedad que se haya visto beneficiado con las pol\u00edticas del gobierno\u201d, dijo.<\/p>\n<p>\u201cNo hay un sector de la econom\u00eda, ni de los trabajadores, de los jubilados. No hay sector social y econ\u00f3mico beneficiado, con la excepci\u00f3n de los sectores que han venido gestionando el sistema financiero: bancos, exportadores, especuladores del pa\u00eds\u201d, agreg\u00f3.<\/p>\n<p><img decoding=\"async\" class=\"alignnone size-full wp-image-195716\" src=\"http:\/\/www.planbnoticias.com.ar\/wp-content\/uploads\/2019\/10\/luis-solana-3.jpeg\" alt=\"\" width=\"1040\" height=\"780\" srcset=\"https:\/\/www.planbnoticias.com.ar\/wp-content\/uploads\/2019\/10\/luis-solana-3.jpeg 1040w, https:\/\/www.planbnoticias.com.ar\/wp-content\/uploads\/2019\/10\/luis-solana-3-300x225.jpeg 300w, https:\/\/www.planbnoticias.com.ar\/wp-content\/uploads\/2019\/10\/luis-solana-3-768x576.jpeg 768w, https:\/\/www.planbnoticias.com.ar\/wp-content\/uploads\/2019\/10\/luis-solana-3-1024x768.jpeg 1024w, https:\/\/www.planbnoticias.com.ar\/wp-content\/uploads\/2019\/10\/luis-solana-3-585x439.jpeg 585w\" sizes=\"(max-width: 1040px) 100vw, 1040px\" \/><\/p>\n<p><strong>\u2014\u00bfPor qu\u00e9 dec\u00eds que no hay balotaje?<\/strong><\/p>\n<p>\u2014La diferencia fue abrumadora, despu\u00e9s de las PASO hubo una serie de acciones del oficialismo nacional para remediar esto y la verdad que fue todo contraprudecente, con una serie de medidas que no se vieron en efectos pr\u00e1cticos de sus pretensiones y adem\u00e1s de eso, hubo una campa\u00f1a de quienes quer\u00edan sostener que este gobierno entre al balotaje, se escondieron todos.<\/p>\n<p><strong>\u2014\u00bfTienen fiscales para toda La Pampa?<\/strong><\/p>\n<p>\u2014S\u00ed, con excepci\u00f3n de algunas localidades, hemos logrado la fiscalizaci\u00f3n completa.<\/p>\n<p><strong>\u2014\u00bfQu\u00e9 se pone en juego en la elecci\u00f3n?<\/strong><\/p>\n<p>\u2014Se pone en juego terminar con la incertidumbre, con esa expectativa de que la cosa puede seguir siendo peor. Venimos de hace cuatro a\u00f1os con cada instancia que todo es peor mes a mes, cuarenta y ocho meses de gobierno que han sido peores en cada uno de los meses que avanzan. Con lo cual, hay que desacelerar la profundidad de la crisis, terminar con estas consecuencias sociales tremendas de esta pol\u00edtica econ\u00f3mica y una vez desacelerado, hay que convocar a un gobierno de unidad, a una mesa donde est\u00e9n todos los actores de la sociedad y ver c\u00f3mo comenzamos\u00a0 una etapa virtuosa de crecimiento, desarrollo para el pa\u00eds.<\/p>\n<p><strong>\u2014\u00bfSer\u00edas parte de este proyecto?<\/strong><\/p>\n<p>\u2014El socialismo va a aportar todo lo que haga bien al pa\u00eds. Ah\u00ed vamos a estar poniendo el esfuerzo. Por supuesto, hay que ver cu\u00e1l es la apertura. En las etapas de campa\u00f1a, todos son estadistas y democr\u00e1ticos, pero en las etapas de gobierno, ya lo vimos, se cierran en su s\u00e9quito y complica mucho gestionar el pa\u00eds.<\/p>\n<p><strong>\u2014\u00bfEl gobierno dijo que a la medianoche estar\u00edan los resultados, c\u00faal es tu opini\u00f3n en referencia a Starmatic?<\/strong><\/p>\n<p>\u2014Nosotros, el Partido Socialista La Pampa, tenemos un sistema donde siete y media vamos a tener el resultado, faltar\u00e1 alg\u00fan detalle. Yo creo que hoy a las 20 o 21 horas, se puede anunciar un resultado con un 99% de confianza en c\u00f3mo saldr\u00e1 esta contienda electoral.<\/p>\n<p><img decoding=\"async\" class=\"alignnone size-full wp-image-195715\" src=\"http:\/\/www.planbnoticias.com.ar\/wp-content\/uploads\/2019\/10\/luis-solana-2.jpeg\" alt=\"\" width=\"1040\" height=\"780\" srcset=\"https:\/\/www.planbnoticias.com.ar\/wp-content\/uploads\/2019\/10\/luis-solana-2.jpeg 1040w, https:\/\/www.planbnoticias.com.ar\/wp-content\/uploads\/2019\/10\/luis-solana-2-300x225.jpeg 300w, https:\/\/www.planbnoticias.com.ar\/wp-content\/uploads\/2019\/10\/luis-solana-2-768x576.jpeg 768w, https:\/\/www.planbnoticias.com.ar\/wp-content\/uploads\/2019\/10\/luis-solana-2-1024x768.jpeg 1024w, https:\/\/www.planbnoticias.com.ar\/wp-content\/uploads\/2019\/10\/luis-solana-2-585x439.jpeg 585w\" sizes=\"(max-width: 1040px) 100vw, 1040px\" \/><\/p>\n","protected":false},"excerpt":{"rendered":"<p>El legislador por el socialismo y candidato por Consenso Federal opin\u00f3 que no habr\u00e1 balotaje y afirm\u00f3 que el resultado electoral permtir\u00e1 \u201cterminar con la incertidumbre, de que la cosa&hellip;<\/p>\n","protected":false},"author":3,"featured_media":195714,"comment_status":"closed","ping_status":"open","sticky":false,"template":"","format":"standard","meta":{"footnotes":""},"categories":[4,13],"tags":[],"class_list":["post-195713","post","type-post","status-publish","format-standard","has-post-thumbnail","hentry","category-ciudad","category-provincia"],"jetpack_featured_media_url":"https:\/\/www.planbnoticias.com.ar\/wp-content\/uploads\/2019\/10\/luis-solana.jpeg","_links":{"self":[{"href":"https:\/\/www.planbnoticias.com.ar\/index.php\/wp-json\/wp\/v2\/posts\/195713","targetHints":{"allow":["GET"]}}],"collection":[{"href":"https:\/\/www.planbnoticias.com.ar\/index.php\/wp-json\/wp\/v2\/posts"}],"about":[{"href":"https:\/\/www.planbnoticias.com.ar\/index.php\/wp-json\/wp\/v2\/types\/post"}],"author":[{"embeddable":true,"href":"https:\/\/www.planbnoticias.com.ar\/index.php\/wp-json\/wp\/v2\/users\/3"}],"replies":[{"embeddable":true,"href":"https:\/\/www.planbnoticias.com.ar\/index.php\/wp-json\/wp\/v2\/comments?post=195713"}],"version-history":[{"count":1,"href":"https:\/\/www.planbnoticias.com.ar\/index.php\/wp-json\/wp\/v2\/posts\/195713\/revisions"}],"predecessor-version":[{"id":195717,"href":"https:\/\/www.planbnoticias.com.ar\/index.php\/wp-json\/wp\/v2\/posts\/195713\/revisions\/195717"}],"wp:featuredmedia":[{"embeddable":true,"href":"https:\/\/www.planbnoticias.com.ar\/index.php\/wp-json\/wp\/v2\/media\/195714"}],"wp:attachment":[{"href":"https:\/\/www.planbnoticias.com.ar\/index.php\/wp-json\/wp\/v2\/media?parent=195713"}],"wp:term":[{"taxonomy":"category","embeddable":true,"href":"https:\/\/www.planbnoticias.com.ar\/index.php\/wp-json\/wp\/v2\/categories?post=195713"},{"taxonomy":"post_tag","embeddable":true,"href":"https:\/\/www.planbnoticias.com.ar\/index.php\/wp-json\/wp\/v2\/tags?post=195713"}],"curies":[{"name":"wp","href":"https:\/\/api.w.org\/{rel}","templated":true}]}}