{"id":206423,"date":"2020-01-17T10:56:38","date_gmt":"2020-01-17T13:56:38","guid":{"rendered":"http:\/\/www.planbnoticias.com.ar\/?p=206423"},"modified":"2020-01-17T10:56:38","modified_gmt":"2020-01-17T13:56:38","slug":"edgardo-depetri-fue-designado-en-el-ministerio-de-obras-publicas","status":"publish","type":"post","link":"https:\/\/www.planbnoticias.com.ar\/index.php\/2020\/01\/17\/edgardo-depetri-fue-designado-en-el-ministerio-de-obras-publicas\/","title":{"rendered":"Edgardo Depetri fue designado en el Ministerio de Obras P\u00fablicas"},"content":{"rendered":"<div><img fetchpriority=\"high\" decoding=\"async\" class=\"alignnone size-full wp-image-206424\" src=\"http:\/\/www.planbnoticias.com.ar\/wp-content\/uploads\/2020\/01\/edgardo-depetri-dirigente.jpg\" alt=\"\" width=\"1200\" height=\"675\" srcset=\"https:\/\/www.planbnoticias.com.ar\/wp-content\/uploads\/2020\/01\/edgardo-depetri-dirigente.jpg 1200w, https:\/\/www.planbnoticias.com.ar\/wp-content\/uploads\/2020\/01\/edgardo-depetri-dirigente-300x169.jpg 300w, https:\/\/www.planbnoticias.com.ar\/wp-content\/uploads\/2020\/01\/edgardo-depetri-dirigente-768x432.jpg 768w, https:\/\/www.planbnoticias.com.ar\/wp-content\/uploads\/2020\/01\/edgardo-depetri-dirigente-1024x576.jpg 1024w, https:\/\/www.planbnoticias.com.ar\/wp-content\/uploads\/2020\/01\/edgardo-depetri-dirigente-1170x658.jpg 1170w, https:\/\/www.planbnoticias.com.ar\/wp-content\/uploads\/2020\/01\/edgardo-depetri-dirigente-585x329.jpg 585w\" sizes=\"(max-width: 1200px) 100vw, 1200px\" \/><\/div>\n<div><\/div>\n<div class=\"post-entry-summary\">El dirigente del Frente Transveral se suma a la cartera que dirige Gabriel Katapodis.<\/div>\n<div><\/div>\n<div>\n<p><script async src=\"\/\/pagead2.googlesyndication.com\/pagead\/js\/adsbygoogle.js\"><\/script><br \/>\n<!-- Publi m\u00f3vil interior nota --><br \/>\n<ins class=\"adsbygoogle\" style=\"display: inline-block; width: 320px; height: 100px;\" data-ad-client=\"ca-pub-7250018434179914\" data-ad-slot=\"1040343543\"><\/ins><br \/>\n<script>\n(adsbygoogle = window.adsbygoogle || []).push({});\n<\/script><\/p>\n<\/div>\n<div>\n<p>El dirigente social Edgardo Depetri desembarc\u00f3 en el Ministerio de Obras P\u00fablicas, mediante el decreto 68\/2020, que lo designa subsecretario de Ejecuci\u00f3n de Obra P\u00fablica. Esta cartera est\u00e1 dirigida por el exintendente de San Mart\u00edn, Gabriel Katapodis, quien, en los \u00faltimos d\u00edas, arremeti\u00f3 contra el Gobierno anterior, por el estado en el que encontr\u00f3 el organismo que gestionar\u00e1.<\/p>\n<p>El presidente Alberto Fern\u00e1ndez y el jefe de Gabinete, Santiago Cafiero, deomostraron que tienen una fluida relaci\u00f3n con dirigentes de organizaciones sociales. Depetri, se suma a una larga lista de l\u00edderes piqueteros que ingresaron al Estado, mediante cargos importantes. Un caso emblem\u00e1tico es el de Emilio P\u00e9rsico, secretario general del Movimiento Evita, que fue designado secretario de Econom\u00eda Social, una dependencia del ministerio de Desarrollo Social, clave para aplicar el plan Argentina contra el Hambre.<\/p>\n<p>Depetri es dirigente nacional del Frente Transversal Nacional y Popular, una de las organizaciones piqueteras m\u00e1s leales al kirchnerismo. Fue concejal de Lan\u00fas y se present\u00f3 como candidato por el Frente de Todos en los comicios de octubre, donde perdi\u00f3 con Nestor Grindetti de Juntos por el Cambio, quien fue reelegido por otro periodo al frente de la intendencia de Lanus.<\/p>\n<p>A pesar de ese traspi\u00e9, demostr\u00f3 que tiene una fuerte vocaci\u00f3n pol\u00edtica. Ya tuvo reuniones con Mario Cafiero, t\u00edo del jefe de Gabinete, y titular del Instituto Nacional de Asociativismo y Econom\u00eda Nacional (INAES), para coordinar las tareas con vista a la implementaci\u00f3n de pol\u00edticas que favorezcan el trabajo de las cooperativas en el \u00e1mbito de la obra p\u00fablica.<\/p>\n<p>El nuevo subsecretario de la cartera de Katapodis manifest\u00f3 que \u201cel valor agregado que el trabajo asociado trae a las comunidades y el impulso al mercado interno que generan las entidades de la econom\u00eda social y solidaria\u201d. El dirigente social demuestra que tiene una visi\u00f3n muy similar a la del presidente de la Naci\u00f3n, quien busca afianzar el mercado interno y, con ello, favorecer a los sectores m\u00e1s vulnerables de la Argentina.<\/p>\n<p>Como bien plante\u00f3 Fern\u00e1ndez, el pa\u00eds necesita un gran consenso, ya que la situaci\u00f3n econ\u00f3mica y social es cr\u00edtica. Depetri, junto a Mario Cafiero, analiz\u00f3 datos estad\u00edsticos que maneja Arroyo y que a \u00e9l no le son lejanos: en el pa\u00eds, el 60% de los ni\u00f1os y adolescentes es pobre. La pobreza general alcanza a un 40% de los ciudadanos y un mill\u00f3n y medio de j\u00f3venes no estudia ni trabaja. A esto se le suma una marcada baja del consumo de leche y un 20% m\u00e1s de gente que asiste a los comedores debido a los altos costos de los alimentos.<\/p>\n<\/div>\n","protected":false},"excerpt":{"rendered":"<p>El dirigente del Frente Transveral se suma a la cartera que dirige Gabriel Katapodis. El dirigente social Edgardo Depetri desembarc\u00f3 en el Ministerio de Obras P\u00fablicas, mediante el decreto 68\/2020,&hellip;<\/p>\n","protected":false},"author":5,"featured_media":206424,"comment_status":"closed","ping_status":"open","sticky":false,"template":"","format":"standard","meta":{"footnotes":""},"categories":[12],"tags":[],"class_list":["post-206423","post","type-post","status-publish","format-standard","has-post-thumbnail","hentry","category-pais"],"jetpack_featured_media_url":"https:\/\/www.planbnoticias.com.ar\/wp-content\/uploads\/2020\/01\/edgardo-depetri-dirigente.jpg","_links":{"self":[{"href":"https:\/\/www.planbnoticias.com.ar\/index.php\/wp-json\/wp\/v2\/posts\/206423","targetHints":{"allow":["GET"]}}],"collection":[{"href":"https:\/\/www.planbnoticias.com.ar\/index.php\/wp-json\/wp\/v2\/posts"}],"about":[{"href":"https:\/\/www.planbnoticias.com.ar\/index.php\/wp-json\/wp\/v2\/types\/post"}],"author":[{"embeddable":true,"href":"https:\/\/www.planbnoticias.com.ar\/index.php\/wp-json\/wp\/v2\/users\/5"}],"replies":[{"embeddable":true,"href":"https:\/\/www.planbnoticias.com.ar\/index.php\/wp-json\/wp\/v2\/comments?post=206423"}],"version-history":[{"count":2,"href":"https:\/\/www.planbnoticias.com.ar\/index.php\/wp-json\/wp\/v2\/posts\/206423\/revisions"}],"predecessor-version":[{"id":206426,"href":"https:\/\/www.planbnoticias.com.ar\/index.php\/wp-json\/wp\/v2\/posts\/206423\/revisions\/206426"}],"wp:featuredmedia":[{"embeddable":true,"href":"https:\/\/www.planbnoticias.com.ar\/index.php\/wp-json\/wp\/v2\/media\/206424"}],"wp:attachment":[{"href":"https:\/\/www.planbnoticias.com.ar\/index.php\/wp-json\/wp\/v2\/media?parent=206423"}],"wp:term":[{"taxonomy":"category","embeddable":true,"href":"https:\/\/www.planbnoticias.com.ar\/index.php\/wp-json\/wp\/v2\/categories?post=206423"},{"taxonomy":"post_tag","embeddable":true,"href":"https:\/\/www.planbnoticias.com.ar\/index.php\/wp-json\/wp\/v2\/tags?post=206423"}],"curies":[{"name":"wp","href":"https:\/\/api.w.org\/{rel}","templated":true}]}}