{"id":209688,"date":"2020-02-12T11:53:48","date_gmt":"2020-02-12T14:53:48","guid":{"rendered":"http:\/\/www.planbnoticias.com.ar\/?p=209688"},"modified":"2020-02-12T13:24:48","modified_gmt":"2020-02-12T16:24:48","slug":"el-frepam-denuncio-despidos-de-cinco-trabajadores-en-la-municipalidad","status":"publish","type":"post","link":"https:\/\/www.planbnoticias.com.ar\/index.php\/2020\/02\/12\/el-frepam-denuncio-despidos-de-cinco-trabajadores-en-la-municipalidad\/","title":{"rendered":"El Frepam denunci\u00f3 despidos de cinco trabajadores en la municipalidad"},"content":{"rendered":"<p><img fetchpriority=\"high\" decoding=\"async\" class=\"alignnone size-full wp-image-207957\" src=\"http:\/\/www.planbnoticias.com.ar\/wp-content\/uploads\/2020\/01\/bloque-frepam-concejo-deliberante.jpeg\" alt=\"\" width=\"1280\" height=\"853\" srcset=\"https:\/\/www.planbnoticias.com.ar\/wp-content\/uploads\/2020\/01\/bloque-frepam-concejo-deliberante.jpeg 1280w, https:\/\/www.planbnoticias.com.ar\/wp-content\/uploads\/2020\/01\/bloque-frepam-concejo-deliberante-300x200.jpeg 300w, https:\/\/www.planbnoticias.com.ar\/wp-content\/uploads\/2020\/01\/bloque-frepam-concejo-deliberante-1024x682.jpeg 1024w, https:\/\/www.planbnoticias.com.ar\/wp-content\/uploads\/2020\/01\/bloque-frepam-concejo-deliberante-768x512.jpeg 768w, https:\/\/www.planbnoticias.com.ar\/wp-content\/uploads\/2020\/01\/bloque-frepam-concejo-deliberante-1170x780.jpeg 1170w, https:\/\/www.planbnoticias.com.ar\/wp-content\/uploads\/2020\/01\/bloque-frepam-concejo-deliberante-585x390.jpeg 585w, https:\/\/www.planbnoticias.com.ar\/wp-content\/uploads\/2020\/01\/bloque-frepam-concejo-deliberante-263x175.jpeg 263w\" sizes=\"(max-width: 1280px) 100vw, 1280px\" \/><\/p>\n<p>Mediante un comunicado de prensa, el bloque del Frepam denunci\u00f3 cinco despidos en la municipalidad de Santa Rosa de parte de la gesti\u00f3n de Luciano di N\u00e1poli.<\/p>\n<p>\u201cVemos con gran preocupaci\u00f3n que el intendente Luciano di Napoli ha tomado la decisi\u00f3n pol\u00edtica de desvincular de la municipalidad a empleados que ingresaron durante la anterior gesti\u00f3n\u201d, se\u00f1alaron.<\/p>\n<p><script async src=\"\/\/\"><\/script><br \/>\n<!-- Publi m\u00f3vil interior nota --><br \/>\n<ins class=\"adsbygoogle\" style=\"display: inline-block; width: 320px; height: 100px;\" data-ad-client=\"ca-pub-7250018434179914\" data-ad-slot=\"1040343543\"><\/ins><br \/>\n<script>\n(adsbygoogle = window.adsbygoogle || []).push({});\n<\/script><\/p>\n<p>\u201cLejos de\u00a0 cumplir con sus palabras cuando dijo que el \u2018municipio necesita tener a sus empleados como valor principal\u2019 ha decidido prescindir de al menos cinco trabajadores, entre ellos una reciente mam\u00e1, en un marco de emergencia social\u201d, criticaron.<\/p>\n<p>\u201cEstos trabajadores comenzaron a trabajar en 2019 a partir de vacantes generadas por jubilaciones y retiros, desarrollando tareas espec\u00edficas y en buen cumplimiento de sus labores, demostrando idoneidad, capacidad y compromiso al servicio de la municipalidad reconocido tanto por sus compa\u00f1eros, como por las personas que atend\u00edan diariamente\u201d, recordaron.<\/p>\n<p>\u201cPese a los intentos realizados por este bloque ante altos funcionarios de la actual gesti\u00f3n y concejales oficialistas para que se revierta la medida, la decisi\u00f3n pol\u00edtica parece mantenerse\u201d, criticaron.<\/p>\n<p>\u201c Por ello hacemos este llamado p\u00fablico de reflexi\u00f3n al Sr. Intendente, y le solicitamos la inmediata reincorporaci\u00f3n de los trabajadores desvinculados\u201d, indicaron.<\/p>\n<p>\u201cEllo le evitar\u00e1 caer en pol\u00edticas de exclusi\u00f3n que dijo no iba a realizar, y demostrar que m\u00e1s all\u00e1 de lo discursivo tiene un compromiso real con los empleados y las empleadas de este municipio\u201d, cierra el comunicado firmado por Pablo Pera Ibarguren , Claudia Giorgis y Gustavo Estavilla.<\/p>\n<blockquote class=\"wp-embedded-content\" data-secret=\"ZtJYHssPtH\"><p><a href=\"https:\/\/www.planbnoticias.com.ar\/index.php\/2020\/02\/12\/el-municipio-aclaro-que-no-hubo-despidos-y-si-finalizacion-de-contratos-temporales\/\">El municipio aclar\u00f3 que no hubo despidos y s\u00ed finalizaci\u00f3n de contratos temporales\u00a0<\/a><\/p><\/blockquote>\n<p><iframe title=\"&#171;El municipio aclar\u00f3 que no hubo despidos y s\u00ed finalizaci\u00f3n de contratos temporales\u00a0&#187; &#8212; Plan B Noticias\" class=\"wp-embedded-content\" sandbox=\"allow-scripts\" security=\"restricted\" style=\"position: absolute; clip: rect(1px, 1px, 1px, 1px);\" src=\"https:\/\/www.planbnoticias.com.ar\/index.php\/2020\/02\/12\/el-municipio-aclaro-que-no-hubo-despidos-y-si-finalizacion-de-contratos-temporales\/embed\/#?secret=ZtJYHssPtH\" data-secret=\"ZtJYHssPtH\" width=\"600\" height=\"338\" frameborder=\"0\" marginwidth=\"0\" marginheight=\"0\" scrolling=\"no\"><\/iframe><\/p>\n","protected":false},"excerpt":{"rendered":"<p>Mediante un comunicado de prensa, el bloque del Frepam denunci\u00f3 cinco despidos en la municipalidad de Santa Rosa de parte de la gesti\u00f3n de Luciano di N\u00e1poli. \u201cVemos con gran&hellip;<\/p>\n","protected":false},"author":3,"featured_media":207957,"comment_status":"closed","ping_status":"open","sticky":false,"template":"","format":"standard","meta":{"footnotes":""},"categories":[4,7],"tags":[],"class_list":["post-209688","post","type-post","status-publish","format-standard","has-post-thumbnail","hentry","category-ciudad","category-destacadas"],"jetpack_featured_media_url":"https:\/\/www.planbnoticias.com.ar\/wp-content\/uploads\/2020\/01\/bloque-frepam-concejo-deliberante.jpeg","_links":{"self":[{"href":"https:\/\/www.planbnoticias.com.ar\/index.php\/wp-json\/wp\/v2\/posts\/209688","targetHints":{"allow":["GET"]}}],"collection":[{"href":"https:\/\/www.planbnoticias.com.ar\/index.php\/wp-json\/wp\/v2\/posts"}],"about":[{"href":"https:\/\/www.planbnoticias.com.ar\/index.php\/wp-json\/wp\/v2\/types\/post"}],"author":[{"embeddable":true,"href":"https:\/\/www.planbnoticias.com.ar\/index.php\/wp-json\/wp\/v2\/users\/3"}],"replies":[{"embeddable":true,"href":"https:\/\/www.planbnoticias.com.ar\/index.php\/wp-json\/wp\/v2\/comments?post=209688"}],"version-history":[{"count":2,"href":"https:\/\/www.planbnoticias.com.ar\/index.php\/wp-json\/wp\/v2\/posts\/209688\/revisions"}],"predecessor-version":[{"id":209705,"href":"https:\/\/www.planbnoticias.com.ar\/index.php\/wp-json\/wp\/v2\/posts\/209688\/revisions\/209705"}],"wp:featuredmedia":[{"embeddable":true,"href":"https:\/\/www.planbnoticias.com.ar\/index.php\/wp-json\/wp\/v2\/media\/207957"}],"wp:attachment":[{"href":"https:\/\/www.planbnoticias.com.ar\/index.php\/wp-json\/wp\/v2\/media?parent=209688"}],"wp:term":[{"taxonomy":"category","embeddable":true,"href":"https:\/\/www.planbnoticias.com.ar\/index.php\/wp-json\/wp\/v2\/categories?post=209688"},{"taxonomy":"post_tag","embeddable":true,"href":"https:\/\/www.planbnoticias.com.ar\/index.php\/wp-json\/wp\/v2\/tags?post=209688"}],"curies":[{"name":"wp","href":"https:\/\/api.w.org\/{rel}","templated":true}]}}