{"id":211517,"date":"2020-02-28T11:38:47","date_gmt":"2020-02-28T14:38:47","guid":{"rendered":"http:\/\/www.planbnoticias.com.ar\/?p=211517"},"modified":"2020-02-28T13:58:44","modified_gmt":"2020-02-28T16:58:44","slug":"ate-repudio-despidos-en-la-municipalidad-gobierno-que-cambia-despide-a-companeros-y-companeras","status":"publish","type":"post","link":"https:\/\/www.planbnoticias.com.ar\/index.php\/2020\/02\/28\/ate-repudio-despidos-en-la-municipalidad-gobierno-que-cambia-despide-a-companeros-y-companeras\/","title":{"rendered":"ATE repudi\u00f3 despidos en la municipalidad: \u201cgobierno que cambia despide a compa\u00f1eros y compa\u00f1eras\u201d"},"content":{"rendered":"<p><img fetchpriority=\"high\" decoding=\"async\" class=\"alignnone size-full wp-image-211518\" src=\"http:\/\/www.planbnoticias.com.ar\/wp-content\/uploads\/2020\/02\/rechimont-oyarzun-toranzo.jpeg\" alt=\"\" width=\"1280\" height=\"853\" srcset=\"https:\/\/www.planbnoticias.com.ar\/wp-content\/uploads\/2020\/02\/rechimont-oyarzun-toranzo.jpeg 1280w, https:\/\/www.planbnoticias.com.ar\/wp-content\/uploads\/2020\/02\/rechimont-oyarzun-toranzo-300x200.jpeg 300w, https:\/\/www.planbnoticias.com.ar\/wp-content\/uploads\/2020\/02\/rechimont-oyarzun-toranzo-1024x682.jpeg 1024w, https:\/\/www.planbnoticias.com.ar\/wp-content\/uploads\/2020\/02\/rechimont-oyarzun-toranzo-768x512.jpeg 768w, https:\/\/www.planbnoticias.com.ar\/wp-content\/uploads\/2020\/02\/rechimont-oyarzun-toranzo-1170x780.jpeg 1170w, https:\/\/www.planbnoticias.com.ar\/wp-content\/uploads\/2020\/02\/rechimont-oyarzun-toranzo-585x390.jpeg 585w, https:\/\/www.planbnoticias.com.ar\/wp-content\/uploads\/2020\/02\/rechimont-oyarzun-toranzo-263x175.jpeg 263w\" sizes=\"(max-width: 1280px) 100vw, 1280px\" \/><\/p>\n<p>Desde el gremio ATE pidieron una reuni\u00f3n con el intendente Luciano di N\u00e1poli para tratar los despidos de tres personas. De no tener respuestas, har\u00e1n la denuncia en la Subsecretar\u00eda de Trabajo.<\/p>\n<p>El Consejo el Consejo Directivo Provincial de ATE La Pampa realiz\u00f3 una conferencia de prensa y se refiri\u00f3 a los despidos en la Municipalidad de Santa Rosa.<\/p>\n<p>Liliana Rechimont, secretaria de prensa,\u00a0 Blanca Oyarz\u00fan, secretaria gremial y Alicia Toranzo como secretaria de Derechos Humanos, informaron sobre la situaci\u00f3n ocurrida en el municipio de Santa Rosa.<\/p>\n<p><script async src=\"\/\/\"><\/script><br \/>\n<!-- Publi m\u00f3vil interior nota --><br \/>\n<ins class=\"adsbygoogle\" style=\"display: inline-block; width: 320px; height: 100px;\" data-ad-client=\"ca-pub-7250018434179914\" data-ad-slot=\"1040343543\"><\/ins><br \/>\n<script>\n(adsbygoogle = window.adsbygoogle || []).push({});\n<\/script><\/p>\n<p>\u201cHemos convocado a esta conferencia de prensa para que se tome conocimiento p\u00fablico de la situaci\u00f3n que atraviesan compa\u00f1eros y compa\u00f1eras despedidos de la municipalidad de Santa Rosa en esta nueva gesti\u00f3n\u201d, dijo Liliana Rechimont.<\/p>\n<p>\u201cVemos con preocupaci\u00f3n que gobierno que cambia, reprime o despide compa\u00f1eros y compa\u00f1eras que entraron en una gesti\u00f3n en otra, en un modelo que se viene repitiendo desde hace muchos a\u00f1os en la municipalidad de Santa Rosa y tambi\u00e9n se ha vivido en el \u00e1mbito provincial, donde cuando cambian las gestiones de los ministros, tambi\u00e9n despiden a compa\u00f1eros y compa\u00f1eras\u201d, agreg\u00f3.<\/p>\n<p>\u201cQueremos manifestaron en contra de los despidos, gobierne quien gobierne. ATE tiene una postura ante eso y no hacemos distinci\u00f3n pol\u00edtica partidaria, los compa\u00f1eros son trabajadores y trabajadoras y todo el mundo tiene el derecho a tener un trabajo digno\u201d, manifest\u00f3 la secretaria de prensa.<\/p>\n<p><img decoding=\"async\" class=\"alignnone size-full wp-image-211519\" src=\"http:\/\/www.planbnoticias.com.ar\/wp-content\/uploads\/2020\/02\/rechimont-oyarzun-toranzo-2.jpeg\" alt=\"\" width=\"1280\" height=\"853\" srcset=\"https:\/\/www.planbnoticias.com.ar\/wp-content\/uploads\/2020\/02\/rechimont-oyarzun-toranzo-2.jpeg 1280w, https:\/\/www.planbnoticias.com.ar\/wp-content\/uploads\/2020\/02\/rechimont-oyarzun-toranzo-2-300x200.jpeg 300w, https:\/\/www.planbnoticias.com.ar\/wp-content\/uploads\/2020\/02\/rechimont-oyarzun-toranzo-2-1024x682.jpeg 1024w, https:\/\/www.planbnoticias.com.ar\/wp-content\/uploads\/2020\/02\/rechimont-oyarzun-toranzo-2-768x512.jpeg 768w, https:\/\/www.planbnoticias.com.ar\/wp-content\/uploads\/2020\/02\/rechimont-oyarzun-toranzo-2-1170x780.jpeg 1170w, https:\/\/www.planbnoticias.com.ar\/wp-content\/uploads\/2020\/02\/rechimont-oyarzun-toranzo-2-585x390.jpeg 585w, https:\/\/www.planbnoticias.com.ar\/wp-content\/uploads\/2020\/02\/rechimont-oyarzun-toranzo-2-263x175.jpeg 263w\" sizes=\"(max-width: 1280px) 100vw, 1280px\" \/><\/p>\n<p>Por su parte, Blanca Oyarz\u00fan se refiri\u00f3 a la posici\u00f3n de la municipalidad, que sostiene que se trata de desvinculaciones. \u201cCuando hablan de desvinculaci\u00f3n, hablan de un contrato. Un despido es cuando est\u00e1s en planta permanente con derechos plenos, pero los compa\u00f1eros estaban con contratos equiparados a la ley 643, la mayor\u00eda estaba llegando a los seis meses, donde ten\u00edan la posibilidad de pasar a planta\u201d.<\/p>\n<p>\u201cLo que denunciamos es la irregularidad de los despidos, donde no hubo una causal, no hay ning\u00fan informe negativo para que los compa\u00f1eros sean despedidos y lo m\u00e1s grave es que una compa\u00f1era reci\u00e9n hab\u00eda tenido un hijo y qued\u00f3 sin obra social, totalmente desamparado, despu\u00e9s de un tiempo de haber estado en contrato equiparado\u201d, dijo Oyarz\u00fan.<\/p>\n<p>\u201cLo que vamos a denunciar son las irregularidades: una es que se han violado todos los derechos internacionales laborales y no se tom\u00f3 en cuenta el Decreto Nacional 034 del a\u00f1o 2019, donde se habla de la Emergencia P\u00fablica en materia ocupacional. El gobierno de Santa Rosa, es de la misma gesti\u00f3n y l\u00ednea pol\u00edtica que el gobierno nacional y por seis meses se decret\u00f3 a nivel nacional que no se pod\u00eda despedir a nadie, por estar en emergencia laboral, el gobierno municipal de esta ciudad, ha despedido al menos a tres compa\u00f1eros,\u00a0 que son los que est\u00e1n afiliados a nuestro sindicato\u201d, agreg\u00f3 Oyarz\u00fan.<\/p>\n<p><strong>\u2014\u00bfPuede haber m\u00e1s despidos?<\/strong><\/p>\n<p>\u2014Nosotros tenemos un relevamiento de cinco. Hay un compa\u00f1ero que fue por la v\u00eda legal privada y a otro compa\u00f1ero que se lo restituy\u00f3. De los otros tres, una compa\u00f1era est\u00e1 reci\u00e9n parida, con una beb\u00e9 de meses y se qued\u00f3 sin obra social. Creemos que esto tiene que ver con una cuesti\u00f3n de derechos. Hablamos de un gobierno que en las elecciones hablaba de defender al pueblo y no est\u00e1 demostrando esto en este momento.<\/p>\n<p>Hemos pedido reuniones formales a las cuales no hemos tenido respuesta. Por eso estamos denunciando esta situaci\u00f3n irregular. Si para el lunes no hay una reuni\u00f3n o una soluci\u00f3n a este problema, lo vamos a denunciar\u00a0 a la secretar\u00eda de trabajo de la provincia.<\/p>\n<p><strong>\u2014\u00bfHay un hijo de un ex funcionario?<\/strong><\/p>\n<p>\u2014Uno de los chicos despedidos era hijo de una ex funcionaria. En realidad, en todas las gestiones, hay gente que entra porque es amigo o familiar y no lo cuestionamos.\u00a0 Este chico no era funcionario, hac\u00eda una tarea espec\u00edfica.\u00a0 Otra irregularidad tiene que ver con la notificaci\u00f3n de los despidos, nunca se les notific\u00f3 por nota. Se les dijo que no fueran m\u00e1s a los sectores, porque si segu\u00edan yendo, se iba a agravar el problema Nunca se notificaron por nota y ellos no se notificaron de los despidos. Toda la situaci\u00f3n es irregular, antigremial y am\u00e9n de que los compa\u00f1eros no estaban en planta permanente y ellos hablan de desvinculaci\u00f3n, nosotros hablamos de un derecho que tiene a un contrato equiparado, que por lo menos la cesant\u00eda sea por medio de una notificaci\u00f3n o por lo menos mediante una nota formal, informando que se les termin\u00f3 el contrato.<\/p>\n<p><strong>\u2014\u00bfLes sorprende que sea este gobierno el que despide?<\/strong><\/p>\n<p>\u2014Nos sorprende porque son tres trabajadores. No van a provocar un desfasaje en el municipio tres trabajadores que estaban cobrando un contrato equiparado de la ley 643. Planteamos sostener la fuente de trabajo. Hay una ley nacional donde el gobierno municipal pertenece que dice que por 180 d\u00edas no se puede dejar a nadie sin trabajo y el gobierno municipal est\u00e1 haciendo estas cosas.<\/p>\n<p><strong>\u2014Si no hay causales y no produce un desfasaje, \u00bfqu\u00e9 creen que hay detr\u00e1s?<\/strong><\/p>\n<p>\u2014No sabemos, por eso queremos tener una reuni\u00f3n. Nosotros hablamos con SOEM y ellos plantean que di N\u00e1poli no los iba a reintegrar. Nosotros alegamos las irregularidades de los despidos.<\/p>\n<p><strong>Consultadas sobre si al tratarse del hijo de un ex funcionario, no habr\u00eda una proscripci\u00f3n, Liliana Rechimont dij<\/strong>o que \u201cpuede tomarse como una persecuci\u00f3n, esto que habla la compa\u00f1era en cuanto a la violaci\u00f3n de derechos humanos de trabajadoras y trabajadores, donde hay una ley que impuls\u00f3 el gobierno nacional, donde adhiere el gobierno municipal y el gobierno provincial y los compa\u00f1eros y compa\u00f1eras ingresaron bajo la \u00f3rbita de otro gobierno y otra l\u00ednea pol\u00edtica, roza toda violaci\u00f3n de derechos\u201d.<\/p>\n<p>\u201cMe parece que el hilo se corta por lo m\u00e1s delgado y siempre terminamos pagando las disputas pol\u00edticas, trabajadoras y trabajadores. Cuando se hace menci\u00f3n al hijo de una funcionaria, para nosotros es un trabajador. El compa\u00f1ero tiene madre o padre que quiere y tiene derechos como ciudadano de tener un trabajo y tuvo la posibilidad. En La Pampa, no ingresamos a los puestos de trabajo por nivel intelectual\u00a0 o desempe\u00f1o que tenemos, la realidad es que en La Pampa y en Argentina, se ingresa porque se tiene un conocido, o alguien le hizo la campa\u00f1a a alguien, esta es la realidad de todos los gobiernos de todas las l\u00edneas pol\u00edticas\u201d, agreg\u00f3.<\/p>\n<p><strong>\u2014\u00bfEso no tiene que tener alg\u00fan corte?<\/strong><\/p>\n<p>\u2014Nosotros no avalamos eso, pero no vamos a arremeter contra una compa\u00f1era o compa\u00f1ero. La ley, el estatuto es claro, deber\u00edamos entrar por concurso. Ese p\u00e1rrafo no se aplica. Nosotros, este a\u00f1o\u00a0 vamos a pedir que los ingresos sean por concurso, como reza la ley. Esto es hist\u00f3rico, de a\u00f1os en La Pampa y en todo el territorio de Argentina. Se tiene que terminar la persecuci\u00f3n, sos de tal o cual partido, terminar con este tipo de cosas.<\/p>\n<p><strong>\u2014\u00bfHay ingresos en esta gesti\u00f3n?<\/strong><\/p>\n<p>\u2014Oficialmente, no.<\/p>\n<p>Por otra parte, la secretaria de Derechos Humanos, Alicia Toranzo, agreg\u00f3: \u201cestamos haciendo hincapi\u00e9 desde lo gremial, darle importancia a la estructura de trabajador o trabajadora en La Pampa, y evitar que cuando se renuevan los gobiernos, se respete la estructura de la planta de estados provincial o municipal, cosa que normalmente no se hace\u201d.<\/p>\n<p>\u201cDesde lo gremial vamos\u00a0 a poner \u00e9nfasis, teniendo en cuenta los Derechos Humanos, tratados, convenciones, que hay una gran irregularidad de conocimiento administrativo, porque m\u00e1s all\u00e1 de que uno tenga un contrato de 180 d\u00edas y poder pasar a planta permanente, deber\u00edan haber sido notificados\u201d, dijo.<\/p>\n<p>\u201cSeg\u00fan nos cuentan los compa\u00f1eros, han sido amenazados, en una gran violaci\u00f3n de los Derechos Humanos, porque en principio todos tenemos derecho a la defensa y ser o\u00eddos. Desde los gremios vamos a poner hincapi\u00e9, desde lo gremial, que se nos respete como trabajadores. Que los funcionarios se acostumbren a respetar la planta administrativa en todos los aspectos. Hay que ponerle un l\u00edmite al estado. Ustedes son los funcionarios, funcional para una etapa, pero se debe respetar lo que es el Estado, que es la continuidad a lo largo del tiempo\u201d, afirm\u00f3.<\/p>\n<p>\u201cVamos a hacer hincapi\u00e9 en esto, decirle al intendente que ha tenido una gran violaci\u00f3n de los Derechos Humanos, que no tiene en cuenta que hay una situaci\u00f3n de vulnerabilidad y falta de trabajo en el pa\u00eds y que tres trabajadores a \u00e9l no le repercuten econ\u00f3micamente, y tampoco esa declaraci\u00f3n que no iba\u00a0 a dar marcha atr\u00e1s. Deber\u00eda replantear esta situaci\u00f3n y volver\u00a0 a sus lugares, darle la oportunidad. O decirle que no cumpli\u00f3 el requisito de idoneidad por esto y esto, darle causales. No dieron la oportunidad de defenderse y desde lo gremial, vamos a reclamar, hay una violaci\u00f3n de derechos humanos, te\u00f3ricamente en el Estado tenemos el principio de estabilidad laboral\u201d, afirm\u00f3 Toranzo.<\/p>\n<p><strong>\u2014\u00bfHar\u00e1n tambi\u00e9n alguna denuncia de tipo penal o judicial?<\/strong><\/p>\n<p>\u2014En principio no, luego veremos. Ac\u00e1 est\u00e1\u00a0 Derechos Humanos y veremos cu\u00e1les son los par\u00e1metros para cuidarnos a todos como trabajadores y trabajadoras. Queremos aclarar que apostamos a la v\u00eda del di\u00e1logo, mandamos una nota, pero no hemos tenido respuestas del Ejecutivo Municipal. Por eso queremos una reuni\u00f3n inmediata, para explicar si hay elementos que puedan comprobar que los compa\u00f1eros se merec\u00edan de ser despedidos de esta forma irregular.<\/p>\n<p>No s\u00e9 qu\u00e9 pensar\u00e1 el SOEM. Mientras tanto hay tres personas sin trabajo. Una compa\u00f1era que fue despedida el 1 de enero, que est\u00e1 lactando y est\u00e1 sin obra social. Y en la situaci\u00f3n del pa\u00eds, donde venimos de un gobierno neoliberal, dejar a una mam\u00e1 con un beb\u00e9 en esta situaci\u00f3n, raya en violar un Derecho Humano.<\/p>\n","protected":false},"excerpt":{"rendered":"<p>Desde el gremio ATE pidieron una reuni\u00f3n con el intendente Luciano di N\u00e1poli para tratar los despidos de tres personas. De no tener respuestas, har\u00e1n la denuncia en la Subsecretar\u00eda&hellip;<\/p>\n","protected":false},"author":3,"featured_media":211518,"comment_status":"closed","ping_status":"open","sticky":false,"template":"","format":"standard","meta":{"footnotes":""},"categories":[4,9,15],"tags":[],"class_list":["post-211517","post","type-post","status-publish","format-standard","has-post-thumbnail","hentry","category-ciudad","category-gremiales","category-tapa"],"jetpack_featured_media_url":"https:\/\/www.planbnoticias.com.ar\/wp-content\/uploads\/2020\/02\/rechimont-oyarzun-toranzo.jpeg","_links":{"self":[{"href":"https:\/\/www.planbnoticias.com.ar\/index.php\/wp-json\/wp\/v2\/posts\/211517","targetHints":{"allow":["GET"]}}],"collection":[{"href":"https:\/\/www.planbnoticias.com.ar\/index.php\/wp-json\/wp\/v2\/posts"}],"about":[{"href":"https:\/\/www.planbnoticias.com.ar\/index.php\/wp-json\/wp\/v2\/types\/post"}],"author":[{"embeddable":true,"href":"https:\/\/www.planbnoticias.com.ar\/index.php\/wp-json\/wp\/v2\/users\/3"}],"replies":[{"embeddable":true,"href":"https:\/\/www.planbnoticias.com.ar\/index.php\/wp-json\/wp\/v2\/comments?post=211517"}],"version-history":[{"count":8,"href":"https:\/\/www.planbnoticias.com.ar\/index.php\/wp-json\/wp\/v2\/posts\/211517\/revisions"}],"predecessor-version":[{"id":211527,"href":"https:\/\/www.planbnoticias.com.ar\/index.php\/wp-json\/wp\/v2\/posts\/211517\/revisions\/211527"}],"wp:featuredmedia":[{"embeddable":true,"href":"https:\/\/www.planbnoticias.com.ar\/index.php\/wp-json\/wp\/v2\/media\/211518"}],"wp:attachment":[{"href":"https:\/\/www.planbnoticias.com.ar\/index.php\/wp-json\/wp\/v2\/media?parent=211517"}],"wp:term":[{"taxonomy":"category","embeddable":true,"href":"https:\/\/www.planbnoticias.com.ar\/index.php\/wp-json\/wp\/v2\/categories?post=211517"},{"taxonomy":"post_tag","embeddable":true,"href":"https:\/\/www.planbnoticias.com.ar\/index.php\/wp-json\/wp\/v2\/tags?post=211517"}],"curies":[{"name":"wp","href":"https:\/\/api.w.org\/{rel}","templated":true}]}}