{"id":211570,"date":"2020-02-28T18:58:33","date_gmt":"2020-02-28T21:58:33","guid":{"rendered":"http:\/\/www.planbnoticias.com.ar\/?p=211570"},"modified":"2020-02-28T18:58:33","modified_gmt":"2020-02-28T21:58:33","slug":"el-frepam-pide-que-se-refuerce-la-campana-de-prevencion-por-el-dengue","status":"publish","type":"post","link":"https:\/\/www.planbnoticias.com.ar\/index.php\/2020\/02\/28\/el-frepam-pide-que-se-refuerce-la-campana-de-prevencion-por-el-dengue\/","title":{"rendered":"El FrePam pide que se refuerce la campa\u00f1a de prevenci\u00f3n por el Dengue"},"content":{"rendered":"<p><img fetchpriority=\"high\" decoding=\"async\" class=\"alignnone size-full wp-image-158060\" src=\"http:\/\/www.planbnoticias.com.ar\/wp-content\/uploads\/2019\/02\/dengue.jpg\" alt=\"\" width=\"900\" height=\"507\" srcset=\"https:\/\/www.planbnoticias.com.ar\/wp-content\/uploads\/2019\/02\/dengue.jpg 900w, https:\/\/www.planbnoticias.com.ar\/wp-content\/uploads\/2019\/02\/dengue-300x169.jpg 300w, https:\/\/www.planbnoticias.com.ar\/wp-content\/uploads\/2019\/02\/dengue-768x433.jpg 768w, https:\/\/www.planbnoticias.com.ar\/wp-content\/uploads\/2019\/02\/dengue-585x330.jpg 585w\" sizes=\"(max-width: 900px) 100vw, 900px\" \/><\/p>\n<p>Presentaron un proyecto de Comunicaci\u00f3n para que la comuna haga hincapi\u00e9 en la campa\u00f1a \u201cPatio Limpio\u201d tendiente a la limpieza y descacharrizado, con el fin de prevenir la proliferaci\u00f3n del mosquito transmisor del dengue.<\/p>\n<p><script async src=\"\/\/pagead2.googlesyndication.com\/pagead\/js\/adsbygoogle.js\"><\/script><br \/>\n<!-- Publi m\u00f3vil interior nota --><br \/>\n<ins class=\"adsbygoogle\" style=\"display: inline-block; width: 320px; height: 100px;\" data-ad-client=\"ca-pub-7250018434179914\" data-ad-slot=\"1040343543\"><\/ins><br \/>\n<script>\n(adsbygoogle = window.adsbygoogle || []).push({});\n<\/script><\/p>\n<p>En los fundamentos resaltan que \u201cla Directora de Epidemiolog\u00eda de La Pampa, Dra. Ana Bertone, inform\u00f3 que la Organizaci\u00f3n Panamericana de la Salud alert\u00f3 sobre un aumento de casos de Dengue en el \u00faltimo a\u00f1o en Argentina, Bolivia, Paraguay y principalmente Brasil, donde registran el mayor de la historia\u201d.<\/p>\n<p>Adem\u00e1s, Bertone explic\u00f3 que \u201cel mosquito aedes aegypti se encuentra en La Pampa, pero no tiene el virus, y que hay que tratar de reducir la poblaci\u00f3n del insecto y evitar que si viene gente de otros lados con el virus, se lo traslade al mosquito\u201d.<\/p>\n<p>Destacan que \u201crecientemente autoridades del hospital Ren\u00e9 Favaloro de la ciudad de Huinca Renanc\u00f3, Provincia de C\u00f3rdoba, confirmaron que una paciente del nosocomio contrajo dengue luego de un viaje que realiz\u00f3 a Paraguay\u201d,<\/p>\n<p>Debido a que \u201cGobierno Provincial impulsa la campa\u00f1a Patio Limpio, tendiente a evitar los criaderos de roedores, mosquitos y animales en la zona urbana, y a descacharrizar los patios para evitar criaderos del mosquito Aedes aegypti, entre otros insectos y alima\u00f1as\u201d proponen que \u201csea apoyada desde la Municipalidad de Santa Rosa con acciones de saneamiento ambiental para prevenir el Dengue\u201d<\/p>\n<p>Piden \u201cintensificar el puerta a puerta concientizando al vecino de la importancia de la limpieza de los patios, y c\u00f3mo realizar el decacharrizado\u201d y \u201crealizar jornadas de limpieza en los barrios para recoger residuos de magnitud que el vecino saque a la v\u00eda p\u00fablica, levantar autos abandonados, erradicar minibasurales, vacunar mascotas\u201d, finalizaron.<\/p>\n","protected":false},"excerpt":{"rendered":"<p>Presentaron un proyecto de Comunicaci\u00f3n para que la comuna haga hincapi\u00e9 en la campa\u00f1a \u201cPatio Limpio\u201d tendiente a la limpieza y descacharrizado, con el fin de prevenir la proliferaci\u00f3n del&hellip;<\/p>\n","protected":false},"author":2,"featured_media":158060,"comment_status":"closed","ping_status":"open","sticky":false,"template":"","format":"standard","meta":{"footnotes":""},"categories":[13],"tags":[],"class_list":["post-211570","post","type-post","status-publish","format-standard","has-post-thumbnail","hentry","category-provincia"],"jetpack_featured_media_url":"https:\/\/www.planbnoticias.com.ar\/wp-content\/uploads\/2019\/02\/dengue.jpg","_links":{"self":[{"href":"https:\/\/www.planbnoticias.com.ar\/index.php\/wp-json\/wp\/v2\/posts\/211570","targetHints":{"allow":["GET"]}}],"collection":[{"href":"https:\/\/www.planbnoticias.com.ar\/index.php\/wp-json\/wp\/v2\/posts"}],"about":[{"href":"https:\/\/www.planbnoticias.com.ar\/index.php\/wp-json\/wp\/v2\/types\/post"}],"author":[{"embeddable":true,"href":"https:\/\/www.planbnoticias.com.ar\/index.php\/wp-json\/wp\/v2\/users\/2"}],"replies":[{"embeddable":true,"href":"https:\/\/www.planbnoticias.com.ar\/index.php\/wp-json\/wp\/v2\/comments?post=211570"}],"version-history":[{"count":1,"href":"https:\/\/www.planbnoticias.com.ar\/index.php\/wp-json\/wp\/v2\/posts\/211570\/revisions"}],"predecessor-version":[{"id":211571,"href":"https:\/\/www.planbnoticias.com.ar\/index.php\/wp-json\/wp\/v2\/posts\/211570\/revisions\/211571"}],"wp:featuredmedia":[{"embeddable":true,"href":"https:\/\/www.planbnoticias.com.ar\/index.php\/wp-json\/wp\/v2\/media\/158060"}],"wp:attachment":[{"href":"https:\/\/www.planbnoticias.com.ar\/index.php\/wp-json\/wp\/v2\/media?parent=211570"}],"wp:term":[{"taxonomy":"category","embeddable":true,"href":"https:\/\/www.planbnoticias.com.ar\/index.php\/wp-json\/wp\/v2\/categories?post=211570"},{"taxonomy":"post_tag","embeddable":true,"href":"https:\/\/www.planbnoticias.com.ar\/index.php\/wp-json\/wp\/v2\/tags?post=211570"}],"curies":[{"name":"wp","href":"https:\/\/api.w.org\/{rel}","templated":true}]}}