{"id":218907,"date":"2020-04-23T11:23:11","date_gmt":"2020-04-23T14:23:11","guid":{"rendered":"http:\/\/www.planbnoticias.com.ar\/?p=218907"},"modified":"2020-04-23T11:23:11","modified_gmt":"2020-04-23T14:23:11","slug":"el-frepam-repudio-el-abuso-policial-y-solicito-excepciones-de-la-cuarentena-para-la-actividad-de-albaniles-y-oficios","status":"publish","type":"post","link":"https:\/\/www.planbnoticias.com.ar\/index.php\/2020\/04\/23\/el-frepam-repudio-el-abuso-policial-y-solicito-excepciones-de-la-cuarentena-para-la-actividad-de-albaniles-y-oficios\/","title":{"rendered":"El Frepam repudi\u00f3 el abuso policial  y solicit\u00f3 excepciones de la cuarentena para la actividad de alba\u00f1iles y oficios"},"content":{"rendered":"<p><img fetchpriority=\"high\" decoding=\"async\" class=\"alignnone size-full wp-image-211933\" src=\"http:\/\/www.planbnoticias.com.ar\/wp-content\/uploads\/2020\/03\/ediles-frepam.jpeg\" alt=\"\" width=\"1280\" height=\"853\" srcset=\"https:\/\/www.planbnoticias.com.ar\/wp-content\/uploads\/2020\/03\/ediles-frepam.jpeg 1280w, https:\/\/www.planbnoticias.com.ar\/wp-content\/uploads\/2020\/03\/ediles-frepam-300x200.jpeg 300w, https:\/\/www.planbnoticias.com.ar\/wp-content\/uploads\/2020\/03\/ediles-frepam-1024x682.jpeg 1024w, https:\/\/www.planbnoticias.com.ar\/wp-content\/uploads\/2020\/03\/ediles-frepam-768x512.jpeg 768w, https:\/\/www.planbnoticias.com.ar\/wp-content\/uploads\/2020\/03\/ediles-frepam-1170x780.jpeg 1170w, https:\/\/www.planbnoticias.com.ar\/wp-content\/uploads\/2020\/03\/ediles-frepam-585x390.jpeg 585w, https:\/\/www.planbnoticias.com.ar\/wp-content\/uploads\/2020\/03\/ediles-frepam-263x175.jpeg 263w\" sizes=\"(max-width: 1280px) 100vw, 1280px\" \/><\/p>\n<p>Ediles del Frepam presentaron en el Concejo Deliberante dos proyectos relacionados con los abusos policiales y una propuesta sobre la actividad cuentapropista privada (aba\u00f1iles y oficios afines).<\/p>\n<p>En el primero de ellos, mediante un proyecto de resoluci\u00f3n, se ratific\u00f3 la consigna es mantener el aislamiento social para cuidar la salud de nuestra poblaci\u00f3n.<\/p>\n<p><script async src=\"\/\/\"><\/script><br \/>\n<!-- Publi m\u00f3vil interior nota --><br \/>\n<ins class=\"adsbygoogle\" style=\"display: inline-block; width: 320px; height: 100px;\" data-ad-client=\"ca-pub-7250018434179914\" data-ad-slot=\"1040343543\"><\/ins><br \/>\n<script>\n(adsbygoogle = window.adsbygoogle || []).push({});\n<\/script><\/p>\n<p>Adem\u00e1s, se expres\u00f3 \u201cel m\u00e1s en\u00e9rgico repudio al accionar de algunos integrantes de la Polic\u00eda de la Provincia de La Pampa en relaci\u00f3n a los hechos represivos sufridos por aquellas personas que fueron detenidas en el marco de la violaci\u00f3n a la cuarentena establecida por la enfermedad COVID 19.<\/p>\n<p>Por otra parte, solicit\u00f3 al Poder Ejecutivo Provincial informe detalladamente respecto\u00a0 del\u00a0 apartamiento de las y los agentes policiales que hayan sobrepasado sus funciones de cuidado y prevenci\u00f3n y que a trav\u00e9s de los mecanismos otorgados por la manda constitucional le imparta a las fuerzas policiales las \u00f3rdenes para evitar estas situaciones en adelante.<\/p>\n<p>Tambi\u00e9n solicit\u00f3 a a la C\u00e1mara de Diputados de la Provincia la r\u00e1pida sanci\u00f3n de una ley de la democracia que reemplace a la Norma Jur\u00eddica de Facto que act\u00faa como \u201cLey Org\u00e1nica\u201d de la Polic\u00eda de La Pampa.<\/p>\n<p>Por otra parte, en un proyecto de comunicaci\u00f3n solicit\u00f3 al Ejecutivo Municipal que \u201celeve dentro de los pedidos al Poder Ejecutivo Provincial el de autorizar a los alba\u00f1iles cuentapropistas de la ciudad para retomar\u00a0 las peque\u00f1as obras de construcci\u00f3n particulares y a los oficios afines como el caso de los herreros, electricistas, plomeros, gasistas, carpinteros\u201d.<\/p>\n<p>\u201cTodo ello en el camino de las medidas de reactivamiento progresivo de determinadas obras de construcci\u00f3n privadas de la Provincia de La Pampa que cumplan con las medidas requeridas para la prevenci\u00f3n de la salud\u00a0 en el marco de un protocolo sanitario elaborado por las autoridades correspondientes\u201d, se agreg\u00f3.<\/p>\n<p>La y los ediles del Frepam argumentaron su posici\u00f3n en la necesidad de reactivar las peque\u00f1as obras p\u00fablicas y privadas, teniendo en cuenta\u00a0 la delicada situaci\u00f3n econ\u00f3mica\u00a0\u00a0 del peque\u00f1o cuentapropista alba\u00f1il que desarrolla su actividad en peque\u00f1as\u00a0 obras particulares de la construcci\u00f3n trabajando s\u00f3lo o con reducida cantidad de ayudantes.<\/p>\n<p>Que\u00a0 por las mismas razones\u00a0 podr\u00eda considerarse la situaci\u00f3n de otros oficios afines\u00a0 como el caso de herreros, electricistas, plomeros. Gasistas y carpinteros, entre otros.<\/p>\n<p>&nbsp;<\/p>\n","protected":false},"excerpt":{"rendered":"<p>Ediles del Frepam presentaron en el Concejo Deliberante dos proyectos relacionados con los abusos policiales y una propuesta sobre la actividad cuentapropista privada (aba\u00f1iles y oficios afines). En el primero&hellip;<\/p>\n","protected":false},"author":3,"featured_media":211933,"comment_status":"closed","ping_status":"open","sticky":false,"template":"","format":"standard","meta":{"footnotes":""},"categories":[4],"tags":[],"class_list":["post-218907","post","type-post","status-publish","format-standard","has-post-thumbnail","hentry","category-ciudad"],"jetpack_featured_media_url":"https:\/\/www.planbnoticias.com.ar\/wp-content\/uploads\/2020\/03\/ediles-frepam.jpeg","_links":{"self":[{"href":"https:\/\/www.planbnoticias.com.ar\/index.php\/wp-json\/wp\/v2\/posts\/218907","targetHints":{"allow":["GET"]}}],"collection":[{"href":"https:\/\/www.planbnoticias.com.ar\/index.php\/wp-json\/wp\/v2\/posts"}],"about":[{"href":"https:\/\/www.planbnoticias.com.ar\/index.php\/wp-json\/wp\/v2\/types\/post"}],"author":[{"embeddable":true,"href":"https:\/\/www.planbnoticias.com.ar\/index.php\/wp-json\/wp\/v2\/users\/3"}],"replies":[{"embeddable":true,"href":"https:\/\/www.planbnoticias.com.ar\/index.php\/wp-json\/wp\/v2\/comments?post=218907"}],"version-history":[{"count":1,"href":"https:\/\/www.planbnoticias.com.ar\/index.php\/wp-json\/wp\/v2\/posts\/218907\/revisions"}],"predecessor-version":[{"id":218908,"href":"https:\/\/www.planbnoticias.com.ar\/index.php\/wp-json\/wp\/v2\/posts\/218907\/revisions\/218908"}],"wp:featuredmedia":[{"embeddable":true,"href":"https:\/\/www.planbnoticias.com.ar\/index.php\/wp-json\/wp\/v2\/media\/211933"}],"wp:attachment":[{"href":"https:\/\/www.planbnoticias.com.ar\/index.php\/wp-json\/wp\/v2\/media?parent=218907"}],"wp:term":[{"taxonomy":"category","embeddable":true,"href":"https:\/\/www.planbnoticias.com.ar\/index.php\/wp-json\/wp\/v2\/categories?post=218907"},{"taxonomy":"post_tag","embeddable":true,"href":"https:\/\/www.planbnoticias.com.ar\/index.php\/wp-json\/wp\/v2\/tags?post=218907"}],"curies":[{"name":"wp","href":"https:\/\/api.w.org\/{rel}","templated":true}]}}