{"id":227037,"date":"2020-06-24T20:25:09","date_gmt":"2020-06-24T23:25:09","guid":{"rendered":"http:\/\/www.planbnoticias.com.ar\/?p=227037"},"modified":"2020-06-24T20:25:09","modified_gmt":"2020-06-24T23:25:09","slug":"concejales-del-frepam-piden-que-no-se-tenga-en-cuenta-la-cuarentena-para-calcular-la-coparticipacion","status":"publish","type":"post","link":"https:\/\/www.planbnoticias.com.ar\/index.php\/2020\/06\/24\/concejales-del-frepam-piden-que-no-se-tenga-en-cuenta-la-cuarentena-para-calcular-la-coparticipacion\/","title":{"rendered":"Concejales del FrePam piden que no se tenga en cuenta la cuarentena para calcular la coparticipaci\u00f3n"},"content":{"rendered":"<p><img fetchpriority=\"high\" decoding=\"async\" class=\"alignnone size-full wp-image-227038\" src=\"http:\/\/www.planbnoticias.com.ar\/wp-content\/uploads\/2020\/06\/concejo-deliberante-santa-rosa.jpg\" alt=\"\" width=\"960\" height=\"720\" srcset=\"https:\/\/www.planbnoticias.com.ar\/wp-content\/uploads\/2020\/06\/concejo-deliberante-santa-rosa.jpg 960w, https:\/\/www.planbnoticias.com.ar\/wp-content\/uploads\/2020\/06\/concejo-deliberante-santa-rosa-300x225.jpg 300w, https:\/\/www.planbnoticias.com.ar\/wp-content\/uploads\/2020\/06\/concejo-deliberante-santa-rosa-768x576.jpg 768w, https:\/\/www.planbnoticias.com.ar\/wp-content\/uploads\/2020\/06\/concejo-deliberante-santa-rosa-585x439.jpg 585w\" sizes=\"(max-width: 960px) 100vw, 960px\" \/><\/p>\n<p>El bloque de concejales del FrePam present\u00f3 un proyecto en el Concejo Deliberante de Santa Rosa para que la Provincia no tome los meses de cuarentena de los municipios para elaborar \u00edndice de coparticipaci\u00f3n del a\u00f1o 2021.<\/p>\n<p><script async src=\"\/\/pagead2.googlesyndication.com\/pagead\/js\/adsbygoogle.js\"><\/script><br \/>\n<!-- Publi m\u00f3vil interior nota --><br \/>\n<ins class=\"adsbygoogle\" style=\"display: inline-block; width: 320px; height: 100px;\" data-ad-client=\"ca-pub-7250018434179914\" data-ad-slot=\"1040343543\"><\/ins><br \/>\n<script>\n(adsbygoogle = window.adsbygoogle || []).push({});\n<\/script><\/p>\n<p>Los concejales explicaron que hubo una ca\u00edda en la econom\u00eda producto del aislamiento obligatorio, y pidieron que el gobierno provincial no considere los ingresos percibidos por recursos propios e impuestos devengados en las distintas jurisdicciones municipales, a la hora de establecer los \u00edndices coparticipables del pr\u00f3ximo a\u00f1o.<\/p>\n<p>\u00abEl necesario aislamiento social, preventivo y obligatorio ha producido una fuerte ca\u00edda de las actividades econ\u00f3micas, y consecuentemente, han mermado las recaudaciones municipales y de impuestos provinciales coparticipables en las distintas jurisdicciones\u00bb, manifestaron.<\/p>\n<p>El FrePam indic\u00f3 que \u00abante la falta de acompa\u00f1amiento del bloque oficialista en el tratamiento del proyecto presentado para subsidiar el incremento de tasas municipales, y la fuerte disminuci\u00f3n de la recaudaci\u00f3n durante el segundo trimestre del a\u00f1o, consideramos que la propuesta que acercamos es la mejor alternativa para evitar una baja en el \u00edndice de coparticipaci\u00f3n de nuestra ciudad para el a\u00f1o que viene\u00bb.<\/p>\n<p>El proyecto presentado se\u00f1ala entre sus argumentos que \u00abdurante el per\u00edodo de aislamiento se produjo una estrepitosa ca\u00edda de la actividad econ\u00f3mica.\u00bb<\/p>\n<p style=\"font-weight: 400;\">Como consecuencia de la misma, expresaron desde el bloque, \u00abmuchas familias se vieron imposibilitadas de afrontar sus necesidades b\u00e1sicas, siendo los distintos estados, Nacional, Provincial y Municipal y la solidaridad de la sociedad toda los encargados de llevar adelante pol\u00edticas activas para mitigar el impacto social producido por el aislamiento social\u00bb.<\/p>\n<p style=\"font-weight: 400;\">Tambi\u00e9n que la recaudaci\u00f3n municipal \u00aben relaci\u00f3n a los ingresos por tasas y servicios viene desarrollando una ca\u00edda en el segundo trimestre con relaci\u00f3n al primer trimestre del a\u00f1o, asimil\u00e1ndose a los valores del tercer trimestre de 2019\u00bb.<\/p>\n<p style=\"font-weight: 400;\">A su vez se\u00f1alaron que esa merma en la recaudaci\u00f3n \u00abse relaciona con la ca\u00edda de las actividades econ\u00f3micas durante la vigencia del Aislamiento Social, Preventivo y Obligatorio\u00bb.<\/p>\n<p style=\"font-weight: 400;\">\u00abAl ser Santa Rosa una ciudad netamente administrativa y de servicios sus actividades econ\u00f3micas no se vieron exceptuadas del ASPO a diferencia de otras localidades de la provincia netamente agropecuarias, lo que repercute de manera dispar entre las distintas localidades de la provincia\u00bb, indic\u00f3 el bloque de concejales del FrePam.<\/p>\n","protected":false},"excerpt":{"rendered":"<p>El bloque de concejales del FrePam present\u00f3 un proyecto en el Concejo Deliberante de Santa Rosa para que la Provincia no tome los meses de cuarentena de los municipios para&hellip;<\/p>\n","protected":false},"author":5,"featured_media":227038,"comment_status":"closed","ping_status":"open","sticky":false,"template":"","format":"standard","meta":{"footnotes":""},"categories":[4],"tags":[],"class_list":["post-227037","post","type-post","status-publish","format-standard","has-post-thumbnail","hentry","category-ciudad"],"jetpack_featured_media_url":"https:\/\/www.planbnoticias.com.ar\/wp-content\/uploads\/2020\/06\/concejo-deliberante-santa-rosa.jpg","_links":{"self":[{"href":"https:\/\/www.planbnoticias.com.ar\/index.php\/wp-json\/wp\/v2\/posts\/227037","targetHints":{"allow":["GET"]}}],"collection":[{"href":"https:\/\/www.planbnoticias.com.ar\/index.php\/wp-json\/wp\/v2\/posts"}],"about":[{"href":"https:\/\/www.planbnoticias.com.ar\/index.php\/wp-json\/wp\/v2\/types\/post"}],"author":[{"embeddable":true,"href":"https:\/\/www.planbnoticias.com.ar\/index.php\/wp-json\/wp\/v2\/users\/5"}],"replies":[{"embeddable":true,"href":"https:\/\/www.planbnoticias.com.ar\/index.php\/wp-json\/wp\/v2\/comments?post=227037"}],"version-history":[{"count":2,"href":"https:\/\/www.planbnoticias.com.ar\/index.php\/wp-json\/wp\/v2\/posts\/227037\/revisions"}],"predecessor-version":[{"id":227040,"href":"https:\/\/www.planbnoticias.com.ar\/index.php\/wp-json\/wp\/v2\/posts\/227037\/revisions\/227040"}],"wp:featuredmedia":[{"embeddable":true,"href":"https:\/\/www.planbnoticias.com.ar\/index.php\/wp-json\/wp\/v2\/media\/227038"}],"wp:attachment":[{"href":"https:\/\/www.planbnoticias.com.ar\/index.php\/wp-json\/wp\/v2\/media?parent=227037"}],"wp:term":[{"taxonomy":"category","embeddable":true,"href":"https:\/\/www.planbnoticias.com.ar\/index.php\/wp-json\/wp\/v2\/categories?post=227037"},{"taxonomy":"post_tag","embeddable":true,"href":"https:\/\/www.planbnoticias.com.ar\/index.php\/wp-json\/wp\/v2\/tags?post=227037"}],"curies":[{"name":"wp","href":"https:\/\/api.w.org\/{rel}","templated":true}]}}