{"id":232433,"date":"2020-08-05T18:19:11","date_gmt":"2020-08-05T21:19:11","guid":{"rendered":"http:\/\/www.planbnoticias.com.ar\/?p=232433"},"modified":"2020-08-05T18:19:11","modified_gmt":"2020-08-05T21:19:11","slug":"piden-ampliar-el-plazo-de-gracia-a-creditos-de-emprendedores","status":"publish","type":"post","link":"https:\/\/www.planbnoticias.com.ar\/index.php\/2020\/08\/05\/piden-ampliar-el-plazo-de-gracia-a-creditos-de-emprendedores\/","title":{"rendered":"Piden ampliar el plazo de gracia a cr\u00e9ditos de emprendedores"},"content":{"rendered":"<p><img fetchpriority=\"high\" decoding=\"async\" class=\"alignnone size-full wp-image-211933\" src=\"http:\/\/www.planbnoticias.com.ar\/wp-content\/uploads\/2020\/03\/ediles-frepam.jpeg\" alt=\"\" width=\"1280\" height=\"853\" srcset=\"https:\/\/www.planbnoticias.com.ar\/wp-content\/uploads\/2020\/03\/ediles-frepam.jpeg 1280w, https:\/\/www.planbnoticias.com.ar\/wp-content\/uploads\/2020\/03\/ediles-frepam-300x200.jpeg 300w, https:\/\/www.planbnoticias.com.ar\/wp-content\/uploads\/2020\/03\/ediles-frepam-1024x682.jpeg 1024w, https:\/\/www.planbnoticias.com.ar\/wp-content\/uploads\/2020\/03\/ediles-frepam-768x512.jpeg 768w, https:\/\/www.planbnoticias.com.ar\/wp-content\/uploads\/2020\/03\/ediles-frepam-1170x780.jpeg 1170w, https:\/\/www.planbnoticias.com.ar\/wp-content\/uploads\/2020\/03\/ediles-frepam-585x390.jpeg 585w, https:\/\/www.planbnoticias.com.ar\/wp-content\/uploads\/2020\/03\/ediles-frepam-263x175.jpeg 263w\" sizes=\"(max-width: 1280px) 100vw, 1280px\" \/><\/p>\n<p>Desde el Bloque del Frepam presentaron un proyecto para que se ampl\u00ede por doce meses el plazo de gracia que los emprendedores y trabajadores de la econom\u00eda popular tienen para comenzar a abonar las cuotas correspondientes al reintegro de los cr\u00e9ditos otorgados por la Municipalidad.<\/p>\n<p>Los concejales se\u00f1alan que en el \u00e1mbito la Municipalidad de Santa Rosa se encuentran vigentes diversas l\u00edneas de cr\u00e9ditos, que se solventan con fondos municipales o provinciales seg\u00fan el caso, y que poseen diferentes plazos de gracia para que los beneficiarios comiencen a abonar las cuotas acordadas.<br \/>\n<script async src=\"\/\/\"><\/script><br \/>\n<!-- Publi m\u00f3vil interior nota --><br \/>\n<ins class=\"adsbygoogle\" style=\"display: inline-block; width: 320px; height: 100px;\" data-ad-client=\"ca-pub-7250018434179914\" data-ad-slot=\"1040343543\"><\/ins><br \/>\n<script>\n(adsbygoogle = window.adsbygoogle \n|| []).push({});\n<\/script><\/p>\n<p>Indican que \u201cLa ca\u00edda de la actividad econ\u00f3mica generada por el aislamiento, cuyo impacto ser\u00e1 a\u00fan m\u00e1s grave luego del necesario retroceso a Fase 1 recientemente decretado, no es ajena a los emprendedores, quienes con mucho esfuerzo y dedicaci\u00f3n intentan desarrollar sus proyectos productivos que dinamizan la econom\u00eda local\u201d.<\/p>\n<p>El bloque del FrePam sostiene que \u201cLas medidas sanitarias dispuestas para cuidar la salud deben conjugarse con decisiones pol\u00edticas y econ\u00f3micas que permitan amalgamar el impacto de la paralizaci\u00f3n de las actividades comerciales. En este sentido, el Estado municipal puede llevar adelante medidas para auxiliar a este sector, a fin de que sus proyectos no se vean frustrados por las consecuencias de la pandemia del Covid-19\u201d.<\/p>\n<p>El proyecto presentado: \u201cpone el foco en aquellos emprendimientos que se encuentran en el comienzo de su desarrollo, y que han adquirido recientemente cr\u00e9ditos en algunas de las diversas l\u00edneas vigentes en el \u00e1mbito municipal y cuyo plazo de gracia para comenzar a reintegrar las sumas recibidas se encuentra pr\u00f3ximo a concluir. Dicho plazo, en el caso de los cr\u00e9ditos otorgados entre el 1 de agosto de 2019 y el 31 de julio del 2020, evidentemente, no ha podido ser aprovechado adecuadamente como consecuencia de la paralizaci\u00f3n de las actividades econ\u00f3micas\u201d.<\/p>\n<p>\u201cEn tal sentido, ser\u00eda beneficioso para el sector que se disponga la ampliaci\u00f3n por doce meses del plazo de gracia otorgado para comenzar a abonar las cuotas\u201d.<\/p>\n<p>Resaltan que la propuesta: \u201ctiene un objetivo a corto plazo, cu\u00e1l es apoyar de manera inmediata a los beneficiarios de cr\u00e9ditos recientes para que no vean frustrados sus proyectos; y paralelamente, a largo plazo, prev\u00e9 proteger la futura coparticipaci\u00f3n que podr\u00eda verse perjudicada ante eventuales fracasos en los emprendimientos, y sostener una cadena de disponibilidad de fondos en las cuentas de recupero para pr\u00f3ximos beneficiarios\u201d.<\/p>\n","protected":false},"excerpt":{"rendered":"<p>Desde el Bloque del Frepam presentaron un proyecto para que se ampl\u00ede por doce meses el plazo de gracia que los emprendedores y trabajadores de la econom\u00eda popular tienen para&hellip;<\/p>\n","protected":false},"author":4,"featured_media":211933,"comment_status":"closed","ping_status":"open","sticky":false,"template":"","format":"standard","meta":{"footnotes":""},"categories":[4],"tags":[],"class_list":["post-232433","post","type-post","status-publish","format-standard","has-post-thumbnail","hentry","category-ciudad"],"jetpack_featured_media_url":"https:\/\/www.planbnoticias.com.ar\/wp-content\/uploads\/2020\/03\/ediles-frepam.jpeg","_links":{"self":[{"href":"https:\/\/www.planbnoticias.com.ar\/index.php\/wp-json\/wp\/v2\/posts\/232433","targetHints":{"allow":["GET"]}}],"collection":[{"href":"https:\/\/www.planbnoticias.com.ar\/index.php\/wp-json\/wp\/v2\/posts"}],"about":[{"href":"https:\/\/www.planbnoticias.com.ar\/index.php\/wp-json\/wp\/v2\/types\/post"}],"author":[{"embeddable":true,"href":"https:\/\/www.planbnoticias.com.ar\/index.php\/wp-json\/wp\/v2\/users\/4"}],"replies":[{"embeddable":true,"href":"https:\/\/www.planbnoticias.com.ar\/index.php\/wp-json\/wp\/v2\/comments?post=232433"}],"version-history":[{"count":1,"href":"https:\/\/www.planbnoticias.com.ar\/index.php\/wp-json\/wp\/v2\/posts\/232433\/revisions"}],"predecessor-version":[{"id":232434,"href":"https:\/\/www.planbnoticias.com.ar\/index.php\/wp-json\/wp\/v2\/posts\/232433\/revisions\/232434"}],"wp:featuredmedia":[{"embeddable":true,"href":"https:\/\/www.planbnoticias.com.ar\/index.php\/wp-json\/wp\/v2\/media\/211933"}],"wp:attachment":[{"href":"https:\/\/www.planbnoticias.com.ar\/index.php\/wp-json\/wp\/v2\/media?parent=232433"}],"wp:term":[{"taxonomy":"category","embeddable":true,"href":"https:\/\/www.planbnoticias.com.ar\/index.php\/wp-json\/wp\/v2\/categories?post=232433"},{"taxonomy":"post_tag","embeddable":true,"href":"https:\/\/www.planbnoticias.com.ar\/index.php\/wp-json\/wp\/v2\/tags?post=232433"}],"curies":[{"name":"wp","href":"https:\/\/api.w.org\/{rel}","templated":true}]}}