{"id":237349,"date":"2020-09-13T11:56:02","date_gmt":"2020-09-13T14:56:02","guid":{"rendered":"http:\/\/www.planbnoticias.com.ar\/?p=237349"},"modified":"2020-09-13T11:56:25","modified_gmt":"2020-09-13T14:56:25","slug":"los-concejales-siguen-con-la-fabula-la-serpiente-y-la-luciernaga","status":"publish","type":"post","link":"https:\/\/www.planbnoticias.com.ar\/index.php\/2020\/09\/13\/los-concejales-siguen-con-la-fabula-la-serpiente-y-la-luciernaga\/","title":{"rendered":"Los concejales siguen con la f\u00e1bula \u201cLa serpiente y la luci\u00e9rnaga\u201d"},"content":{"rendered":"<p><img fetchpriority=\"high\" decoding=\"async\" class=\"alignnone size-full wp-image-232712\" src=\"http:\/\/www.planbnoticias.com.ar\/wp-content\/uploads\/2020\/08\/pera-ibarguren.jpg\" alt=\"\" width=\"1400\" height=\"933\" srcset=\"https:\/\/www.planbnoticias.com.ar\/wp-content\/uploads\/2020\/08\/pera-ibarguren.jpg 1400w, https:\/\/www.planbnoticias.com.ar\/wp-content\/uploads\/2020\/08\/pera-ibarguren-300x200.jpg 300w, https:\/\/www.planbnoticias.com.ar\/wp-content\/uploads\/2020\/08\/pera-ibarguren-1024x682.jpg 1024w, https:\/\/www.planbnoticias.com.ar\/wp-content\/uploads\/2020\/08\/pera-ibarguren-768x512.jpg 768w, https:\/\/www.planbnoticias.com.ar\/wp-content\/uploads\/2020\/08\/pera-ibarguren-1170x780.jpg 1170w, https:\/\/www.planbnoticias.com.ar\/wp-content\/uploads\/2020\/08\/pera-ibarguren-585x390.jpg 585w, https:\/\/www.planbnoticias.com.ar\/wp-content\/uploads\/2020\/08\/pera-ibarguren-263x175.jpg 263w\" sizes=\"(max-width: 1400px) 100vw, 1400px\" \/><\/p>\n<p>El concejal radical, Pablo Pera Ibarguren, sali\u00f3 a responderle a su par del FreJuPa, Anal\u00eda Torres, qui\u00e9n se\u00f1al\u00f3 que las acusaciones del exfuncionario por el estado de las cuentas de la MSR, se le asemejaba a la f\u00e1bula \u201cLa serpiente y la luci\u00e9rnaga\u201d, haciendo alusi\u00f3n que el edil no soporta ver brillar a la Municipalidad.<br \/>\n<script async src=\"\/\/\"><\/script><br \/>\n<!-- Publi m\u00f3vil interior nota --><br \/>\n<ins class=\"adsbygoogle\" style=\"display: inline-block; width: 320px; height: 100px;\" data-ad-client=\"ca-pub-7250018434179914\" data-ad-slot=\"1040343543\"><\/ins><br \/>\n<script>\n(adsbygoogle = window.adsbygoogle \n|| []).push({});\n<\/script><\/p>\n<p>La concejala del FreJuPa, Anal\u00eda Torres, cruz\u00f3 al concejal del FrePam, Pablo Pera Ibarguren, quien asegur\u00f3 que la Municipalidad tuvo en julio un d\u00e9ficit de 60 millones de pesos, y lo asoci\u00f3 a nuevas contrataciones de personal que realiz\u00f3 la actual gesti\u00f3n<\/p>\n<p>En respuesta, la concejala del oficialismo, defendi\u00f3 los n\u00fameros de la actual gesti\u00f3n y asegur\u00f3 que el personal de la Municipalidad es el que dej\u00f3 la anterior gesti\u00f3n. Al final hizo una comparaci\u00f3n \u201cSi me preguntaran a mis a\u00f1os que es lo que creo que pasa en realidad con estos anuncios no puedo menos que recordar la f\u00e1bula de la v\u00edbora y la luci\u00e9rnaga: porque quieres picarme si no soy tu enemiga si no te hice da\u00f1o ni se lo hago a los dem\u00e1s\u2026y la serpiente respondi\u00f3\u2026Porque no soporto verte brillar\u201d.<\/p>\n<blockquote class=\"wp-embedded-content\" data-secret=\"atRsa44FHE\"><p><a href=\"http:\/\/www.planbnoticias.com.ar\/index.php\/2020\/09\/11\/torres-desmintio-nuevas-contrataciones-en-el-municipio-y-aseguro-que-los-numeros-no-son-deficitarios\/\">Torres desminti\u00f3 nuevas contrataciones en el municipio y asegur\u00f3 que los n\u00fameros no son deficitarios<\/a><\/p><\/blockquote>\n<p><iframe class=\"wp-embedded-content\" sandbox=\"allow-scripts\" security=\"restricted\" style=\"position: absolute; clip: rect(1px, 1px, 1px, 1px);\" title=\"&#171;Torres desminti\u00f3 nuevas contrataciones en el municipio y asegur\u00f3 que los n\u00fameros no son deficitarios&#187; &#8212; Plan B Noticias\" src=\"http:\/\/www.planbnoticias.com.ar\/index.php\/2020\/09\/11\/torres-desmintio-nuevas-contrataciones-en-el-municipio-y-aseguro-que-los-numeros-no-son-deficitarios\/embed\/#?secret=atRsa44FHE\" data-secret=\"atRsa44FHE\" width=\"600\" height=\"338\" frameborder=\"0\" marginwidth=\"0\" marginheight=\"0\" scrolling=\"no\"><\/iframe><br \/>\nTras esta situaci\u00f3n el radical manifest\u00f3 textualmente lo siguiente:<\/p>\n<p><em><strong>Amigos, dada la pintoresca controversia derivada de mis dichos sobre el estado de las cuentas municipales, motivando que desde alguna banca se comparen mis planteos con la f\u00e1bula de una serpiente envidiosa (comparaci\u00f3n compartida por el Bloque del Frejupa), quiz\u00e1s queriendo\u00a0 imponerme el castigo b\u00edblico que el libro del g\u00e9nesis le dio al m\u00e1s astuto de los animales: \u201cser un maldito destinado a arrastrarse y comer polvo el resto de sus d\u00edas\u201d, debo decir que no ser\u00e1 la primera ni la \u00faltima vez que deba merecer dicho castigo.<\/strong><\/em><\/p>\n<p><em><strong>En la publicaci\u00f3n anterior, intent\u00e9 expresar que para afrontar el pago de los compromisos asumidos, el municipio necesit\u00f3 recurrir a anticipos de coparticipaci\u00f3n y aportes no reintegrables.\u00a0 S\u00f3lo con este auxilio el balance pudo equilibrarse.<\/strong><\/em><\/p>\n<p><em><strong>Datos publicados en el Bolet\u00edn Oficial desde Enero 2020 hasta Julio 2020:<\/strong><\/em><\/p>\n<p><em><strong>-INGRESOS ORDINARIOS: 1.493 millones de pesos<\/strong><\/em><\/p>\n<p><em><strong>-PAGOS: 1.620 millones de pesos (incluye 54 millones de amortizaciones)<\/strong><\/em><\/p>\n<p><em><strong>-DIFERENCIA: -127 millones de pesos<\/strong><\/em><\/p>\n<p><em><strong>-ANT. COPARTICIPACI\u00d3N: 181 millones de pesos (endeudamiento)<\/strong><\/em><\/p>\n<p><em><strong>-BALANCE: 54 millones pesos<\/strong><\/em><\/p>\n<p><em><strong>De ello se evidencia que sin el endeudamiento o el auxilio del Gobierno Provincial o Nacional, al Municipio no le hubieran alcanzado sus ingresos ordinarios para asumir sus compromisos de pago. Estos preocupantes n\u00fameros \u00bfno demandan empezar a manejarse con mayor responsabilidad y cautela?<\/strong><\/em><\/p>\n<p><em><strong>Acaso me pregunto:<\/strong><\/em><\/p>\n<p><em><strong>\u00bfNo es cierto que se increment\u00f3 un 20% la planta de funcionarios respecto al 2019?<\/strong><\/em><\/p>\n<p><em><strong>\u00bfNo es cierto que se incorporaron 69 trabajadores al EMTU en 2020?<\/strong><\/em><\/p>\n<p><em><strong>\u00bfNo es cierto que se incorporaron 17 trabajadoras y trabajadores al municipio en plena pandemia?<\/strong><\/em><\/p>\n<p><em><strong>\u00bfNo es cierto que se mantiene una deuda de aprox. 150 millones con Aguas del Colorado 2019-2020?<\/strong><\/em><\/p>\n<p><em><strong>\u00bfNo es cierto que en 7 meses se recibieron adelantos de coparticipaci\u00f3n por 181 millones de pesos?<\/strong><\/em><\/p>\n<p><em><strong>\u00bfNo es cierto que en 7 meses se recibieron auxilios de la Provincia y\/o Naci\u00f3n por 20 millones de pesos como aportes no reintegrables?<\/strong><\/em><\/p>\n<p><em><strong>Si esto algo evidencia, con claridad enceguecedora, es que los n\u00fameros de la Municipalidad no cierran sin recurrir al endeudamiento permanente por adelantos de coparticipaci\u00f3n y\/o al auxilio del Gobierno Provincial y\/o Nacional.<\/strong><\/em><\/p>\n<p><em><strong>Pero para volver al motivo del t\u00edtulo y lo pintoresco que se ha encarado el asunto, debo decir que nada mejor para definir la actual gesti\u00f3n que relacionar su brillo con el de una luci\u00e9rnaga.<\/strong><\/em><\/p>\n<p><em><strong>El brillo de la luci\u00e9rnaga, a diferencia del brillo del sol, necesita de oscuridad para poder ser observado y no brilla por el solo hecho de brillar, sino que su brillo, han dicho los bi\u00f3logos, responde a la necesidad de la luci\u00e9rnaga de seducir a los dem\u00e1s para obtener lo que desea.<\/strong><\/em><\/p>\n<p><em><strong>Mientras haya claridad, como en las obvias respuestas a las preguntas que hice, no se ver\u00e1 el brillo de las luci\u00e9rnagas. Pero mientras Santa Rosa se mantenga en la oscuridad, seguramente veremos sus intermitentes destellos.<\/strong><\/em><\/p>\n","protected":false},"excerpt":{"rendered":"<p>El concejal radical, Pablo Pera Ibarguren, sali\u00f3 a responderle a su par del FreJuPa, Anal\u00eda Torres, qui\u00e9n se\u00f1al\u00f3 que las acusaciones del exfuncionario por el estado de las cuentas de&hellip;<\/p>\n","protected":false},"author":4,"featured_media":232712,"comment_status":"closed","ping_status":"open","sticky":false,"template":"","format":"standard","meta":{"footnotes":""},"categories":[4,7],"tags":[],"class_list":["post-237349","post","type-post","status-publish","format-standard","has-post-thumbnail","hentry","category-ciudad","category-destacadas"],"jetpack_featured_media_url":"https:\/\/www.planbnoticias.com.ar\/wp-content\/uploads\/2020\/08\/pera-ibarguren.jpg","_links":{"self":[{"href":"https:\/\/www.planbnoticias.com.ar\/index.php\/wp-json\/wp\/v2\/posts\/237349","targetHints":{"allow":["GET"]}}],"collection":[{"href":"https:\/\/www.planbnoticias.com.ar\/index.php\/wp-json\/wp\/v2\/posts"}],"about":[{"href":"https:\/\/www.planbnoticias.com.ar\/index.php\/wp-json\/wp\/v2\/types\/post"}],"author":[{"embeddable":true,"href":"https:\/\/www.planbnoticias.com.ar\/index.php\/wp-json\/wp\/v2\/users\/4"}],"replies":[{"embeddable":true,"href":"https:\/\/www.planbnoticias.com.ar\/index.php\/wp-json\/wp\/v2\/comments?post=237349"}],"version-history":[{"count":1,"href":"https:\/\/www.planbnoticias.com.ar\/index.php\/wp-json\/wp\/v2\/posts\/237349\/revisions"}],"predecessor-version":[{"id":237350,"href":"https:\/\/www.planbnoticias.com.ar\/index.php\/wp-json\/wp\/v2\/posts\/237349\/revisions\/237350"}],"wp:featuredmedia":[{"embeddable":true,"href":"https:\/\/www.planbnoticias.com.ar\/index.php\/wp-json\/wp\/v2\/media\/232712"}],"wp:attachment":[{"href":"https:\/\/www.planbnoticias.com.ar\/index.php\/wp-json\/wp\/v2\/media?parent=237349"}],"wp:term":[{"taxonomy":"category","embeddable":true,"href":"https:\/\/www.planbnoticias.com.ar\/index.php\/wp-json\/wp\/v2\/categories?post=237349"},{"taxonomy":"post_tag","embeddable":true,"href":"https:\/\/www.planbnoticias.com.ar\/index.php\/wp-json\/wp\/v2\/tags?post=237349"}],"curies":[{"name":"wp","href":"https:\/\/api.w.org\/{rel}","templated":true}]}}