{"id":246607,"date":"2020-11-19T09:25:55","date_gmt":"2020-11-19T12:25:55","guid":{"rendered":"http:\/\/www.planbnoticias.com.ar\/?p=246607"},"modified":"2020-11-19T10:27:49","modified_gmt":"2020-11-19T13:27:49","slug":"denuncian-al-sempre-por-cortar-la-cobertura-a-una-persona-con-discapacidad","status":"publish","type":"post","link":"https:\/\/www.planbnoticias.com.ar\/index.php\/2020\/11\/19\/denuncian-al-sempre-por-cortar-la-cobertura-a-una-persona-con-discapacidad\/","title":{"rendered":"Denuncian al SEMPRE por cortar la cobertura a una persona con discapacidad"},"content":{"rendered":"<p><img fetchpriority=\"high\" decoding=\"async\" class=\"alignnone size-full wp-image-214903\" src=\"http:\/\/www.planbnoticias.com.ar\/wp-content\/uploads\/2020\/03\/sempre-coronavirus.jpg\" alt=\"\" width=\"900\" height=\"507\" srcset=\"https:\/\/www.planbnoticias.com.ar\/wp-content\/uploads\/2020\/03\/sempre-coronavirus.jpg 900w, https:\/\/www.planbnoticias.com.ar\/wp-content\/uploads\/2020\/03\/sempre-coronavirus-300x169.jpg 300w, https:\/\/www.planbnoticias.com.ar\/wp-content\/uploads\/2020\/03\/sempre-coronavirus-768x433.jpg 768w, https:\/\/www.planbnoticias.com.ar\/wp-content\/uploads\/2020\/03\/sempre-coronavirus-585x330.jpg 585w\" sizes=\"(max-width: 900px) 100vw, 900px\" \/><\/p>\n<p>Un paciente de la obra social provincial se present\u00f3 una vez m\u00e1s a la justicia para conseguir la cobertura de su tratamiento en un hogar para adultos mayores.<\/p>\n<p>En la denuncia presentada ante la Fiscal\u00eda de Investigaciones administrativas se conoce que la prestaci\u00f3n fue cortada el 28 de septiembre cuando la salud del paciente empeor\u00f3. Ya hab\u00eda tenido que ir a la justicia y hab\u00eda conseguido en 2015 obligar al SEMPRE a pagar la estad\u00eda en el Asilo de Ancianos.<\/p>\n<p><script async src=\"\/\/pagead2.googlesyndication.com\/pagead\/js\/adsbygoogle.js\"><\/script><br \/>\n<!-- Publi m\u00f3vil interior nota --><br \/>\n<ins class=\"adsbygoogle\" style=\"display: inline-block; width: 320px; height: 100px;\" data-ad-client=\"ca-pub-7250018434179914\" data-ad-slot=\"1040343543\"><\/ins><br \/>\n<script>\n(adsbygoogle = window.adsbygoogle || []).push({});\n<\/script><\/p>\n<p>Seg\u00fan se desprende de la historia del caso, el hombre, un adulto mayor afiliado a la obra social del estado pampeano, fue a la justicia la primera vez porque le negaban ese pago mensual. Tras una sentencia firme del a\u00f1o 2015 el SEMPRE fue obligado a brindar la cobertura integral derivada del hogar de Ancianos.<\/p>\n<p>La sostuvo hasta el 28 de Septiembre cuando el paciente empeor\u00f3 su salud y demand\u00f3 el trasladado de un hogar de ancianos a otro de mayor complejidad y m\u00e1s costoso. El hombre no cuenta con recursos ni con una familia de contenci\u00f3n y ve afectado su derecho a la salud por ya no poder costear los gastos que derivan del hogar de ancianos y que deber\u00eda estar pagano SEMPRE.<\/p>\n<p>Adem\u00e1s se present\u00f3 en el Juzgado en lo Civil, Comercial y Miner\u00eda N\u00ba 2, a cargo de la jueza\u00a0 Mar\u00eda del Carmen Garc\u00eda, una medida cautelar y una acci\u00f3n de ejecuci\u00f3n de sentencia para que se \u201cordene a\u00a0 SEMPRE a cumplir con la sentencia o en su defecto se proceda a su ejecuci\u00f3n\u201d.<\/p>\n<p>La obra social cumpli\u00f3 la sentencia desde 2015 hasta el 28 de septiembre de 2020. A partir de ah\u00ed los pagos se cortaron. El paciente est\u00e1 internado en el hogar de ancianos \u201cMadre\u00a0 Teresa\u201d , y no cuenta con recursos econ\u00f3micos\u00a0 para poder solventar los gastos \u201cy tampoco le corresponde ya que dicha sentencia y la legislaci\u00f3n le otorgan esa obligaci\u00f3n a la obra social\u201d.<\/p>\n<p>Sobre el caso, la justicia ya se expres\u00f3 tres veces en favor del paciente, en 2014, 2015 y 2019. En 2020 nuevamente tiene que exigir el cumplimiento de una sentencia que le otorg\u00f3 la cobertura solicitada.<\/p>\n","protected":false},"excerpt":{"rendered":"<p>Un paciente de la obra social provincial se present\u00f3 una vez m\u00e1s a la justicia para conseguir la cobertura de su tratamiento en un hogar para adultos mayores. En la&hellip;<\/p>\n","protected":false},"author":2,"featured_media":214903,"comment_status":"closed","ping_status":"open","sticky":false,"template":"","format":"standard","meta":{"footnotes":""},"categories":[13,15],"tags":[],"class_list":["post-246607","post","type-post","status-publish","format-standard","has-post-thumbnail","hentry","category-provincia","category-tapa"],"jetpack_featured_media_url":"https:\/\/www.planbnoticias.com.ar\/wp-content\/uploads\/2020\/03\/sempre-coronavirus.jpg","_links":{"self":[{"href":"https:\/\/www.planbnoticias.com.ar\/index.php\/wp-json\/wp\/v2\/posts\/246607","targetHints":{"allow":["GET"]}}],"collection":[{"href":"https:\/\/www.planbnoticias.com.ar\/index.php\/wp-json\/wp\/v2\/posts"}],"about":[{"href":"https:\/\/www.planbnoticias.com.ar\/index.php\/wp-json\/wp\/v2\/types\/post"}],"author":[{"embeddable":true,"href":"https:\/\/www.planbnoticias.com.ar\/index.php\/wp-json\/wp\/v2\/users\/2"}],"replies":[{"embeddable":true,"href":"https:\/\/www.planbnoticias.com.ar\/index.php\/wp-json\/wp\/v2\/comments?post=246607"}],"version-history":[{"count":2,"href":"https:\/\/www.planbnoticias.com.ar\/index.php\/wp-json\/wp\/v2\/posts\/246607\/revisions"}],"predecessor-version":[{"id":246609,"href":"https:\/\/www.planbnoticias.com.ar\/index.php\/wp-json\/wp\/v2\/posts\/246607\/revisions\/246609"}],"wp:featuredmedia":[{"embeddable":true,"href":"https:\/\/www.planbnoticias.com.ar\/index.php\/wp-json\/wp\/v2\/media\/214903"}],"wp:attachment":[{"href":"https:\/\/www.planbnoticias.com.ar\/index.php\/wp-json\/wp\/v2\/media?parent=246607"}],"wp:term":[{"taxonomy":"category","embeddable":true,"href":"https:\/\/www.planbnoticias.com.ar\/index.php\/wp-json\/wp\/v2\/categories?post=246607"},{"taxonomy":"post_tag","embeddable":true,"href":"https:\/\/www.planbnoticias.com.ar\/index.php\/wp-json\/wp\/v2\/tags?post=246607"}],"curies":[{"name":"wp","href":"https:\/\/api.w.org\/{rel}","templated":true}]}}