{"id":254500,"date":"2021-01-21T13:42:37","date_gmt":"2021-01-21T16:42:37","guid":{"rendered":"http:\/\/www.planbnoticias.com.ar\/?p=254500"},"modified":"2021-01-21T17:15:46","modified_gmt":"2021-01-21T20:15:46","slug":"trabajo-clausuro-el-geriatrico-en-el-que-hubo-un-brote-de-coronavirus","status":"publish","type":"post","link":"https:\/\/www.planbnoticias.com.ar\/index.php\/2021\/01\/21\/trabajo-clausuro-el-geriatrico-en-el-que-hubo-un-brote-de-coronavirus\/","title":{"rendered":"Trabajo clausur\u00f3 el geri\u00e1trico en el que hubo un brote de coronavirus"},"content":{"rendered":"<p><img fetchpriority=\"high\" decoding=\"async\" class=\"alignnone size-full wp-image-254501\" src=\"http:\/\/www.planbnoticias.com.ar\/wp-content\/uploads\/2021\/01\/geri\u00e1trico-anita-gonnet2.jpg\" alt=\"\" width=\"1032\" height=\"774\" srcset=\"https:\/\/www.planbnoticias.com.ar\/wp-content\/uploads\/2021\/01\/geri\u00e1trico-anita-gonnet2.jpg 1032w, https:\/\/www.planbnoticias.com.ar\/wp-content\/uploads\/2021\/01\/geri\u00e1trico-anita-gonnet2-300x225.jpg 300w, https:\/\/www.planbnoticias.com.ar\/wp-content\/uploads\/2021\/01\/geri\u00e1trico-anita-gonnet2-1024x768.jpg 1024w, https:\/\/www.planbnoticias.com.ar\/wp-content\/uploads\/2021\/01\/geri\u00e1trico-anita-gonnet2-768x576.jpg 768w, https:\/\/www.planbnoticias.com.ar\/wp-content\/uploads\/2021\/01\/geri\u00e1trico-anita-gonnet2-585x439.jpg 585w\" sizes=\"(max-width: 1032px) 100vw, 1032px\" \/><\/p>\n<p>La Secretar\u00eda de Trabajo y Empleo clausur\u00f3 este jueves el geri\u00e1trico Anita Gonnet ubicado en la calle Liberato Rosas al 1020 por violaci\u00f3n de los protocolos vigentes.<\/p>\n<p>La autoridad de contralor corrobor\u00f3 lo que denunciaron las empleadas: en el interior del geri\u00e1trico no se cumpl\u00eda el protocolo sanitario por COVID-19.<\/p>\n<p><script async src=\"\/\/pagead2.googlesyndication.com\/pagead\/js\/adsbygoogle.js\"><\/script><br \/>\n<!-- Publi m\u00f3vil interior nota --><br \/>\n<ins class=\"adsbygoogle\" style=\"display: inline-block; width: 320px; height: 100px;\" data-ad-client=\"ca-pub-7250018434179914\" data-ad-slot=\"1040343543\"><\/ins><br \/>\n<script>\n(adsbygoogle = window.adsbygoogle || []).push({});\n<\/script><\/p>\n<blockquote class=\"wp-embedded-content\" data-secret=\"jXjF2D8EEC\"><p><a href=\"http:\/\/www.planbnoticias.com.ar\/index.php\/2021\/01\/20\/brote-de-coronavirus-en-un-geriatrico-de-santa-rosa\/\">Brote de coronavirus en un geri\u00e1trico de Santa Rosa<\/a><\/p><\/blockquote>\n<p><iframe class=\"wp-embedded-content\" sandbox=\"allow-scripts\" security=\"restricted\" style=\"position: absolute; clip: rect(1px, 1px, 1px, 1px);\" title=\"&#171;Brote de coronavirus en un geri\u00e1trico de Santa Rosa&#187; &#8212; Plan B Noticias\" src=\"http:\/\/www.planbnoticias.com.ar\/index.php\/2021\/01\/20\/brote-de-coronavirus-en-un-geriatrico-de-santa-rosa\/embed\/#?secret=jXjF2D8EEC\" data-secret=\"jXjF2D8EEC\" width=\"600\" height=\"338\" frameborder=\"0\" marginwidth=\"0\" marginheight=\"0\" scrolling=\"no\"><\/iframe><\/p>\n<p>Tambi\u00e9n, investiga posible infracci\u00f3n a la ley laboral. Esta ma\u00f1ana el secretario de Trabajo, Marcelo Pedehont\u00e1a, recibi\u00f3 a dos empleadas que denunciaron haber estado en negro y que fueron despedidas por el brote de coronavirus.<\/p>\n<blockquote class=\"wp-embedded-content\" data-secret=\"vCcqVdOcCJ\"><p><a href=\"http:\/\/www.planbnoticias.com.ar\/index.php\/2021\/01\/21\/brote-de-coronavirus-en-el-geriatrico-denuncian-que-la-duena-echo-a-todo-el-personal\/\">Brote de coronavirus en el geri\u00e1trico: denuncian que la due\u00f1a ech\u00f3 a todo el personal<\/a><\/p><\/blockquote>\n<p><iframe class=\"wp-embedded-content\" sandbox=\"allow-scripts\" security=\"restricted\" style=\"position: absolute; clip: rect(1px, 1px, 1px, 1px);\" title=\"&#171;Brote de coronavirus en el geri\u00e1trico: denuncian que la due\u00f1a ech\u00f3 a todo el personal&#187; &#8212; Plan B Noticias\" src=\"http:\/\/www.planbnoticias.com.ar\/index.php\/2021\/01\/21\/brote-de-coronavirus-en-el-geriatrico-denuncian-que-la-duena-echo-a-todo-el-personal\/embed\/#?secret=vCcqVdOcCJ\" data-secret=\"vCcqVdOcCJ\" width=\"600\" height=\"338\" frameborder=\"0\" marginwidth=\"0\" marginheight=\"0\" scrolling=\"no\"><\/iframe><\/p>\n<p>En el caso interviene el Ministerio de Salud de La Pampa. All\u00ed se habr\u00edan detectado trece casos positivos, nueve en residentes del geri\u00e1trico y 4 en el personal. (ver los siguientes enlaces).<\/p>\n<p><img decoding=\"async\" class=\"alignnone size-full wp-image-254502\" src=\"http:\/\/www.planbnoticias.com.ar\/wp-content\/uploads\/2021\/01\/geri\u00e1trico-anita-gonnet.jpg\" alt=\"\" width=\"774\" height=\"1032\" srcset=\"https:\/\/www.planbnoticias.com.ar\/wp-content\/uploads\/2021\/01\/geri\u00e1trico-anita-gonnet.jpg 774w, https:\/\/www.planbnoticias.com.ar\/wp-content\/uploads\/2021\/01\/geri\u00e1trico-anita-gonnet-225x300.jpg 225w, https:\/\/www.planbnoticias.com.ar\/wp-content\/uploads\/2021\/01\/geri\u00e1trico-anita-gonnet-768x1024.jpg 768w, https:\/\/www.planbnoticias.com.ar\/wp-content\/uploads\/2021\/01\/geri\u00e1trico-anita-gonnet-585x780.jpg 585w\" sizes=\"(max-width: 774px) 100vw, 774px\" \/><\/p>\n","protected":false},"excerpt":{"rendered":"<p>La Secretar\u00eda de Trabajo y Empleo clausur\u00f3 este jueves el geri\u00e1trico Anita Gonnet ubicado en la calle Liberato Rosas al 1020 por violaci\u00f3n de los protocolos vigentes. La autoridad de&hellip;<\/p>\n","protected":false},"author":2,"featured_media":254502,"comment_status":"closed","ping_status":"open","sticky":false,"template":"","format":"standard","meta":{"footnotes":""},"categories":[4,12939],"tags":[],"class_list":["post-254500","post","type-post","status-publish","format-standard","has-post-thumbnail","hentry","category-ciudad","category-covid-19"],"jetpack_featured_media_url":"https:\/\/www.planbnoticias.com.ar\/wp-content\/uploads\/2021\/01\/geri\u00e1trico-anita-gonnet.jpg","_links":{"self":[{"href":"https:\/\/www.planbnoticias.com.ar\/index.php\/wp-json\/wp\/v2\/posts\/254500","targetHints":{"allow":["GET"]}}],"collection":[{"href":"https:\/\/www.planbnoticias.com.ar\/index.php\/wp-json\/wp\/v2\/posts"}],"about":[{"href":"https:\/\/www.planbnoticias.com.ar\/index.php\/wp-json\/wp\/v2\/types\/post"}],"author":[{"embeddable":true,"href":"https:\/\/www.planbnoticias.com.ar\/index.php\/wp-json\/wp\/v2\/users\/2"}],"replies":[{"embeddable":true,"href":"https:\/\/www.planbnoticias.com.ar\/index.php\/wp-json\/wp\/v2\/comments?post=254500"}],"version-history":[{"count":5,"href":"https:\/\/www.planbnoticias.com.ar\/index.php\/wp-json\/wp\/v2\/posts\/254500\/revisions"}],"predecessor-version":[{"id":254518,"href":"https:\/\/www.planbnoticias.com.ar\/index.php\/wp-json\/wp\/v2\/posts\/254500\/revisions\/254518"}],"wp:featuredmedia":[{"embeddable":true,"href":"https:\/\/www.planbnoticias.com.ar\/index.php\/wp-json\/wp\/v2\/media\/254502"}],"wp:attachment":[{"href":"https:\/\/www.planbnoticias.com.ar\/index.php\/wp-json\/wp\/v2\/media?parent=254500"}],"wp:term":[{"taxonomy":"category","embeddable":true,"href":"https:\/\/www.planbnoticias.com.ar\/index.php\/wp-json\/wp\/v2\/categories?post=254500"},{"taxonomy":"post_tag","embeddable":true,"href":"https:\/\/www.planbnoticias.com.ar\/index.php\/wp-json\/wp\/v2\/tags?post=254500"}],"curies":[{"name":"wp","href":"https:\/\/api.w.org\/{rel}","templated":true}]}}