{"id":254634,"date":"2021-01-22T18:05:52","date_gmt":"2021-01-22T21:05:52","guid":{"rendered":"http:\/\/www.planbnoticias.com.ar\/?p=254634"},"modified":"2021-01-22T18:05:52","modified_gmt":"2021-01-22T21:05:52","slug":"el-frepam-pide-informe-a-di-napoli-por-la-regulacion-de-los-geriatricos","status":"publish","type":"post","link":"https:\/\/www.planbnoticias.com.ar\/index.php\/2021\/01\/22\/el-frepam-pide-informe-a-di-napoli-por-la-regulacion-de-los-geriatricos\/","title":{"rendered":"El FrePam pide informe a di N\u00e1poli por la regulaci\u00f3n de los geri\u00e1tricos"},"content":{"rendered":"<p><img fetchpriority=\"high\" decoding=\"async\" class=\"alignnone size-full wp-image-211918\" src=\"http:\/\/www.planbnoticias.com.ar\/wp-content\/uploads\/2020\/03\/bloque-frepam.jpg\" alt=\"\" width=\"1280\" height=\"853\" srcset=\"https:\/\/www.planbnoticias.com.ar\/wp-content\/uploads\/2020\/03\/bloque-frepam.jpg 1280w, https:\/\/www.planbnoticias.com.ar\/wp-content\/uploads\/2020\/03\/bloque-frepam-300x200.jpg 300w, https:\/\/www.planbnoticias.com.ar\/wp-content\/uploads\/2020\/03\/bloque-frepam-1024x682.jpg 1024w, https:\/\/www.planbnoticias.com.ar\/wp-content\/uploads\/2020\/03\/bloque-frepam-768x512.jpg 768w, https:\/\/www.planbnoticias.com.ar\/wp-content\/uploads\/2020\/03\/bloque-frepam-1170x780.jpg 1170w, https:\/\/www.planbnoticias.com.ar\/wp-content\/uploads\/2020\/03\/bloque-frepam-585x390.jpg 585w, https:\/\/www.planbnoticias.com.ar\/wp-content\/uploads\/2020\/03\/bloque-frepam-263x175.jpg 263w\" sizes=\"(max-width: 1280px) 100vw, 1280px\" \/><\/p>\n<p>Tras la clausura del Geri\u00e1trico Anita Gonnet donde hubo un brote de coronavirus, el bloque de concejales del FrePam present\u00f3 un proyecto para solicitar informaci\u00f3n al Ejecutivo Municipal sobre el funcionamiento de las residencias de corta y larga estad\u00eda para personas mayores de la ciudad.<\/p>\n<p><script async src=\"\/\/pagead2.googlesyndication.com\/pagead\/js\/adsbygoogle.js\"><span data-mce-type=\"bookmark\" style=\"display: inline-block; width: 0px; overflow: hidden; line-height: 0;\" class=\"mce_SELRES_start\">\ufeff<\/span><\/script><br \/>\n<!-- Publi m\u00f3vil interior nota --><br \/>\n<ins class=\"adsbygoogle\" style=\"display: inline-block; width: 320px; height: 100px;\" data-ad-client=\"ca-pub-7250018434179914\" data-ad-slot=\"1040343543\"><\/ins><br \/>\n<script>\n(adsbygoogle = window.adsbygoogle || []).push({});\n<\/script><\/p>\n<p>El FrePam sali\u00f3 a marcarle la cancha al gobierno del intendente Luciano di N\u00e1poli que \u00aba\u00fan no reglamento la ordenanza 6.311, de adhesi\u00f3n a la Ley Provincial 3.129 que regula el funcionamiento de los geri\u00e1tricos\u00bb y le reclam\u00f3 informaci\u00f3n sobre lo actuado en relaci\u00f3n a la clausura del Geri\u00e1trico Anita Gonnet luego de que se conociera que all\u00ed hubo un brote de coronavirus.<\/p>\n<p>\u00abLa actual situaci\u00f3n de pandemia que atravesamos exige al estado estar a la altura de las circunstancias, m\u00e1s a\u00fan cuando la poblaci\u00f3n m\u00e1s afectada por la misma son las y los adultos mayores, usuarios de estos servicios de alojamiento y residencia\u00bb, manifestaron los concejales opositores.<\/p>\n<p>En esa l\u00ednea, plantearon que \u00abla informaci\u00f3n actualizada,\u00a0y la divulgaci\u00f3n de la misma, redundar\u00e1 en conocimiento p\u00fablico de los lugares habilitados para el desarrollo de esta actividad, permitiendo una elecci\u00f3n adecuada de alojamiento para las personas que pudieran necesitarlo\u00bb.<\/p>\n<p>Por \u00faltimo, remarcaron que \u00abel estado municipal no debe ceder injerencia en el control de estos servicios, ni ser meramente un habilitador comercial\u00bb.<\/p>\n<blockquote class=\"wp-embedded-content\" data-secret=\"0sShj0Uv4l\"><p><a href=\"https:\/\/www.planbnoticias.com.ar\/index.php\/2021\/01\/21\/trabajo-clausuro-el-geriatrico-en-el-que-hubo-un-brote-de-coronavirus\/\">Trabajo clausur\u00f3 el geri\u00e1trico en el que hubo un brote de coronavirus<\/a><\/p><\/blockquote>\n<p><iframe class=\"wp-embedded-content\" sandbox=\"allow-scripts\" security=\"restricted\" style=\"position: absolute; clip: rect(1px, 1px, 1px, 1px);\" title=\"&#171;Trabajo clausur\u00f3 el geri\u00e1trico en el que hubo un brote de coronavirus&#187; &#8212; Plan B Noticias\" src=\"https:\/\/www.planbnoticias.com.ar\/index.php\/2021\/01\/21\/trabajo-clausuro-el-geriatrico-en-el-que-hubo-un-brote-de-coronavirus\/embed\/#?secret=0sShj0Uv4l\" data-secret=\"0sShj0Uv4l\" width=\"600\" height=\"338\" frameborder=\"0\" marginwidth=\"0\" marginheight=\"0\" scrolling=\"no\"><\/iframe><\/p>\n<p>En el proyecto presentado, el FrePam record\u00f3 que hasta marzo de 2020, en la ciudad de Santa Rosa el funcionamiento de los geri\u00e1tricos estaba regulada por la Ordenanza 5342\/2015;<\/p>\n<p>Dicha Ordenanza reglamentaba no solo la habilitaci\u00f3n \u201ccomercial\u201d de los geri\u00e1tricos, tambi\u00e9n, y tal vez lo m\u00e1s importante, daba los lineamientos generales de las cuestiones edilicias, de equipamiento y seguridad, asumiendo la Municipalidad de Santa Rosa, a trav\u00e9s de sus distintas \u00e1reas de gesti\u00f3n, el control de todo lo normado, para garantizar la calidad de vida y bienestar de los residentes;<\/p>\n<p>El Departamento Ejecutivo promulg\u00f3 la Ordenanza 6311\/2020 de adhesi\u00f3n a la Ley Provincial 3129 que regula el funcionamiento de las Residencias de Corta y Larga estad\u00eda, y Centros de D\u00eda para Personas Mayores con o sin fines de lucro. Pero el FrePam se\u00f1al\u00f3 que esta nueva Ordenanza d\u00bbeja sin posibilidad de control por parte de la municipalidad a los geri\u00e1tricos que funcionan en nuestra Ciudad\u00bb.<\/p>\n<p>En ese sentido, los ediles indicaron que \u00abno consta en los Boletines Oficiales Municipales publicados, la reglamentaci\u00f3n de dicha ordenanza para su efectiva aplicabilidad\u00bb.<\/p>\n<p>\u00abDesde nuestro Bloque no nos opusimos a la adhesi\u00f3n a la citada ley, pero entend\u00edamos que\u00a0 como Municipalidad no pod\u00edamos abandonar nuestro rol de control y garante de la calidad de vida de la personas mayores\u00bb, aclar\u00f3 el bloque de concejales del FrePam.<\/p>\n","protected":false},"excerpt":{"rendered":"<p>Tras la clausura del Geri\u00e1trico Anita Gonnet donde hubo un brote de coronavirus, el bloque de concejales del FrePam present\u00f3 un proyecto para solicitar informaci\u00f3n al Ejecutivo Municipal sobre el&hellip;<\/p>\n","protected":false},"author":5,"featured_media":211918,"comment_status":"closed","ping_status":"open","sticky":false,"template":"","format":"standard","meta":{"footnotes":""},"categories":[4],"tags":[],"class_list":["post-254634","post","type-post","status-publish","format-standard","has-post-thumbnail","hentry","category-ciudad"],"jetpack_featured_media_url":"https:\/\/www.planbnoticias.com.ar\/wp-content\/uploads\/2020\/03\/bloque-frepam.jpg","_links":{"self":[{"href":"https:\/\/www.planbnoticias.com.ar\/index.php\/wp-json\/wp\/v2\/posts\/254634","targetHints":{"allow":["GET"]}}],"collection":[{"href":"https:\/\/www.planbnoticias.com.ar\/index.php\/wp-json\/wp\/v2\/posts"}],"about":[{"href":"https:\/\/www.planbnoticias.com.ar\/index.php\/wp-json\/wp\/v2\/types\/post"}],"author":[{"embeddable":true,"href":"https:\/\/www.planbnoticias.com.ar\/index.php\/wp-json\/wp\/v2\/users\/5"}],"replies":[{"embeddable":true,"href":"https:\/\/www.planbnoticias.com.ar\/index.php\/wp-json\/wp\/v2\/comments?post=254634"}],"version-history":[{"count":3,"href":"https:\/\/www.planbnoticias.com.ar\/index.php\/wp-json\/wp\/v2\/posts\/254634\/revisions"}],"predecessor-version":[{"id":254638,"href":"https:\/\/www.planbnoticias.com.ar\/index.php\/wp-json\/wp\/v2\/posts\/254634\/revisions\/254638"}],"wp:featuredmedia":[{"embeddable":true,"href":"https:\/\/www.planbnoticias.com.ar\/index.php\/wp-json\/wp\/v2\/media\/211918"}],"wp:attachment":[{"href":"https:\/\/www.planbnoticias.com.ar\/index.php\/wp-json\/wp\/v2\/media?parent=254634"}],"wp:term":[{"taxonomy":"category","embeddable":true,"href":"https:\/\/www.planbnoticias.com.ar\/index.php\/wp-json\/wp\/v2\/categories?post=254634"},{"taxonomy":"post_tag","embeddable":true,"href":"https:\/\/www.planbnoticias.com.ar\/index.php\/wp-json\/wp\/v2\/tags?post=254634"}],"curies":[{"name":"wp","href":"https:\/\/api.w.org\/{rel}","templated":true}]}}