{"id":256002,"date":"2021-02-04T11:57:12","date_gmt":"2021-02-04T14:57:12","guid":{"rendered":"http:\/\/www.planbnoticias.com.ar\/?p=256002"},"modified":"2021-02-04T12:46:31","modified_gmt":"2021-02-04T15:46:31","slug":"el-frepam-acompanara-la-iniciativa-del-ejecutivo-todos-queremos-que-al-emtu-le-vaya-bien","status":"publish","type":"post","link":"https:\/\/www.planbnoticias.com.ar\/index.php\/2021\/02\/04\/el-frepam-acompanara-la-iniciativa-del-ejecutivo-todos-queremos-que-al-emtu-le-vaya-bien\/","title":{"rendered":"El Frepam acompa\u00f1\u00f3 la iniciativa del Ejecutivo: \u201ctodos queremos que al EMTU le vaya bien\u201d"},"content":{"rendered":"<p><img fetchpriority=\"high\" decoding=\"async\" class=\"alignnone size-full wp-image-211918\" src=\"http:\/\/www.planbnoticias.com.ar\/wp-content\/uploads\/2020\/03\/bloque-frepam.jpg\" alt=\"\" width=\"1280\" height=\"853\" srcset=\"https:\/\/www.planbnoticias.com.ar\/wp-content\/uploads\/2020\/03\/bloque-frepam.jpg 1280w, https:\/\/www.planbnoticias.com.ar\/wp-content\/uploads\/2020\/03\/bloque-frepam-300x200.jpg 300w, https:\/\/www.planbnoticias.com.ar\/wp-content\/uploads\/2020\/03\/bloque-frepam-1024x682.jpg 1024w, https:\/\/www.planbnoticias.com.ar\/wp-content\/uploads\/2020\/03\/bloque-frepam-768x512.jpg 768w, https:\/\/www.planbnoticias.com.ar\/wp-content\/uploads\/2020\/03\/bloque-frepam-1170x780.jpg 1170w, https:\/\/www.planbnoticias.com.ar\/wp-content\/uploads\/2020\/03\/bloque-frepam-585x390.jpg 585w, https:\/\/www.planbnoticias.com.ar\/wp-content\/uploads\/2020\/03\/bloque-frepam-263x175.jpg 263w\" sizes=\"(max-width: 1280px) 100vw, 1280px\" \/><\/p>\n<p>El bloque de concejales y concejalas del Frepam acompa\u00f1\u00f3 la propuesta enviada por el Ejecutivo municipal para la compra de 28 unidades para el transporte urbano de pasajeros. Advirtieron sobre la accesibilidad y el estado de las unidades que se adquieran.<\/p>\n<p>\u00abTodas y todos queremos que al EMTU le vaya bien, esto redundar\u00e1 en beneficio para las vecinas y vecinos que todos los d\u00edas utilizan el servicio para trasladarse por la Ciudad\u00bb, indicaron desde el bloque del Frepam y detallaron un conjunto de iniciativas que pone de manifiesto el inter\u00e9s en la estatizaci\u00f3n del servicio.<\/p>\n<p><script async src=\"\/\/pagead2.googlesyndication.com\/pagead\/js\/adsbygoogle.js\"><\/script><\/p>\n<p><!-- Publi m\u00f3vil interior nota --><\/p>\n<p>&nbsp;<\/p>\n<p><script><\/p>\n<p>(adsbygoogle = window.adsbygoogle || []).push({});<\/p>\n<p><\/script><\/p>\n<p>Por esta raz\u00f3n es que apoyamos firmemente la estatizaci\u00f3n del servicio, reafirmando una posici\u00f3n hist\u00f3rica de nuestro Bloque ya que entendemos que los servicios p\u00fablicos deben ser prestados por el Estado Municipal o estar en manos cooperativas.<\/p>\n<p>En tal sentido, realizamos una bater\u00eda de propuestas y aportes como por ejemplo:<\/p>\n<p>Propiciamos la incorporaci\u00f3n por Ordenanza de una comisi\u00f3n de seguimiento y control del servicio, donde puedan converger tanto el Departamento Ejecutivo, los distintos Bloques Pol\u00edticos del Concejo Deliberante, los representantes de los Trabajadores y las ONG\u00b4s vinculadas a la atenci\u00f3n de personas con discapacidad.<\/p>\n<p>\u201cAnte la posibilidad real de que Autobuses Santa Fe cobrara alg\u00fan dinero que no le correspond\u00eda, insistimos para que el EMTU disponga la gratuidad del boleto hasta la finalizaci\u00f3n de los tramites de cambio de titularidad\u201d, indicaron.<\/p>\n<p>\u201cOtra propuesta presentada por nuestro bloque fue que en nuevas incorporaciones de personal se debe respetar absolutamente la paridad de g\u00e9nero\u201d, se\u00f1alaron.<\/p>\n<p>\u201cRecuperamos la propuesta de la creaci\u00f3n de una Centro de Trasbordo de pasajeros en la estaci\u00f3n de trenes, iniciativa que ya hab\u00edamos realizado a\u00f1os anteriores\u201d, detallaron.<\/p>\n<p>\u201cDurante la gesti\u00f3n municipal del Frepam establecimos como una de las prioridades ante el Gobierno Provincial la realizaci\u00f3n del asfalto de las calles correspondientes a los recorridos de los colectivos as\u00ed como los accesos a diferentes barriadas en pos de generar acciones que mejoraran las condiciones para que puedan circular colectivos con accesibilidad y evitar colapsos e inconvenientes en d\u00edas de lluvia. La ejecuci\u00f3n de este plan culmin\u00f3 su primera etapa y esperamos que pronto se concrete la segunda. Siempre pensando en mejorar la calidad del servicio a los usuarios y usuarias del mismo\u201d, resaltaron.<\/p>\n<p>\u201cPropusimos y fue acompa\u00f1ado por el resto de los bloques en el Concejo Deliberante facilitando al inicio de la estatizaci\u00f3n la posibilidad de contar con la tarifa correspondiente situaci\u00f3n que no se hab\u00eda previsto originalmente\u201d, indicaron.<\/p>\n<p>\u201cApoyamos la propuesta para que todo el personal de salud tenga gratuidad del boleto en el marco del trabajo que realizan por la pandemia Covid19\u201d.<\/p>\n<p>\u201cVisitamos en varias oportunidades la sede del EMTU y hablamos con las autoridades y los trabajadores, para tomar conocimiento de como se venia trabajando en el d\u00eda a d\u00eda\u201d, explicaron.<\/p>\n<p>\u201cAs\u00ed como apoyamos y propusimos distintas iniciativas en claro apoyo al EMTU, tambi\u00e9n nos manifestamos cuando las cosas no se hac\u00edan bien\u201d, declararon.<\/p>\n<p>\u201cA poco de empezar a prestar el servicio tomamos conocimiento que la mayor\u00eda de las unidades utilizadas no contaban con la Revisi\u00f3n T\u00e9cnica Obligatoria, poniendo en riesgo la seguridad de las Vecinas y Vecinos transportados. Esto lo manifestamos p\u00fablicamente y durante una reuni\u00f3n de la comisi\u00f3n de seguimiento\u201d, recordaron.<\/p>\n<p>\u201cDec\u00edamos que queremos que al EMTU le vaya bien, por lo tanto consideramos imprescindible que se renueve la flota de unidades en su totalidad. A la vista est\u00e1 que las actuales no pueden seguir funcionando\u201d, indicaron.<\/p>\n<p>\u201cPor eso vemos con buenos ojos, y vamos a acompa\u00f1ar, la recepci\u00f3n de fondos provinciales para la compra de micros para el EMTU\u201d, resaltaron.<\/p>\n<p>No obstante, plantearon algunas objeciones:<\/p>\n<p>\u201cDe acuerdo a lo manifestado p\u00fablicamente por el Intendente, se comprar\u00edan colectivos usados, modelos 2014 o similares, lo que nos lleva a plantear algunas cuestiones.<\/p>\n<p>Creemos que lo m\u00e1s adecuado es que la Comisi\u00f3n de control y seguimiento de Transporte tenga un rol activo en este tema y sea, la encargada de colaborar en la confecci\u00f3n del pliego licitatorio y del control en la compra de las unidades, vamos a realizar el pedido formal al Intendente para que la convoque a tal efecto.<\/p>\n<p>Hay que hacer hincapi\u00e9 en el estado de las mismas, entendiendo que son unidades que ya han cumplido su vida \u00fatil para otras empresas similares al EMTU, por eso es imprescindible saber sobre su aptitud t\u00e9cnica , saber de qu\u00e9 empresas prestadoras del servicio provienen y d\u00f3nde prestaron sus servicios .<\/p>\n<p>Otro tema clave, y que debe ser tenido en cuenta, es la accesibilidad, la cual deber\u00e1 ser cumplida de manera progresiva con unidades de piso bajo, a efectos de ir logrando la forma de garantizar la plena accesibilidad.<\/p>\n<p>Otro aspecto que consideramos importante es que las unidades sean amigables con el ambiente y por lo tanto vamos a propiciar que se incluya en el pliego la posibilidad que sean veh\u00edculos con GNC, lo cual reduce la emisi\u00f3n de gases y ayuda a bajar la contaminaci\u00f3n sonora.<\/p>\n<p>Entendemos que son momentos donde se debe abrir el juego en la toma de decisiones, por eso creemos que la comisi\u00f3n de seguimiento es el \u00e1mbito clave para este tipo de acciones, ya que se generar\u00edan los consensos necesarios y se estar\u00edan poniendo sobre la mesa las opiniones y los aportes de todos\u201d, cierra el comunicado de prensa.<\/p>\n","protected":false},"excerpt":{"rendered":"<p>El bloque de concejales y concejalas del Frepam acompa\u00f1\u00f3 la propuesta enviada por el Ejecutivo municipal para la compra de 28 unidades para el transporte urbano de pasajeros. Advirtieron sobre&hellip;<\/p>\n","protected":false},"author":3,"featured_media":211918,"comment_status":"closed","ping_status":"open","sticky":false,"template":"","format":"standard","meta":{"footnotes":""},"categories":[4],"tags":[],"class_list":["post-256002","post","type-post","status-publish","format-standard","has-post-thumbnail","hentry","category-ciudad"],"jetpack_featured_media_url":"https:\/\/www.planbnoticias.com.ar\/wp-content\/uploads\/2020\/03\/bloque-frepam.jpg","_links":{"self":[{"href":"https:\/\/www.planbnoticias.com.ar\/index.php\/wp-json\/wp\/v2\/posts\/256002","targetHints":{"allow":["GET"]}}],"collection":[{"href":"https:\/\/www.planbnoticias.com.ar\/index.php\/wp-json\/wp\/v2\/posts"}],"about":[{"href":"https:\/\/www.planbnoticias.com.ar\/index.php\/wp-json\/wp\/v2\/types\/post"}],"author":[{"embeddable":true,"href":"https:\/\/www.planbnoticias.com.ar\/index.php\/wp-json\/wp\/v2\/users\/3"}],"replies":[{"embeddable":true,"href":"https:\/\/www.planbnoticias.com.ar\/index.php\/wp-json\/wp\/v2\/comments?post=256002"}],"version-history":[{"count":2,"href":"https:\/\/www.planbnoticias.com.ar\/index.php\/wp-json\/wp\/v2\/posts\/256002\/revisions"}],"predecessor-version":[{"id":256009,"href":"https:\/\/www.planbnoticias.com.ar\/index.php\/wp-json\/wp\/v2\/posts\/256002\/revisions\/256009"}],"wp:featuredmedia":[{"embeddable":true,"href":"https:\/\/www.planbnoticias.com.ar\/index.php\/wp-json\/wp\/v2\/media\/211918"}],"wp:attachment":[{"href":"https:\/\/www.planbnoticias.com.ar\/index.php\/wp-json\/wp\/v2\/media?parent=256002"}],"wp:term":[{"taxonomy":"category","embeddable":true,"href":"https:\/\/www.planbnoticias.com.ar\/index.php\/wp-json\/wp\/v2\/categories?post=256002"},{"taxonomy":"post_tag","embeddable":true,"href":"https:\/\/www.planbnoticias.com.ar\/index.php\/wp-json\/wp\/v2\/tags?post=256002"}],"curies":[{"name":"wp","href":"https:\/\/api.w.org\/{rel}","templated":true}]}}