{"id":260910,"date":"2021-03-12T13:15:49","date_gmt":"2021-03-12T16:15:49","guid":{"rendered":"http:\/\/www.planbnoticias.com.ar\/?p=260910"},"modified":"2021-03-12T13:37:40","modified_gmt":"2021-03-12T16:37:40","slug":"el-frepam-pide-informes-por-finalizacion-de-obras-en-centro-de-transferencia-de-residuos","status":"publish","type":"post","link":"https:\/\/www.planbnoticias.com.ar\/index.php\/2021\/03\/12\/el-frepam-pide-informes-por-finalizacion-de-obras-en-centro-de-transferencia-de-residuos\/","title":{"rendered":"El Frepam pide informes por finalizaci\u00f3n de obras en Centro de Transferencia de Residuos"},"content":{"rendered":"<p><img fetchpriority=\"high\" decoding=\"async\" class=\"alignnone size-full wp-image-243804\" src=\"http:\/\/www.planbnoticias.com.ar\/wp-content\/uploads\/2020\/10\/frepam-santa-rosa.jpeg\" alt=\"\" width=\"1040\" height=\"780\" srcset=\"https:\/\/www.planbnoticias.com.ar\/wp-content\/uploads\/2020\/10\/frepam-santa-rosa.jpeg 1040w, https:\/\/www.planbnoticias.com.ar\/wp-content\/uploads\/2020\/10\/frepam-santa-rosa-300x225.jpeg 300w, https:\/\/www.planbnoticias.com.ar\/wp-content\/uploads\/2020\/10\/frepam-santa-rosa-1024x768.jpeg 1024w, https:\/\/www.planbnoticias.com.ar\/wp-content\/uploads\/2020\/10\/frepam-santa-rosa-768x576.jpeg 768w, https:\/\/www.planbnoticias.com.ar\/wp-content\/uploads\/2020\/10\/frepam-santa-rosa-585x439.jpeg 585w\" sizes=\"(max-width: 1040px) 100vw, 1040px\" \/><\/p>\n<p>Desde el Bloque del FREPAM presetaron un proyecto de Comunicaci\u00f3n para solicitarle al jefe comunal Luciano di N\u00e1poli la continuaci\u00f3n y finalizaci\u00f3n de las obras planificadas en el predio del Centro de Transferencia de Residuos ubicado en intersecci\u00f3n de calles Utrac\u00e1n y Tita Merello.<\/p>\n<p><strong>El proyecto, consigna lo siguiente:<\/strong><\/p>\n<p><script async src=\"\/\/pagead2.googlesyndication.com\/pagead\/js\/adsbygoogle.js\"><\/script><br \/>\n<!-- Publi m\u00f3vil interior nota --><br \/>\n<ins class=\"adsbygoogle\" style=\"display: inline-block; width: 320px; height: 100px;\" data-ad-client=\"ca-pub-7250018434179914\" data-ad-slot=\"1040343543\"><\/ins><br \/>\n<script>\n(adsbygoogle = window.adsbygoogle || []).push({});\n<\/script><\/p>\n<p><strong>VISTO<\/strong><\/p>\n<p>El discurso brindado por el Sr. Intendente el pasado 1 de marzo en el recinto del Honorable Concejo Deliberante, en el que hizo hincapi\u00e9 en la tem\u00e1tica de la recolecci\u00f3n de residuos, y<\/p>\n<p><strong>CONSIDERANDO<\/strong><\/p>\n<p>Que es fundamental que la Municipalidad de Santa Rosa tenga como pol\u00edtica de estado la cuesti\u00f3n ambiental y el tratamiento adecuado de los residuos, y que \u00e9sta trascienda las gestiones de gobierno.<\/p>\n<p>Que durante la gesti\u00f3n anterior se llevaron adelante pol\u00edticas p\u00fablicas en materia del tratamiento de los residuos en la Ciudad de Santa Rosa con el objetivo de brindar soluciones de fondo y de car\u00e1cter permanente en la disposici\u00f3n final de los mismos; cuya continuaci\u00f3n y consolidaci\u00f3n en el tiempo ser\u00eda importante.<\/p>\n<p>Que una de las primeras problem\u00e1ticas abordadas fue la de dar seguridad en las disposici\u00f3n final de los residuos patol\u00f3gicos, por lo que desde el Municipio se acord\u00f3 con el gobierno de la Provincia la necesidad de tomar la responsabilidad del tratamiento y disposici\u00f3n final de este tipo de residuos como principal generador de los mismos en la Zona Sanitaria N\u00b01.<\/p>\n<p>Que esta decisi\u00f3n pol\u00edtica termin\u00f3 con el enterramiento y tratamiento de los residuos patol\u00f3gicos que se daba en el sector de seguridad del relleno sanitario local.<\/p>\n<p>Que a trav\u00e9s del EMHSU se consolidaron programas permanentes de recolecci\u00f3n diferenciada en el sector de mayor concentraci\u00f3n comercial de la ciudad, disponiendo los d\u00edas martes y jueves de un cami\u00f3n recolector destinado a la recolecci\u00f3n exclusiva de pl\u00e1stico, papel, vidrio y cart\u00f3n que los comercios locales proveen esos d\u00edas, brindado a las familias recicladoras en el relleno sanitario un material de calidad factible de ser enfardado y vendido a centros de reciclados.<\/p>\n<p>Que tambi\u00e9n se desarrollaron programas peri\u00f3dicos de recolecci\u00f3n de residuos electr\u00f3nicos ubicando centros de recepci\u00f3n de los mismos en la playa de estacionamiento de la estaci\u00f3n de trenes.<\/p>\n<p>Que asimismo se promovi\u00f3 una pol\u00edtica activa en la eliminaci\u00f3n de los denominados \u201cmini basurales\u201d. Con dicho objetivo, se modific\u00f3 la legislaci\u00f3n vigente a fin de dar al Estado Municipal la posibilidad de secuestrar los veh\u00edculos utilizados para arrojar residuos en lugares no habilitados; como as\u00ed tambi\u00e9n se implement\u00f3 un sistema de foto-multas que posibilitaba a la propia sociedad civil actuar como contralor de la conservaci\u00f3n del ambiente.<\/p>\n<p>Que las pol\u00edticas llevadas adelante implicaron, adem\u00e1s de lo expuesto, la realizaci\u00f3n de inversiones como la compra de una topadora de gran tonelaje, camiones volquetes y contenedores para llevar adelante una importante tarea de saneamiento por parte de la empresa municipal EMHSU.<\/p>\n<p>Que se desarroll\u00f3 en el sector sur de la ciudad una importante obra civil denominada Centro de Transferencia de Residuos S\u00f3lidos Urbanos, que da la posibilidad a vecinos y vecinas de tener un centro de clasificaci\u00f3n de residuos que por sus caracter\u00edsticas y volumen no pueden ser tratados por el servicio diario de recolecci\u00f3n.<\/p>\n<p>Que este Centro elimin\u00f3 de manera definitiva el mega basural que por d\u00e9cadas se hab\u00eda ido formando en las intersecciones de las calles Tita Merello y Balb\u00edn.<\/p>\n<p>Que dicha obra contaba con dos etapas: la primera fue la construcci\u00f3n y puesta en funcionamiento del Centro de Transferencia de Residuos propiamente dicho; la segunda, a\u00fan pendiente de concreci\u00f3n, es el desarrollo de un espacio de esparcimiento forestado y con sectores para pr\u00e1cticas deportivas en el Barrio Sur Plan 5000, sobre calle Tita Merello.<\/p>\n<p>Que resulta necesario continuar con la obra planificada, la que brindar\u00e1 a un importante sector de la ciudad un lugar de esparcimiento equipado y seguro.<\/p>\n<p>Por ello,<\/p>\n<p>EL BLOQUE DEL FREPAM PROPONE LA SIGUIENTE<\/p>\n<p>COMUNICACI\u00d3N:<\/p>\n<p>El Honorable Concejo Deliberante se dirige al Departamento Ejecutivo a efectos de solicitarle la continuaci\u00f3n y pronta finalizaci\u00f3n de las obras planificadas en el predio del Centro de Transferencia de Residuos ubicado en intersecci\u00f3n de calles Utrac\u00e1n y Tita Merello.<\/p>\n<p><img decoding=\"async\" class=\"alignnone size-full wp-image-260916\" src=\"http:\/\/www.planbnoticias.com.ar\/wp-content\/uploads\/2021\/03\/TITA-MERELLO-RSU-001.jpg\" alt=\"\" width=\"2365\" height=\"1501\" srcset=\"https:\/\/www.planbnoticias.com.ar\/wp-content\/uploads\/2021\/03\/TITA-MERELLO-RSU-001.jpg 2365w, https:\/\/www.planbnoticias.com.ar\/wp-content\/uploads\/2021\/03\/TITA-MERELLO-RSU-001-300x190.jpg 300w, https:\/\/www.planbnoticias.com.ar\/wp-content\/uploads\/2021\/03\/TITA-MERELLO-RSU-001-1024x650.jpg 1024w, https:\/\/www.planbnoticias.com.ar\/wp-content\/uploads\/2021\/03\/TITA-MERELLO-RSU-001-768x487.jpg 768w, https:\/\/www.planbnoticias.com.ar\/wp-content\/uploads\/2021\/03\/TITA-MERELLO-RSU-001-1536x975.jpg 1536w, https:\/\/www.planbnoticias.com.ar\/wp-content\/uploads\/2021\/03\/TITA-MERELLO-RSU-001-2048x1300.jpg 2048w, https:\/\/www.planbnoticias.com.ar\/wp-content\/uploads\/2021\/03\/TITA-MERELLO-RSU-001-1170x743.jpg 1170w, https:\/\/www.planbnoticias.com.ar\/wp-content\/uploads\/2021\/03\/TITA-MERELLO-RSU-001-585x371.jpg 585w\" sizes=\"(max-width: 2365px) 100vw, 2365px\" \/><\/p>\n","protected":false},"excerpt":{"rendered":"<p>Desde el Bloque del FREPAM presetaron un proyecto de Comunicaci\u00f3n para solicitarle al jefe comunal Luciano di N\u00e1poli la continuaci\u00f3n y finalizaci\u00f3n de las obras planificadas en el predio del&hellip;<\/p>\n","protected":false},"author":3,"featured_media":243804,"comment_status":"closed","ping_status":"open","sticky":false,"template":"","format":"standard","meta":{"footnotes":""},"categories":[4],"tags":[],"class_list":["post-260910","post","type-post","status-publish","format-standard","has-post-thumbnail","hentry","category-ciudad"],"jetpack_featured_media_url":"https:\/\/www.planbnoticias.com.ar\/wp-content\/uploads\/2020\/10\/frepam-santa-rosa.jpeg","_links":{"self":[{"href":"https:\/\/www.planbnoticias.com.ar\/index.php\/wp-json\/wp\/v2\/posts\/260910","targetHints":{"allow":["GET"]}}],"collection":[{"href":"https:\/\/www.planbnoticias.com.ar\/index.php\/wp-json\/wp\/v2\/posts"}],"about":[{"href":"https:\/\/www.planbnoticias.com.ar\/index.php\/wp-json\/wp\/v2\/types\/post"}],"author":[{"embeddable":true,"href":"https:\/\/www.planbnoticias.com.ar\/index.php\/wp-json\/wp\/v2\/users\/3"}],"replies":[{"embeddable":true,"href":"https:\/\/www.planbnoticias.com.ar\/index.php\/wp-json\/wp\/v2\/comments?post=260910"}],"version-history":[{"count":3,"href":"https:\/\/www.planbnoticias.com.ar\/index.php\/wp-json\/wp\/v2\/posts\/260910\/revisions"}],"predecessor-version":[{"id":260917,"href":"https:\/\/www.planbnoticias.com.ar\/index.php\/wp-json\/wp\/v2\/posts\/260910\/revisions\/260917"}],"wp:featuredmedia":[{"embeddable":true,"href":"https:\/\/www.planbnoticias.com.ar\/index.php\/wp-json\/wp\/v2\/media\/243804"}],"wp:attachment":[{"href":"https:\/\/www.planbnoticias.com.ar\/index.php\/wp-json\/wp\/v2\/media?parent=260910"}],"wp:term":[{"taxonomy":"category","embeddable":true,"href":"https:\/\/www.planbnoticias.com.ar\/index.php\/wp-json\/wp\/v2\/categories?post=260910"},{"taxonomy":"post_tag","embeddable":true,"href":"https:\/\/www.planbnoticias.com.ar\/index.php\/wp-json\/wp\/v2\/tags?post=260910"}],"curies":[{"name":"wp","href":"https:\/\/api.w.org\/{rel}","templated":true}]}}