{"id":265999,"date":"2021-04-21T21:17:55","date_gmt":"2021-04-22T00:17:55","guid":{"rendered":"http:\/\/www.planbnoticias.com.ar\/?p=265999"},"modified":"2021-04-21T21:17:55","modified_gmt":"2021-04-22T00:17:55","slug":"piden-limitar-la-circulacion-de-vehiculos-de-gran-porte-en-av-palacios","status":"publish","type":"post","link":"https:\/\/www.planbnoticias.com.ar\/index.php\/2021\/04\/21\/piden-limitar-la-circulacion-de-vehiculos-de-gran-porte-en-av-palacios\/","title":{"rendered":"Piden limitar la circulaci\u00f3n de veh\u00edculos de gran porte en Av. Palacios"},"content":{"rendered":"<p><img fetchpriority=\"high\" decoding=\"async\" class=\"alignnone size-full wp-image-211933\" src=\"http:\/\/www.planbnoticias.com.ar\/wp-content\/uploads\/2020\/03\/ediles-frepam.jpeg\" alt=\"\" width=\"1280\" height=\"853\" srcset=\"https:\/\/www.planbnoticias.com.ar\/wp-content\/uploads\/2020\/03\/ediles-frepam.jpeg 1280w, https:\/\/www.planbnoticias.com.ar\/wp-content\/uploads\/2020\/03\/ediles-frepam-300x200.jpeg 300w, https:\/\/www.planbnoticias.com.ar\/wp-content\/uploads\/2020\/03\/ediles-frepam-1024x682.jpeg 1024w, https:\/\/www.planbnoticias.com.ar\/wp-content\/uploads\/2020\/03\/ediles-frepam-768x512.jpeg 768w, https:\/\/www.planbnoticias.com.ar\/wp-content\/uploads\/2020\/03\/ediles-frepam-1170x780.jpeg 1170w, https:\/\/www.planbnoticias.com.ar\/wp-content\/uploads\/2020\/03\/ediles-frepam-585x390.jpeg 585w, https:\/\/www.planbnoticias.com.ar\/wp-content\/uploads\/2020\/03\/ediles-frepam-263x175.jpeg 263w\" sizes=\"(max-width: 1280px) 100vw, 1280px\" \/><\/p>\n<p>Desde el Bloque del FrePam enviaron un proyecto de comunicaci\u00f3n por el cual solicitan al Ejecutivo Municipal para que eval\u00fae la posibilidad de prohibir la circulaci\u00f3n de veh\u00edculos de gran porte en AV. Palacios, entre calles Niotti y Av. Circunvalaci\u00f3n.<\/p>\n<p>Destacan que este proyecto surge \u201cluego de reiteradas charlas convecinos de la zona, quienes manifiestan preocupaci\u00f3n por la circulaci\u00f3n en dicha avenida de veh\u00edculos como camiones de carga, camiones con ganado vivo y maquinaria agr\u00edcola. sobre teniendo en cuenta que es de frecuente utilizaci\u00f3n para la pr\u00e1ctica de distintas actividades deportivas como caminatas, ciclismo y otras\u201d.<\/p>\n<p>Remarcan que entienden que \u201cel ordenamiento vehicular y de circulaci\u00f3n es una din\u00e1mica constante en las gestiones, y, por lo tanto, mejorable permanentemente\u201d.<\/p>\n","protected":false},"excerpt":{"rendered":"<p>Desde el Bloque del FrePam enviaron un proyecto de comunicaci\u00f3n por el cual solicitan al Ejecutivo Municipal para que eval\u00fae la posibilidad de prohibir la circulaci\u00f3n de veh\u00edculos de gran&hellip;<\/p>\n","protected":false},"author":4,"featured_media":211933,"comment_status":"closed","ping_status":"open","sticky":false,"template":"","format":"standard","meta":{"footnotes":""},"categories":[4],"tags":[],"class_list":["post-265999","post","type-post","status-publish","format-standard","has-post-thumbnail","hentry","category-ciudad"],"jetpack_featured_media_url":"https:\/\/www.planbnoticias.com.ar\/wp-content\/uploads\/2020\/03\/ediles-frepam.jpeg","_links":{"self":[{"href":"https:\/\/www.planbnoticias.com.ar\/index.php\/wp-json\/wp\/v2\/posts\/265999","targetHints":{"allow":["GET"]}}],"collection":[{"href":"https:\/\/www.planbnoticias.com.ar\/index.php\/wp-json\/wp\/v2\/posts"}],"about":[{"href":"https:\/\/www.planbnoticias.com.ar\/index.php\/wp-json\/wp\/v2\/types\/post"}],"author":[{"embeddable":true,"href":"https:\/\/www.planbnoticias.com.ar\/index.php\/wp-json\/wp\/v2\/users\/4"}],"replies":[{"embeddable":true,"href":"https:\/\/www.planbnoticias.com.ar\/index.php\/wp-json\/wp\/v2\/comments?post=265999"}],"version-history":[{"count":1,"href":"https:\/\/www.planbnoticias.com.ar\/index.php\/wp-json\/wp\/v2\/posts\/265999\/revisions"}],"predecessor-version":[{"id":266000,"href":"https:\/\/www.planbnoticias.com.ar\/index.php\/wp-json\/wp\/v2\/posts\/265999\/revisions\/266000"}],"wp:featuredmedia":[{"embeddable":true,"href":"https:\/\/www.planbnoticias.com.ar\/index.php\/wp-json\/wp\/v2\/media\/211933"}],"wp:attachment":[{"href":"https:\/\/www.planbnoticias.com.ar\/index.php\/wp-json\/wp\/v2\/media?parent=265999"}],"wp:term":[{"taxonomy":"category","embeddable":true,"href":"https:\/\/www.planbnoticias.com.ar\/index.php\/wp-json\/wp\/v2\/categories?post=265999"},{"taxonomy":"post_tag","embeddable":true,"href":"https:\/\/www.planbnoticias.com.ar\/index.php\/wp-json\/wp\/v2\/tags?post=265999"}],"curies":[{"name":"wp","href":"https:\/\/api.w.org\/{rel}","templated":true}]}}