{"id":266829,"date":"2021-04-29T11:26:39","date_gmt":"2021-04-29T14:26:39","guid":{"rendered":"http:\/\/www.planbnoticias.com.ar\/?p=266829"},"modified":"2021-04-29T11:26:39","modified_gmt":"2021-04-29T14:26:39","slug":"ediles-del-frepam-piden-que-se-coloquen-cestos-de-basura-en-todas-las-paradas-colectivos","status":"publish","type":"post","link":"https:\/\/www.planbnoticias.com.ar\/index.php\/2021\/04\/29\/ediles-del-frepam-piden-que-se-coloquen-cestos-de-basura-en-todas-las-paradas-colectivos\/","title":{"rendered":"Ediles del Frepam piden que se coloquen cestos de basura en todas las paradas colectivos"},"content":{"rendered":"<p><img fetchpriority=\"high\" decoding=\"async\" class=\"alignnone size-full wp-image-207957\" src=\"http:\/\/www.planbnoticias.com.ar\/wp-content\/uploads\/2020\/01\/bloque-frepam-concejo-deliberante.jpeg\" alt=\"\" width=\"1280\" height=\"853\" srcset=\"https:\/\/www.planbnoticias.com.ar\/wp-content\/uploads\/2020\/01\/bloque-frepam-concejo-deliberante.jpeg 1280w, https:\/\/www.planbnoticias.com.ar\/wp-content\/uploads\/2020\/01\/bloque-frepam-concejo-deliberante-300x200.jpeg 300w, https:\/\/www.planbnoticias.com.ar\/wp-content\/uploads\/2020\/01\/bloque-frepam-concejo-deliberante-1024x682.jpeg 1024w, https:\/\/www.planbnoticias.com.ar\/wp-content\/uploads\/2020\/01\/bloque-frepam-concejo-deliberante-768x512.jpeg 768w, https:\/\/www.planbnoticias.com.ar\/wp-content\/uploads\/2020\/01\/bloque-frepam-concejo-deliberante-1170x780.jpeg 1170w, https:\/\/www.planbnoticias.com.ar\/wp-content\/uploads\/2020\/01\/bloque-frepam-concejo-deliberante-585x390.jpeg 585w, https:\/\/www.planbnoticias.com.ar\/wp-content\/uploads\/2020\/01\/bloque-frepam-concejo-deliberante-263x175.jpeg 263w\" sizes=\"(max-width: 1280px) 100vw, 1280px\" \/><\/p>\n<p>Desde el Bloque FrePam presentaron un Proyecto de Comunicaci\u00f3n solicitando que se analice la posibilidad de colocar cestos de basura en las paradas del servicio de transporte urbano.<\/p>\n<p>&nbsp;<\/p>\n<p><script async src=\"\/\/pagead2.googlesyndication.com\/pagead\/js\/adsbygoogle.js\"><\/script><\/p>\n<p><!-- Publi m\u00f3vil interior nota --><\/p>\n<p>&nbsp;<\/p>\n<p><script><\/p>\n<p>(adsbygoogle = window.adsbygoogle || []).push({});<\/p>\n<p><\/script><\/p>\n<p>\u201cEntendiendo que una ciudad m\u00e1s ordenada no es la que m\u00e1s se limpia, sino la que menos ensucia. Y que, brindada la posibilidad, las y los vecinos acompa\u00f1an estas pr\u00e1cticas ya que es, en s\u00ed, tambi\u00e9n, un reclamo y una necesidad. Presentamos esta solicitud a fin de que sea evaluada por el Departamento Ejecutivo\u201d, destacaron desde el bloque de ediles.<\/p>\n<p><strong>El proyecto, consigna lo siguiente:<\/strong><\/p>\n<p>VISTO<\/p>\n<p>La falta de cestos de basura en las paradas del servicio de transporte urbano<\/p>\n<p>Y CONSIDERANDO<\/p>\n<p>Que entendiendo una ciudad ordenada no es la que m\u00e1s se limpia, sino la que menos se ensucia.<\/p>\n<p>Que recorriendo aquellas paradas donde confluyen m\u00e1s de una l\u00ednea pudimos corroborar que hay residuos desparramados.<\/p>\n","protected":false},"excerpt":{"rendered":"<p>Desde el Bloque FrePam presentaron un Proyecto de Comunicaci\u00f3n solicitando que se analice la posibilidad de colocar cestos de basura en las paradas del servicio de transporte urbano. &nbsp; &nbsp;&hellip;<\/p>\n","protected":false},"author":3,"featured_media":207957,"comment_status":"closed","ping_status":"open","sticky":false,"template":"","format":"standard","meta":{"footnotes":""},"categories":[4],"tags":[],"class_list":["post-266829","post","type-post","status-publish","format-standard","has-post-thumbnail","hentry","category-ciudad"],"jetpack_featured_media_url":"https:\/\/www.planbnoticias.com.ar\/wp-content\/uploads\/2020\/01\/bloque-frepam-concejo-deliberante.jpeg","_links":{"self":[{"href":"https:\/\/www.planbnoticias.com.ar\/index.php\/wp-json\/wp\/v2\/posts\/266829","targetHints":{"allow":["GET"]}}],"collection":[{"href":"https:\/\/www.planbnoticias.com.ar\/index.php\/wp-json\/wp\/v2\/posts"}],"about":[{"href":"https:\/\/www.planbnoticias.com.ar\/index.php\/wp-json\/wp\/v2\/types\/post"}],"author":[{"embeddable":true,"href":"https:\/\/www.planbnoticias.com.ar\/index.php\/wp-json\/wp\/v2\/users\/3"}],"replies":[{"embeddable":true,"href":"https:\/\/www.planbnoticias.com.ar\/index.php\/wp-json\/wp\/v2\/comments?post=266829"}],"version-history":[{"count":1,"href":"https:\/\/www.planbnoticias.com.ar\/index.php\/wp-json\/wp\/v2\/posts\/266829\/revisions"}],"predecessor-version":[{"id":266830,"href":"https:\/\/www.planbnoticias.com.ar\/index.php\/wp-json\/wp\/v2\/posts\/266829\/revisions\/266830"}],"wp:featuredmedia":[{"embeddable":true,"href":"https:\/\/www.planbnoticias.com.ar\/index.php\/wp-json\/wp\/v2\/media\/207957"}],"wp:attachment":[{"href":"https:\/\/www.planbnoticias.com.ar\/index.php\/wp-json\/wp\/v2\/media?parent=266829"}],"wp:term":[{"taxonomy":"category","embeddable":true,"href":"https:\/\/www.planbnoticias.com.ar\/index.php\/wp-json\/wp\/v2\/categories?post=266829"},{"taxonomy":"post_tag","embeddable":true,"href":"https:\/\/www.planbnoticias.com.ar\/index.php\/wp-json\/wp\/v2\/tags?post=266829"}],"curies":[{"name":"wp","href":"https:\/\/api.w.org\/{rel}","templated":true}]}}