{"id":272304,"date":"2021-06-14T13:14:38","date_gmt":"2021-06-14T16:14:38","guid":{"rendered":"https:\/\/www.planbnoticias.com.ar\/?p=272304"},"modified":"2021-06-14T13:14:38","modified_gmt":"2021-06-14T16:14:38","slug":"pastores-evangelicos-piden-ser-declarados-como-esenciales-y-contar-con-permiso-de-circulacion","status":"publish","type":"post","link":"https:\/\/www.planbnoticias.com.ar\/index.php\/2021\/06\/14\/pastores-evangelicos-piden-ser-declarados-como-esenciales-y-contar-con-permiso-de-circulacion\/","title":{"rendered":"Pastores evang\u00e9licos piden ser declarados como esenciales y contar con permiso de circulaci\u00f3n"},"content":{"rendered":"<p><img fetchpriority=\"high\" decoding=\"async\" class=\"alignnone size-full wp-image-272305\" src=\"https:\/\/www.planbnoticias.com.ar\/wp-content\/uploads\/2021\/06\/consejo-pastoral.jpg\" alt=\"\" width=\"1021\" height=\"633\" srcset=\"https:\/\/www.planbnoticias.com.ar\/wp-content\/uploads\/2021\/06\/consejo-pastoral.jpg 1021w, https:\/\/www.planbnoticias.com.ar\/wp-content\/uploads\/2021\/06\/consejo-pastoral-300x186.jpg 300w, https:\/\/www.planbnoticias.com.ar\/wp-content\/uploads\/2021\/06\/consejo-pastoral-768x476.jpg 768w, https:\/\/www.planbnoticias.com.ar\/wp-content\/uploads\/2021\/06\/consejo-pastoral-585x363.jpg 585w\" sizes=\"(max-width: 1021px) 100vw, 1021px\" \/><\/p>\n<p>El Consejo Pastoral de Santa Rosa emiti\u00f3 un comunicado de prensa en donde reclam\u00f3 que los pastores sean declarados como esenciales\u00a0 para brindar asistencia espiritual a la poblaci\u00f3n, en el marco de la pandemia de coronavirus.<\/p>\n<p>En un documento enviado a Plan B por el ex edil y pastor evang\u00e9lico Roberto Torres, se solicit\u00f3 el \u201creconocimiento de los pastores y las iglesias evang\u00e9licas de La Pampa como esenciales y vitales\u201d. Adem\u00e1s, reclam\u00f3 \u201cel acceso de los ministros de culto al permiso de circulaci\u00f3n provincial\u201d.<\/p>\n<p>El Consejo Pastoral precis\u00f3 que el pedido \u00abse fundamenta en la libertad de culto que consagra nuestra Carta Magna y las declaraciones de los gobernadores de las provincias hermanas de Neuqu\u00e9n y C\u00f3rdoba que as\u00ed lo hicieron\u00bb.<\/p>\n<p>Adem\u00e1s, se se\u00f1al\u00f3 que\u00a0 \u201cla situaci\u00f3n sanitaria reinante y al momento en extremo dif\u00edcil por el que toda la sociedad de nuestra provincia est\u00e1 atravesando, en donde el dolor de la perdida de seres queridos, la incertidumbre generada por la falta de empleo y la fuerte disminuci\u00f3n de ingresos en cada hogar, generan tristeza, angustia y en muchos casos hasta depresi\u00f3n, as\u00ed tambi\u00e9n lo demuestran los fuertes incrementos en consumos de psicof\u00e1rmacos en el ultimo a\u00f1o\u201d.<\/p>\n<p><script async src=\"\/\/pagead2.googlesyndication.com\/pagead\/js\/adsbygoogle.js\"><\/script><\/p>\n<p><!-- Publi m\u00f3vil interior nota --><\/p>\n<p>&nbsp;<\/p>\n<p><script><\/p>\n<p>(adsbygoogle = window.adsbygoogle || []).push({});<\/p>\n<p><\/script><\/p>\n<p>\u201cLa iglesia evang\u00e9lica viene trabajando desde hace m\u00e1s de 100 a\u00f1os en nuestra provincia dando apoyo a las personas y a las familias, generando contenci\u00f3n emocional y espiritual, propiciando un v\u00ednculo entre cada individuo y su creador, permitiendo que las necesidades b\u00e1sicas espirituales de todo ser humano puedan ser satisfechas y as\u00ed pueda sentirse realizado en cada \u00e1rea de su vida\u201d.<\/p>\n<p>\u201cComo instituciones sensibles a las necesidades de quienes nos rodean y en obediencia a los mandatos y ense\u00f1anzas de nuestro Se\u00f1or Jesucristo, hemos establecido comedores infantiles en distintas localidades de nuestra provincia, merenderos, roperos comunitarios, centros de ayuda para personas con adicciones y de personas privadas de su libertad durante y despu\u00e9s del cumplimiento de la pena, asistencia al suicida, a personas en centros de salud y en geri\u00e1tricos, atenci\u00f3n y contenci\u00f3n para parejas y matrimonios, talleres para la ense\u00f1anza de oficios, como as\u00ed tambi\u00e9n escuelas para padres, jardines maternales y de nivel inicial\u201d.<\/p>\n<p>\u201cHemos enviado notas solicitando audiencias y pedidos espec\u00edficos desde marzo del a\u00f1o pasado al Sr Gobernador Sergio Ziliotto, a trav\u00e9s de la secretaria de culto, y no hemos sido atendidos, ni escuchados\u201d, criticaron.<\/p>\n<p>\u201cEl d\u00eda 4 de junio hemos enviado una nueva nota al despacho del se\u00f1or gobernador y de igual manera al se\u00f1or intendente de nuestra ciudad solicitando ser atendidos y al d\u00eda de hoy seguimos sin respuesta, vemos que otras organizaciones son atendidas y sus solicitudes respondidas, sin embargo sentimos que estamos siendo discriminados al no recibir respuesta alguna\u201d, cuestionaron.<\/p>\n<p>\u201cVemos con mucha tristeza que en el momento m\u00e1s dif\u00edcil de sobrellevar de la poblaci\u00f3n nos es imposible asistir con esta vocaci\u00f3n de servicio que nos caracteriza, debido a las restricciones impuestas en estas \u00faltimas etapas de la crisis sanitaria\u201d, sostiene el documento.<\/p>\n","protected":false},"excerpt":{"rendered":"<p>El Consejo Pastoral de Santa Rosa emiti\u00f3 un comunicado de prensa en donde reclam\u00f3 que los pastores sean declarados como esenciales\u00a0 para brindar asistencia espiritual a la poblaci\u00f3n, en el&hellip;<\/p>\n","protected":false},"author":3,"featured_media":272305,"comment_status":"closed","ping_status":"open","sticky":false,"template":"","format":"standard","meta":{"footnotes":""},"categories":[4],"tags":[],"class_list":["post-272304","post","type-post","status-publish","format-standard","has-post-thumbnail","hentry","category-ciudad"],"jetpack_featured_media_url":"https:\/\/www.planbnoticias.com.ar\/wp-content\/uploads\/2021\/06\/consejo-pastoral.jpg","_links":{"self":[{"href":"https:\/\/www.planbnoticias.com.ar\/index.php\/wp-json\/wp\/v2\/posts\/272304","targetHints":{"allow":["GET"]}}],"collection":[{"href":"https:\/\/www.planbnoticias.com.ar\/index.php\/wp-json\/wp\/v2\/posts"}],"about":[{"href":"https:\/\/www.planbnoticias.com.ar\/index.php\/wp-json\/wp\/v2\/types\/post"}],"author":[{"embeddable":true,"href":"https:\/\/www.planbnoticias.com.ar\/index.php\/wp-json\/wp\/v2\/users\/3"}],"replies":[{"embeddable":true,"href":"https:\/\/www.planbnoticias.com.ar\/index.php\/wp-json\/wp\/v2\/comments?post=272304"}],"version-history":[{"count":1,"href":"https:\/\/www.planbnoticias.com.ar\/index.php\/wp-json\/wp\/v2\/posts\/272304\/revisions"}],"predecessor-version":[{"id":272306,"href":"https:\/\/www.planbnoticias.com.ar\/index.php\/wp-json\/wp\/v2\/posts\/272304\/revisions\/272306"}],"wp:featuredmedia":[{"embeddable":true,"href":"https:\/\/www.planbnoticias.com.ar\/index.php\/wp-json\/wp\/v2\/media\/272305"}],"wp:attachment":[{"href":"https:\/\/www.planbnoticias.com.ar\/index.php\/wp-json\/wp\/v2\/media?parent=272304"}],"wp:term":[{"taxonomy":"category","embeddable":true,"href":"https:\/\/www.planbnoticias.com.ar\/index.php\/wp-json\/wp\/v2\/categories?post=272304"},{"taxonomy":"post_tag","embeddable":true,"href":"https:\/\/www.planbnoticias.com.ar\/index.php\/wp-json\/wp\/v2\/tags?post=272304"}],"curies":[{"name":"wp","href":"https:\/\/api.w.org\/{rel}","templated":true}]}}