{"id":274273,"date":"2021-06-29T17:37:41","date_gmt":"2021-06-29T20:37:41","guid":{"rendered":"https:\/\/www.planbnoticias.com.ar\/?p=274273"},"modified":"2021-06-29T17:37:41","modified_gmt":"2021-06-29T20:37:41","slug":"denuncian-estado-de-abandono-del-espacio-verde-de-los-barrios-mandela-y-ara-san-juan","status":"publish","type":"post","link":"https:\/\/www.planbnoticias.com.ar\/index.php\/2021\/06\/29\/denuncian-estado-de-abandono-del-espacio-verde-de-los-barrios-mandela-y-ara-san-juan\/","title":{"rendered":"Denuncian estado de abandono del espacio verde de los barrios Mandela y ARA San Juan"},"content":{"rendered":"<p><img fetchpriority=\"high\" decoding=\"async\" class=\"alignnone size-full wp-image-274275\" src=\"https:\/\/www.planbnoticias.com.ar\/wp-content\/uploads\/2021\/06\/espacio-verde-barrios-nelson-mandela-y-ara-san-juan.jpg\" alt=\"\" width=\"1280\" height=\"720\" srcset=\"https:\/\/www.planbnoticias.com.ar\/wp-content\/uploads\/2021\/06\/espacio-verde-barrios-nelson-mandela-y-ara-san-juan.jpg 1280w, https:\/\/www.planbnoticias.com.ar\/wp-content\/uploads\/2021\/06\/espacio-verde-barrios-nelson-mandela-y-ara-san-juan-300x169.jpg 300w, https:\/\/www.planbnoticias.com.ar\/wp-content\/uploads\/2021\/06\/espacio-verde-barrios-nelson-mandela-y-ara-san-juan-1024x576.jpg 1024w, https:\/\/www.planbnoticias.com.ar\/wp-content\/uploads\/2021\/06\/espacio-verde-barrios-nelson-mandela-y-ara-san-juan-768x432.jpg 768w, https:\/\/www.planbnoticias.com.ar\/wp-content\/uploads\/2021\/06\/espacio-verde-barrios-nelson-mandela-y-ara-san-juan-1170x658.jpg 1170w, https:\/\/www.planbnoticias.com.ar\/wp-content\/uploads\/2021\/06\/espacio-verde-barrios-nelson-mandela-y-ara-san-juan-585x329.jpg 585w\" sizes=\"(max-width: 1280px) 100vw, 1280px\" \/><\/p>\n<p>El bloque de concejales santarrose\u00f1os mantuvo una reuni\u00f3n con los vecinos y elev\u00f3 un pedido al intendente Luciano di N\u00e1poli para que se acondicione el terreno.<\/p>\n<p><script async src=\"\/\/pagead2.googlesyndication.com\/pagead\/js\/adsbygoogle.js\"><\/script><br \/>\n<!-- Publi m\u00f3vil interior nota --><br \/>\n<ins class=\"adsbygoogle\" style=\"display: inline-block; width: 320px; height: 100px;\" data-ad-client=\"ca-pub-7250018434179914\" data-ad-slot=\"1040343543\"><\/ins><br \/>\n<script>\n(adsbygoogle = window.adsbygoogle || []).push({});\n<\/script><\/p>\n<p>El bloque del FrePam elevaron un proyecto de comunicaci\u00f3n para que la Municipalidad revierta el estado de abandono del predio ubicado entre las calles Gaich, Andreaotti, Corona Mart\u00ednez y Di Liscia.<\/p>\n<p>En una reuni\u00f3n con las y los vecinos tomaron los reclamos y elaboraron un pedido para que el predio identificado por el Concejo Deliberante con el nombre Rogelio Julio Frigerio, sea atendido por la comuna y comiencen con los trabajos de limpieza, nivelaci\u00f3n y forestaci\u00f3n.<\/p>\n<p>El mismo se encuentran entre los barrios ARA San Juan y Nelson Mandela, y deber\u00eda ser un espacio de uso comunitario. \u00abPor esta precaria situaci\u00f3n, no cuenta con ninguna mejora que pueda servir para el uso y disfrute de las Vecinas y Vecinos y sus familias\u00bb, expres\u00f3 el bloque de concejales.<\/p>\n<p>Adem\u00e1s se\u00f1alaron que \u00abel mejoramiento y mantenimiento de estos lugares debe ser tomado como prioridad para el Gobierno Municipal\u00bb.<\/p>\n<p><img decoding=\"async\" class=\"alignnone size-full wp-image-274274\" src=\"https:\/\/www.planbnoticias.com.ar\/wp-content\/uploads\/2021\/06\/espacio-verde-nelson-mandela-y-ara-san-juan.jpg\" alt=\"\" width=\"1280\" height=\"720\" srcset=\"https:\/\/www.planbnoticias.com.ar\/wp-content\/uploads\/2021\/06\/espacio-verde-nelson-mandela-y-ara-san-juan.jpg 1280w, https:\/\/www.planbnoticias.com.ar\/wp-content\/uploads\/2021\/06\/espacio-verde-nelson-mandela-y-ara-san-juan-300x169.jpg 300w, https:\/\/www.planbnoticias.com.ar\/wp-content\/uploads\/2021\/06\/espacio-verde-nelson-mandela-y-ara-san-juan-1024x576.jpg 1024w, https:\/\/www.planbnoticias.com.ar\/wp-content\/uploads\/2021\/06\/espacio-verde-nelson-mandela-y-ara-san-juan-768x432.jpg 768w, https:\/\/www.planbnoticias.com.ar\/wp-content\/uploads\/2021\/06\/espacio-verde-nelson-mandela-y-ara-san-juan-1170x658.jpg 1170w, https:\/\/www.planbnoticias.com.ar\/wp-content\/uploads\/2021\/06\/espacio-verde-nelson-mandela-y-ara-san-juan-585x329.jpg 585w\" sizes=\"(max-width: 1280px) 100vw, 1280px\" \/><\/p>\n","protected":false},"excerpt":{"rendered":"<p>El bloque de concejales santarrose\u00f1os mantuvo una reuni\u00f3n con los vecinos y elev\u00f3 un pedido al intendente Luciano di N\u00e1poli para que se acondicione el terreno. El bloque del FrePam&hellip;<\/p>\n","protected":false},"author":5,"featured_media":274274,"comment_status":"closed","ping_status":"open","sticky":false,"template":"","format":"standard","meta":{"footnotes":""},"categories":[4],"tags":[],"class_list":["post-274273","post","type-post","status-publish","format-standard","has-post-thumbnail","hentry","category-ciudad"],"jetpack_featured_media_url":"https:\/\/www.planbnoticias.com.ar\/wp-content\/uploads\/2021\/06\/espacio-verde-nelson-mandela-y-ara-san-juan.jpg","_links":{"self":[{"href":"https:\/\/www.planbnoticias.com.ar\/index.php\/wp-json\/wp\/v2\/posts\/274273","targetHints":{"allow":["GET"]}}],"collection":[{"href":"https:\/\/www.planbnoticias.com.ar\/index.php\/wp-json\/wp\/v2\/posts"}],"about":[{"href":"https:\/\/www.planbnoticias.com.ar\/index.php\/wp-json\/wp\/v2\/types\/post"}],"author":[{"embeddable":true,"href":"https:\/\/www.planbnoticias.com.ar\/index.php\/wp-json\/wp\/v2\/users\/5"}],"replies":[{"embeddable":true,"href":"https:\/\/www.planbnoticias.com.ar\/index.php\/wp-json\/wp\/v2\/comments?post=274273"}],"version-history":[{"count":1,"href":"https:\/\/www.planbnoticias.com.ar\/index.php\/wp-json\/wp\/v2\/posts\/274273\/revisions"}],"predecessor-version":[{"id":274276,"href":"https:\/\/www.planbnoticias.com.ar\/index.php\/wp-json\/wp\/v2\/posts\/274273\/revisions\/274276"}],"wp:featuredmedia":[{"embeddable":true,"href":"https:\/\/www.planbnoticias.com.ar\/index.php\/wp-json\/wp\/v2\/media\/274274"}],"wp:attachment":[{"href":"https:\/\/www.planbnoticias.com.ar\/index.php\/wp-json\/wp\/v2\/media?parent=274273"}],"wp:term":[{"taxonomy":"category","embeddable":true,"href":"https:\/\/www.planbnoticias.com.ar\/index.php\/wp-json\/wp\/v2\/categories?post=274273"},{"taxonomy":"post_tag","embeddable":true,"href":"https:\/\/www.planbnoticias.com.ar\/index.php\/wp-json\/wp\/v2\/tags?post=274273"}],"curies":[{"name":"wp","href":"https:\/\/api.w.org\/{rel}","templated":true}]}}