{"id":278698,"date":"2021-08-01T09:29:34","date_gmt":"2021-08-01T12:29:34","guid":{"rendered":"https:\/\/www.planbnoticias.com.ar\/?p=278698"},"modified":"2021-08-01T09:29:34","modified_gmt":"2021-08-01T12:29:34","slug":"pera-a-di-napoli-no-se-de-donde-afirma-que-la-linea-8-se-suprimio-un-mes-antes-que-el-asumiera","status":"publish","type":"post","link":"https:\/\/www.planbnoticias.com.ar\/index.php\/2021\/08\/01\/pera-a-di-napoli-no-se-de-donde-afirma-que-la-linea-8-se-suprimio-un-mes-antes-que-el-asumiera\/","title":{"rendered":"Pera a di N\u00e1poli: \u201cNo s\u00e9 de d\u00f3nde afirma que la l\u00ednea 8 se suprimi\u00f3 un mes antes que \u00e9l asumiera\u201d"},"content":{"rendered":"<p><img fetchpriority=\"high\" decoding=\"async\" class=\"alignnone size-full wp-image-246722\" src=\"https:\/\/www.planbnoticias.com.ar\/wp-content\/uploads\/2020\/11\/Pablo-Pera-Ibarguren-FrePam.jpeg\" alt=\"\" width=\"1280\" height=\"853\" srcset=\"https:\/\/www.planbnoticias.com.ar\/wp-content\/uploads\/2020\/11\/Pablo-Pera-Ibarguren-FrePam.jpeg 1280w, https:\/\/www.planbnoticias.com.ar\/wp-content\/uploads\/2020\/11\/Pablo-Pera-Ibarguren-FrePam-300x200.jpeg 300w, https:\/\/www.planbnoticias.com.ar\/wp-content\/uploads\/2020\/11\/Pablo-Pera-Ibarguren-FrePam-1024x682.jpeg 1024w, https:\/\/www.planbnoticias.com.ar\/wp-content\/uploads\/2020\/11\/Pablo-Pera-Ibarguren-FrePam-768x512.jpeg 768w, https:\/\/www.planbnoticias.com.ar\/wp-content\/uploads\/2020\/11\/Pablo-Pera-Ibarguren-FrePam-1170x780.jpeg 1170w, https:\/\/www.planbnoticias.com.ar\/wp-content\/uploads\/2020\/11\/Pablo-Pera-Ibarguren-FrePam-585x390.jpeg 585w, https:\/\/www.planbnoticias.com.ar\/wp-content\/uploads\/2020\/11\/Pablo-Pera-Ibarguren-FrePam-263x175.jpeg 263w\" sizes=\"(max-width: 1280px) 100vw, 1280px\" \/><\/p>\n<p>El concejal Pablo Pera Ibaurguren, particip\u00f3 de la presentaci\u00f3n de los colectivos adquiridos por el EMTU. Celebr\u00f3 que a partir de ma\u00f1ana comience a mejorar el servicio, pero desminti\u00f3 al intendente de Santa Rosa sobre que la l\u00ednea 8 se suprimi\u00f3 un mes antes que \u00e9l asumiera.<\/p>\n<p>Este s\u00e1bado se presentaron las 28 unidades adquiridas por la Municipalidad de Santa Rosa para el funcionamiento del Ente Municipal de Transporte Urbano.<br \/>\n<script async src=\"\/\/pagead2.googlesyndication.com\/pagead\/js\/adsbygoogle.js\"><\/script><br \/>\n<!-- Publi m\u00f3vil interior nota --><br \/>\n<ins class=\"adsbygoogle\" style=\"display: inline-block; width: 320px; height: 100px;\" data-ad-client=\"ca-pub-7250018434179914\" data-ad-slot=\"1040343543\"><\/ins><br \/>\n<script>\n(adsbygoogle = window.adsbygoogle || []).push({});\n<\/script><\/p>\n<p>El edil radical sostuvo que \u201cAyer participamos de la presentaci\u00f3n de los colectivos adquiridos para la empresa de transporte municipal EMTU. Empresa propuesta por el Frepam en 2013 y en aquella oportunidad rechazada por el PJ, quien hasta hace s\u00f3lo unos a\u00f1os eleg\u00eda siempre al privado por sobre el Estado en materia de servicios p\u00fablicos\u201d.<\/p>\n<p>Precis\u00f3 que \u201cEl apoyo incondicional del Gobierno Provincial a esta gesti\u00f3n permite hoy revertir las pol\u00edticas privatistas que el PJ mantuvo en Santa Rosa con relaci\u00f3n al transporte urbano\u201d.<\/p>\n<p>El exfuncionario de la gesti\u00f3n de Leandro Altolaguirre se\u00f1al\u00f3 que \u201cNo voy a negar las consideraciones que hizo el Sr. Intendente sobre las actitudes de la anterior empresa concesionaria, pero si voy a defender las decisiones, judiciales y administrativas, que se tomaron durante la anterior gesti\u00f3n y que permitieron entregar en diciembre de 2019, un servicio p\u00fablico de transporte con las ocho l\u00edneas funcionando, el sistema SUBE operativo y con mas de 3 millones y medio de pasajeros transportados por a\u00f1o\u201d.<\/p>\n<p>Record\u00f3 que el 13 de diciembre de 2019 el oficialismo dec\u00eda en el recinto del Concejo Deliberante: \u00ab&#8230;hoy el servicio est\u00e1 funcionando con todas las l\u00edneas. Pero, las l\u00edneas 1, 3 y 4, funcionan con tres micros; las l\u00edneas 2 y 7 con cuatro colectivos; las 5, 6 y 8, con un solo colectivo\u00bb.<\/p>\n<p>\u201cNo s\u00e9 de d\u00f3nde afirma el Sr. Intendente que la l\u00ednea 8 se suprimi\u00f3 un mes antes que \u00e9l asumiera, pero celebro que a partir de ma\u00f1ana comience a mejorarse el servicio y vuelva a funcionar la l\u00ednea 8 que esta gesti\u00f3n quit\u00f3 en marzo de 2020 y esperamos que prontamente vuelva circular la l\u00ednea 5 que tambi\u00e9n funcionaba en la gesti\u00f3n pasada, para que Santa Rosa pueda volver a tener luego de un a\u00f1o y medio las 8 l\u00edneas activas\u201d, concluy\u00f3.<\/p>\n<blockquote class=\"wp-embedded-content\" data-secret=\"1r1bY4BKuE\"><p><a href=\"https:\/\/www.planbnoticias.com.ar\/index.php\/2021\/07\/31\/la-municipalidad-de-santa-rosa-presento-la-nueva-flota-del-emtu\/\">La Municipalidad de Santa Rosa present\u00f3 la nueva flota del EMTU<\/a><\/p><\/blockquote>\n<p><iframe class=\"wp-embedded-content\" sandbox=\"allow-scripts\" security=\"restricted\" style=\"position: absolute; clip: rect(1px, 1px, 1px, 1px);\" title=\"\u00abLa Municipalidad de Santa Rosa present\u00f3 la nueva flota del EMTU\u00bb \u2014 Plan B Noticias\" src=\"https:\/\/www.planbnoticias.com.ar\/index.php\/2021\/07\/31\/la-municipalidad-de-santa-rosa-presento-la-nueva-flota-del-emtu\/embed\/#?secret=1r1bY4BKuE\" data-secret=\"1r1bY4BKuE\" width=\"600\" height=\"338\" frameborder=\"0\" marginwidth=\"0\" marginheight=\"0\" scrolling=\"no\"><\/iframe><\/p>\n","protected":false},"excerpt":{"rendered":"<p>El concejal Pablo Pera Ibaurguren, particip\u00f3 de la presentaci\u00f3n de los colectivos adquiridos por el EMTU. Celebr\u00f3 que a partir de ma\u00f1ana comience a mejorar el servicio, pero desminti\u00f3 al&hellip;<\/p>\n","protected":false},"author":4,"featured_media":246722,"comment_status":"closed","ping_status":"open","sticky":false,"template":"","format":"standard","meta":{"footnotes":""},"categories":[4,7],"tags":[],"class_list":["post-278698","post","type-post","status-publish","format-standard","has-post-thumbnail","hentry","category-ciudad","category-destacadas"],"jetpack_featured_media_url":"https:\/\/www.planbnoticias.com.ar\/wp-content\/uploads\/2020\/11\/Pablo-Pera-Ibarguren-FrePam.jpeg","_links":{"self":[{"href":"https:\/\/www.planbnoticias.com.ar\/index.php\/wp-json\/wp\/v2\/posts\/278698","targetHints":{"allow":["GET"]}}],"collection":[{"href":"https:\/\/www.planbnoticias.com.ar\/index.php\/wp-json\/wp\/v2\/posts"}],"about":[{"href":"https:\/\/www.planbnoticias.com.ar\/index.php\/wp-json\/wp\/v2\/types\/post"}],"author":[{"embeddable":true,"href":"https:\/\/www.planbnoticias.com.ar\/index.php\/wp-json\/wp\/v2\/users\/4"}],"replies":[{"embeddable":true,"href":"https:\/\/www.planbnoticias.com.ar\/index.php\/wp-json\/wp\/v2\/comments?post=278698"}],"version-history":[{"count":1,"href":"https:\/\/www.planbnoticias.com.ar\/index.php\/wp-json\/wp\/v2\/posts\/278698\/revisions"}],"predecessor-version":[{"id":278699,"href":"https:\/\/www.planbnoticias.com.ar\/index.php\/wp-json\/wp\/v2\/posts\/278698\/revisions\/278699"}],"wp:featuredmedia":[{"embeddable":true,"href":"https:\/\/www.planbnoticias.com.ar\/index.php\/wp-json\/wp\/v2\/media\/246722"}],"wp:attachment":[{"href":"https:\/\/www.planbnoticias.com.ar\/index.php\/wp-json\/wp\/v2\/media?parent=278698"}],"wp:term":[{"taxonomy":"category","embeddable":true,"href":"https:\/\/www.planbnoticias.com.ar\/index.php\/wp-json\/wp\/v2\/categories?post=278698"},{"taxonomy":"post_tag","embeddable":true,"href":"https:\/\/www.planbnoticias.com.ar\/index.php\/wp-json\/wp\/v2\/tags?post=278698"}],"curies":[{"name":"wp","href":"https:\/\/api.w.org\/{rel}","templated":true}]}}