{"id":279134,"date":"2021-08-04T08:31:36","date_gmt":"2021-08-04T11:31:36","guid":{"rendered":"https:\/\/www.planbnoticias.com.ar\/?p=279134"},"modified":"2021-08-04T08:31:36","modified_gmt":"2021-08-04T11:31:36","slug":"ediles-del-frepam-piden-informes-sobre-la-creacion-de-un-nuevo-relleno-sanitario","status":"publish","type":"post","link":"https:\/\/www.planbnoticias.com.ar\/index.php\/2021\/08\/04\/ediles-del-frepam-piden-informes-sobre-la-creacion-de-un-nuevo-relleno-sanitario\/","title":{"rendered":"Ediles del Frepam piden informes sobre la creaci\u00f3n de un nuevo relleno sanitario"},"content":{"rendered":"<p><img fetchpriority=\"high\" decoding=\"async\" class=\"alignnone size-full wp-image-211933\" src=\"https:\/\/www.planbnoticias.com.ar\/wp-content\/uploads\/2020\/03\/ediles-frepam.jpeg\" alt=\"\" width=\"1280\" height=\"853\" srcset=\"https:\/\/www.planbnoticias.com.ar\/wp-content\/uploads\/2020\/03\/ediles-frepam.jpeg 1280w, https:\/\/www.planbnoticias.com.ar\/wp-content\/uploads\/2020\/03\/ediles-frepam-300x200.jpeg 300w, https:\/\/www.planbnoticias.com.ar\/wp-content\/uploads\/2020\/03\/ediles-frepam-1024x682.jpeg 1024w, https:\/\/www.planbnoticias.com.ar\/wp-content\/uploads\/2020\/03\/ediles-frepam-768x512.jpeg 768w, https:\/\/www.planbnoticias.com.ar\/wp-content\/uploads\/2020\/03\/ediles-frepam-1170x780.jpeg 1170w, https:\/\/www.planbnoticias.com.ar\/wp-content\/uploads\/2020\/03\/ediles-frepam-585x390.jpeg 585w, https:\/\/www.planbnoticias.com.ar\/wp-content\/uploads\/2020\/03\/ediles-frepam-263x175.jpeg 263w\" sizes=\"(max-width: 1280px) 100vw, 1280px\" \/><\/p>\n<p>Presentaron un Proyecto de Comunicaci\u00f3n, solicitando informes sobre la formaci\u00f3n de otro relleno, a 7 kil\u00f3metros de Santa Rosa.<\/p>\n<p>Desde el Bloque Frepam informaron que tomaron conocimiento de que el Gobierno Municipal y el Provincial han comenzado gestiones para crear en Santa Rosa un nuevo relleno sanitario, que podr\u00eda albergar residuos de otras microregiones pampeanas (unas 40 localidades).<\/p>\n<p><script async src=\"\/\/pagead2.googlesyndication.com\/pagead\/js\/adsbygoogle.js\"><\/script><\/p>\n<p><!-- Publi m\u00f3vil interior nota --><\/p>\n<p>&nbsp;<\/p>\n<p><script><\/p>\n<p>(adsbygoogle = window.adsbygoogle || []).push({});<\/p>\n<p><\/script><\/p>\n<p>\u201cEsta decisi\u00f3n no ha sido consultada en el marco del \u00abPlan Estrat\u00e9gico\u00bb, sin embargo, ya ha ingresado a la C\u00e1mara de Diputados provincial un proyecto de ley para expropiar unas 33 hect\u00e1reas ubicadas a 7 kil\u00f3metros al oeste de Santa Rosa, d\u00f3nde se pretender\u00eda radicar el nuevo relleno sanitario\u201d, advirtieron.<\/p>\n<p>\u201cPor ello le solicitamos al Intendente que informe al Concejo Deliberante todo lo relacionado con dicho proyecto, las gestiones realizadas, alternativas analizadas y estudios de impacto ambiental pertinentes. Es un tema demasiado importante como para pretender disimularlo como un mero tr\u00e1mite administrativo\u201d, se\u00f1alaron.<\/p>\n<p><strong>El Proyecto de Comunicaci\u00f3n, consigna lo siguiente:<\/strong><\/p>\n<p>VISTO<\/p>\n<p>El Proyecto de Ley remitido por el Poder Ejecutivo Provincial a la C\u00e1mara de Diputados de la Provincia de La Pampa, donde se declara de utilidad p\u00fablica y sujeto a expropiaci\u00f3n parcial treinta y tres hect\u00e1reas de un inmueble rural ubicado a unos 7 kil\u00f3metros al oeste de la ciudad de Santa Rosa.<\/p>\n<p>CONSIDERANDO<\/p>\n<p>Que el proyecto de ley establece que el inmueble mencionado ser\u00e1 destinado a la construcci\u00f3n de un nuevo relleno sanitario en Santa Rosa, que reemplazar\u00e1 al actual.<\/p>\n<p>Que la finalidad de este nuevo relleno sanitario, ser\u00e1 tambi\u00e9n la de \u201calbergar todos los rechazos de las Plantas de Tratamientos de las microrregiones 1, 2, 6 y 7 en casos de emergencia\u201d.<\/p>\n<p>Que de acuerdo al proyecto de ley se habr\u00edan analizado \u201cdiversas alternativas\u201d para la determinaci\u00f3n la ubicaci\u00f3n de este nuevo relleno sanitario en la ciudad, pero sin informarse estudios previos de impacto ambiental, ni etapas de participaci\u00f3n ciudadana en la toma de decisiones que afectan directamente al ambiente.<\/p>\n<p>Que en el marco de Plan Estrat\u00e9gico Participativo para el desarrollo de la Ciudad de Santa Rosa presentado en 2018, se ponder\u00f3 de manera comunitaria y participativa la idea-proyecto de crear y poner en funcionamiento un Plan Integral de gesti\u00f3n de residuos s\u00f3lidos urbanos del conglomerado Santa Rosa-Toay.<\/p>\n<p>Que en consecuencia, el desarrollo y la posible ubicaci\u00f3n de un nuevo relleno sanitario en nuestra ciudad debe ser analizada y discutida en el marco de la m\u00e1s amplia participaci\u00f3n ciudadana y con autoridades del Departamento Ejecutivo y Deliberativo local, m\u00e1xime cuando se preve\u00e9 la posibilidad de recibir en Santa Rosa residuos domiciliarios de las localidades de: Realic\u00f3, Rancul, Quetrequ\u00e9n, Maisonnave, Adolfo Van Praet, Falucho, Ingeniero Luiggi, Embajador Martini y Parera (Microrregi\u00f3n 1); General Pico, Coronel Hilario Lagos, Sarah, Bernardo Larroud\u00e9, Intendente Alvear, Ceballos, Vertiz, Alta Italia, Trenel, Speluzzi, Agustoni, Dorila, Metileo, Monte Nievas, Villa Mirasol, Quem\u00fa Quem\u00fa, Miguel Can\u00e9 y Colonia Bar\u00f3n. (Microrregi\u00f3n 2); Winifreda, Toay, Ataliva Roca, Anguil y Mauricio Mayer (Microrregi\u00f3n 6), Macach\u00edn, Relmo, Catril\u00f3, Tomas M. Anchorena, Lonquimay, Miguel Riglos, Uriburu, Doblas y Rol\u00f3n (microrregi\u00f3n 7).<\/p>\n<p>Que en las escasas reuniones del Consejo Permanente del Plan Estrat\u00e9gico llevadas adelante en la actual gesti\u00f3n municipal no se ha puesto de debate ni se ha informado a las instituciones y miembros que lo integra el decisorio de la instalaci\u00f3n de un nuevo relleno sanitario con la posibilidad de recibir residuos domiciliarios de otras localidades de la provincia.<\/p>\n<p>Que tal decisorio no puede definirse sin la realizaci\u00f3n de los correspondientes estudios previos de impacto ambiental, an\u00e1lisis y discusi\u00f3n de informaci\u00f3n y estad\u00edsticas en materia de la gesti\u00f3n de los residuos s\u00f3lidos urbanos, en el marco de un amplio debate de la ciudadan\u00eda.<\/p>\n<p>Que desde el Departamento Ejecutivo Municipal no se ha informado al Honorable Concejo Deliberante sobre las tratativas que se estar\u00edan desarrollando para la instalaci\u00f3n de un nuevo relleno sanitario y la posible recepci\u00f3n de residuos de otras localidades de la provincia.<\/p>\n<p>Por ello<\/p>\n<p>EL Bloque de Concejala y Concejales del FREPAM proyecta la siguiente<\/p>\n<p>COMUNICACI\u00d3N:<\/p>\n<p>El Concejo Deliberante solicita al Departamento Ejecutivo comunique:<\/p>\n<p>Si el Departamento Ejecutivo ha tomado intervenci\u00f3n en la determinaci\u00f3n del inmueble a expropiar para la instalaci\u00f3n del nuevo relleno sanitario y en su caso remita copia de las actuaciones.<\/p>\n<p>Si fueron analizadas otras posibles ubicaciones del nuevo relleno sanitario y en su caso qu\u00e9 dependencias municipales y\/o provinciales intervinieron en la elecci\u00f3n, cuales fueron analizadas y remita copias de los expedientes administrativos.<\/p>\n<p>Si cuenta con los estudios previos de impacto ambiental sobre la instalaci\u00f3n de un nuevo relleno sanitario, adjuntado copias de los mismos.<\/p>\n","protected":false},"excerpt":{"rendered":"<p>Presentaron un Proyecto de Comunicaci\u00f3n, solicitando informes sobre la formaci\u00f3n de otro relleno, a 7 kil\u00f3metros de Santa Rosa. Desde el Bloque Frepam informaron que tomaron conocimiento de que el&hellip;<\/p>\n","protected":false},"author":3,"featured_media":244797,"comment_status":"closed","ping_status":"open","sticky":false,"template":"","format":"standard","meta":{"footnotes":""},"categories":[4],"tags":[],"class_list":["post-279134","post","type-post","status-publish","format-standard","has-post-thumbnail","hentry","category-ciudad"],"jetpack_featured_media_url":"https:\/\/www.planbnoticias.com.ar\/wp-content\/uploads\/2020\/11\/recicladores-Relleno-Sanitario2.jpg","_links":{"self":[{"href":"https:\/\/www.planbnoticias.com.ar\/index.php\/wp-json\/wp\/v2\/posts\/279134","targetHints":{"allow":["GET"]}}],"collection":[{"href":"https:\/\/www.planbnoticias.com.ar\/index.php\/wp-json\/wp\/v2\/posts"}],"about":[{"href":"https:\/\/www.planbnoticias.com.ar\/index.php\/wp-json\/wp\/v2\/types\/post"}],"author":[{"embeddable":true,"href":"https:\/\/www.planbnoticias.com.ar\/index.php\/wp-json\/wp\/v2\/users\/3"}],"replies":[{"embeddable":true,"href":"https:\/\/www.planbnoticias.com.ar\/index.php\/wp-json\/wp\/v2\/comments?post=279134"}],"version-history":[{"count":1,"href":"https:\/\/www.planbnoticias.com.ar\/index.php\/wp-json\/wp\/v2\/posts\/279134\/revisions"}],"predecessor-version":[{"id":279135,"href":"https:\/\/www.planbnoticias.com.ar\/index.php\/wp-json\/wp\/v2\/posts\/279134\/revisions\/279135"}],"wp:featuredmedia":[{"embeddable":true,"href":"https:\/\/www.planbnoticias.com.ar\/index.php\/wp-json\/wp\/v2\/media\/244797"}],"wp:attachment":[{"href":"https:\/\/www.planbnoticias.com.ar\/index.php\/wp-json\/wp\/v2\/media?parent=279134"}],"wp:term":[{"taxonomy":"category","embeddable":true,"href":"https:\/\/www.planbnoticias.com.ar\/index.php\/wp-json\/wp\/v2\/categories?post=279134"},{"taxonomy":"post_tag","embeddable":true,"href":"https:\/\/www.planbnoticias.com.ar\/index.php\/wp-json\/wp\/v2\/tags?post=279134"}],"curies":[{"name":"wp","href":"https:\/\/api.w.org\/{rel}","templated":true}]}}