{"id":284014,"date":"2021-09-08T10:18:59","date_gmt":"2021-09-08T13:18:59","guid":{"rendered":"https:\/\/www.planbnoticias.com.ar\/?p=284014"},"modified":"2021-09-08T10:18:59","modified_gmt":"2021-09-08T13:18:59","slug":"concejales-piden-aumento-de-la-jubilacion","status":"publish","type":"post","link":"https:\/\/www.planbnoticias.com.ar\/index.php\/2021\/09\/08\/concejales-piden-aumento-de-la-jubilacion\/","title":{"rendered":"Concejales piden aumento de la jubilaci\u00f3n"},"content":{"rendered":"<p align=\"left\"><img fetchpriority=\"high\" decoding=\"async\" class=\"alignnone size-full wp-image-211918\" src=\"https:\/\/www.planbnoticias.com.ar\/wp-content\/uploads\/2020\/03\/bloque-frepam.jpg\" alt=\"\" width=\"1280\" height=\"853\" srcset=\"https:\/\/www.planbnoticias.com.ar\/wp-content\/uploads\/2020\/03\/bloque-frepam.jpg 1280w, https:\/\/www.planbnoticias.com.ar\/wp-content\/uploads\/2020\/03\/bloque-frepam-300x200.jpg 300w, https:\/\/www.planbnoticias.com.ar\/wp-content\/uploads\/2020\/03\/bloque-frepam-1024x682.jpg 1024w, https:\/\/www.planbnoticias.com.ar\/wp-content\/uploads\/2020\/03\/bloque-frepam-768x512.jpg 768w, https:\/\/www.planbnoticias.com.ar\/wp-content\/uploads\/2020\/03\/bloque-frepam-1170x780.jpg 1170w, https:\/\/www.planbnoticias.com.ar\/wp-content\/uploads\/2020\/03\/bloque-frepam-585x390.jpg 585w, https:\/\/www.planbnoticias.com.ar\/wp-content\/uploads\/2020\/03\/bloque-frepam-263x175.jpg 263w\" sizes=\"(max-width: 1280px) 100vw, 1280px\" \/><\/p>\n<p align=\"left\">Los y la concejala del bloque Frepam reclamaron al Congreso de la Naci\u00f3n, trate el proyecto de \u201cRecomposici\u00f3n del Haber M\u00ednimo Jubilatorio\u201d con la \u201cfijaci\u00f3n de su adecuaci\u00f3n trimestral conforme valores de la Canasta B\u00e1sica de Jubilados\u201d.<\/p>\n<p align=\"left\">Pablo Pera Ibarguren, Gustavo Estavilla y Claudia Giorgis indicaron que \u201cla generalidad de los adultos mayores que habitan nuestro pa\u00eds se encuentran atravesando un momento cr\u00edtico. Al hist\u00f3rico retraso en los haberes de jubilados y pensionados se sum\u00f3 la excepcionalidad de la situaci\u00f3n sanitaria no hizo m\u00e1s que mellar estos ingresos y alejar a los beneficiarios y beneficiarias de la posibilidad de alcanzar la satisfacci\u00f3n de sus necesidades b\u00e1sicas\u201d.<\/p>\n<p><script async src=\"\/\/pagead2.googlesyndication.com\/pagead\/js\/adsbygoogle.js\"><\/script><br \/>\n<!-- Publi m\u00f3vil interior nota --><br \/>\n<ins class=\"adsbygoogle\" style=\"display: inline-block; width: 320px; height: 100px;\" data-ad-client=\"ca-pub-7250018434179914\" data-ad-slot=\"1040343543\"><\/ins><br \/>\n<script>\n(adsbygoogle = window.adsbygoogle || []).push({});\n<\/script><\/p>\n<p align=\"left\">\u201cNadie desconoce el marcado deterioro que sufren los ingresos de un trabajador tras acogerse al r\u00e9gimen previsional pues, la relaci\u00f3n entre la jubilaci\u00f3n y los \u00faltimos salarios resulta -en promedio- inferior al 60 %, muy lejos de la exigencia hist\u00f3rica del 82 % m\u00f3vil\u201d, a\u00f1aden.<\/p>\n<p align=\"left\">\u201cJustamente esa tasa de sustitutividad, estrechamente vinculada con la movilidad del haber, es uno de los aspectos centrales que debe ser objeto de especial tratamiento en nuestra b\u00fasqueda de un r\u00e9gimen previsional general debidamente ordenado, surgido del consenso interdisciplinario mayoritario y sustentable en el tiempo\u201d, dicen.<\/p>\n<p align=\"left\">\u201cEntendemos que el conjunto de los cuerpos deliberativos locales debemos manifestarnos en pos de esta recomposici\u00f3n de haberes, comprometiendo y garantizando de este modo una ampliaci\u00f3n de derechos concreta para las y los adultos mayores de nuestro pa\u00eds, que se han visto postergados y perjudicados en sucesivas gestiones\u201d, agregan y piden el acompa\u00f1amiento del oficialismo y los bloque de Comunidad Organizada y el PRO.<\/p>\n","protected":false},"excerpt":{"rendered":"<p>Los y la concejala del bloque Frepam reclamaron al Congreso de la Naci\u00f3n, trate el proyecto de \u201cRecomposici\u00f3n del Haber M\u00ednimo Jubilatorio\u201d con la \u201cfijaci\u00f3n de su adecuaci\u00f3n trimestral conforme&hellip;<\/p>\n","protected":false},"author":2,"featured_media":211918,"comment_status":"closed","ping_status":"open","sticky":false,"template":"","format":"standard","meta":{"footnotes":""},"categories":[4],"tags":[],"class_list":["post-284014","post","type-post","status-publish","format-standard","has-post-thumbnail","hentry","category-ciudad"],"jetpack_featured_media_url":"https:\/\/www.planbnoticias.com.ar\/wp-content\/uploads\/2020\/03\/bloque-frepam.jpg","_links":{"self":[{"href":"https:\/\/www.planbnoticias.com.ar\/index.php\/wp-json\/wp\/v2\/posts\/284014","targetHints":{"allow":["GET"]}}],"collection":[{"href":"https:\/\/www.planbnoticias.com.ar\/index.php\/wp-json\/wp\/v2\/posts"}],"about":[{"href":"https:\/\/www.planbnoticias.com.ar\/index.php\/wp-json\/wp\/v2\/types\/post"}],"author":[{"embeddable":true,"href":"https:\/\/www.planbnoticias.com.ar\/index.php\/wp-json\/wp\/v2\/users\/2"}],"replies":[{"embeddable":true,"href":"https:\/\/www.planbnoticias.com.ar\/index.php\/wp-json\/wp\/v2\/comments?post=284014"}],"version-history":[{"count":1,"href":"https:\/\/www.planbnoticias.com.ar\/index.php\/wp-json\/wp\/v2\/posts\/284014\/revisions"}],"predecessor-version":[{"id":284015,"href":"https:\/\/www.planbnoticias.com.ar\/index.php\/wp-json\/wp\/v2\/posts\/284014\/revisions\/284015"}],"wp:featuredmedia":[{"embeddable":true,"href":"https:\/\/www.planbnoticias.com.ar\/index.php\/wp-json\/wp\/v2\/media\/211918"}],"wp:attachment":[{"href":"https:\/\/www.planbnoticias.com.ar\/index.php\/wp-json\/wp\/v2\/media?parent=284014"}],"wp:term":[{"taxonomy":"category","embeddable":true,"href":"https:\/\/www.planbnoticias.com.ar\/index.php\/wp-json\/wp\/v2\/categories?post=284014"},{"taxonomy":"post_tag","embeddable":true,"href":"https:\/\/www.planbnoticias.com.ar\/index.php\/wp-json\/wp\/v2\/tags?post=284014"}],"curies":[{"name":"wp","href":"https:\/\/api.w.org\/{rel}","templated":true}]}}