{"id":286176,"date":"2021-09-21T12:02:53","date_gmt":"2021-09-21T15:02:53","guid":{"rendered":"https:\/\/www.planbnoticias.com.ar\/?p=286176"},"modified":"2021-09-21T12:02:53","modified_gmt":"2021-09-21T15:02:53","slug":"el-frepam-pide-rendicion-de-cuentas-al-oficialismo-a-la-gestion-municipal-le-molesta-ser-controlada","status":"publish","type":"post","link":"https:\/\/www.planbnoticias.com.ar\/index.php\/2021\/09\/21\/el-frepam-pide-rendicion-de-cuentas-al-oficialismo-a-la-gestion-municipal-le-molesta-ser-controlada\/","title":{"rendered":"El Frepam pide rendici\u00f3n de cuentas al oficialismo: \u201ca la gesti\u00f3n municipal le molesta ser controlada\u201d"},"content":{"rendered":"<p><img fetchpriority=\"high\" decoding=\"async\" class=\"alignnone size-full wp-image-211918\" src=\"https:\/\/www.planbnoticias.com.ar\/wp-content\/uploads\/2020\/03\/bloque-frepam.jpg\" alt=\"\" width=\"1280\" height=\"853\" srcset=\"https:\/\/www.planbnoticias.com.ar\/wp-content\/uploads\/2020\/03\/bloque-frepam.jpg 1280w, https:\/\/www.planbnoticias.com.ar\/wp-content\/uploads\/2020\/03\/bloque-frepam-300x200.jpg 300w, https:\/\/www.planbnoticias.com.ar\/wp-content\/uploads\/2020\/03\/bloque-frepam-1024x682.jpg 1024w, https:\/\/www.planbnoticias.com.ar\/wp-content\/uploads\/2020\/03\/bloque-frepam-768x512.jpg 768w, https:\/\/www.planbnoticias.com.ar\/wp-content\/uploads\/2020\/03\/bloque-frepam-1170x780.jpg 1170w, https:\/\/www.planbnoticias.com.ar\/wp-content\/uploads\/2020\/03\/bloque-frepam-585x390.jpg 585w, https:\/\/www.planbnoticias.com.ar\/wp-content\/uploads\/2020\/03\/bloque-frepam-263x175.jpg 263w\" sizes=\"(max-width: 1280px) 100vw, 1280px\" \/><\/p>\n<p>Desde la oposici\u00f3n reclamaron a la gesti\u00f3n de Luciano di N\u00e1poli que realice una rendici\u00f3n de cuentas de los gastos en el Deliberante.<\/p>\n<p>A trav\u00e9s de un comunicado de prensa, indicaron que \u201cresulta inaceptable que desde el \u00e1rea de hacienda de la municipalidad de Santa Rosa a\u00fan no se haya enviado al \u00f3rgano t\u00e9cnico de control de gastos del Concejo Deliberante ni una rendici\u00f3n diaria de cuentas durante este a\u00f1o\u201d.<\/p>\n<p>\u201cAl mes de junio de 2021 la municipalidad de Santa Rosa llevaba ejecutado pr\u00e1cticamente la mitad del presupuesto autorizado de 4.500 millones de pesos, sin embargo no present\u00f3 ni un comprobante de esos gastos al Cuerpo de Relatores, \u00f3rgano de control de la legalidad de los mismos\u201d, advirtieron.<\/p>\n<p><script async src=\"\/\/pagead2.googlesyndication.com\/pagead\/js\/adsbygoogle.js\"><\/script><\/p>\n<p><!-- Publi m\u00f3vil interior nota --><\/p>\n<p>&nbsp;<\/p>\n<p><script><\/p>\n<p>(adsbygoogle = window.adsbygoogle || []).push({});<\/p>\n<p><\/script><\/p>\n<p>\u201cEl marco normativo es claro y establece la obligatoriedad de remitir diariamente los gastos pagados por el municipio a la oficina t\u00e9cnica dependiente de la Comisi\u00f3n de Hacienda Presupuesto y Cuentas del Honorable Concejo Deliberante, sin embargo, esto deliberadamente no ocurre\u201d, recordaron desde el Frepam.<\/p>\n<p>\u201cFrente a nuestros reclamos planteados en la propia Comisi\u00f3n de Hacienda, en el Recinto de Sesiones, y tambi\u00e9n por la propia jefa del Cuerpo de Relatores, la respuesta de los funcionarios es que se est\u00e1 cambiando el sistema de contabilidad municipal, situaci\u00f3n comprensible hasta determinado plazo. Pero hace m\u00e1s de 9 meses que est\u00e1n poniendo en marcha un sistema que permite, contabilizar el cobro de las tasas que pagan las y los vecinos, incorporar los recursos girados desde la Naci\u00f3n o la Provincia, tambi\u00e9n permite realizar los pagos y las transferencias y emisiones de cheques, pero llamativamente aun \u201cno permite\u201d o tiene \u201cerrores\u201d en la confecci\u00f3n de las rendiciones de cuentas diarias\u201d, expresaron.<\/p>\n<p>\u201cDesde la creaci\u00f3n del Cuerpo de Relatores hace m\u00e1s de 20 a\u00f1os, jam\u00e1s ha existido un retraso tan escandaloso en la remisi\u00f3n de rendiciones de cuentas, lo que evidencia una caracter\u00edstica permanente de esta gesti\u00f3n municipal: le molesta ser controlada.\u201d, cierra el comunicado.<\/p>\n","protected":false},"excerpt":{"rendered":"<p>Desde la oposici\u00f3n reclamaron a la gesti\u00f3n de Luciano di N\u00e1poli que realice una rendici\u00f3n de cuentas de los gastos en el Deliberante. A trav\u00e9s de un comunicado de prensa,&hellip;<\/p>\n","protected":false},"author":3,"featured_media":211918,"comment_status":"closed","ping_status":"open","sticky":false,"template":"","format":"standard","meta":{"footnotes":""},"categories":[4],"tags":[],"class_list":["post-286176","post","type-post","status-publish","format-standard","has-post-thumbnail","hentry","category-ciudad"],"jetpack_featured_media_url":"https:\/\/www.planbnoticias.com.ar\/wp-content\/uploads\/2020\/03\/bloque-frepam.jpg","_links":{"self":[{"href":"https:\/\/www.planbnoticias.com.ar\/index.php\/wp-json\/wp\/v2\/posts\/286176","targetHints":{"allow":["GET"]}}],"collection":[{"href":"https:\/\/www.planbnoticias.com.ar\/index.php\/wp-json\/wp\/v2\/posts"}],"about":[{"href":"https:\/\/www.planbnoticias.com.ar\/index.php\/wp-json\/wp\/v2\/types\/post"}],"author":[{"embeddable":true,"href":"https:\/\/www.planbnoticias.com.ar\/index.php\/wp-json\/wp\/v2\/users\/3"}],"replies":[{"embeddable":true,"href":"https:\/\/www.planbnoticias.com.ar\/index.php\/wp-json\/wp\/v2\/comments?post=286176"}],"version-history":[{"count":1,"href":"https:\/\/www.planbnoticias.com.ar\/index.php\/wp-json\/wp\/v2\/posts\/286176\/revisions"}],"predecessor-version":[{"id":286177,"href":"https:\/\/www.planbnoticias.com.ar\/index.php\/wp-json\/wp\/v2\/posts\/286176\/revisions\/286177"}],"wp:featuredmedia":[{"embeddable":true,"href":"https:\/\/www.planbnoticias.com.ar\/index.php\/wp-json\/wp\/v2\/media\/211918"}],"wp:attachment":[{"href":"https:\/\/www.planbnoticias.com.ar\/index.php\/wp-json\/wp\/v2\/media?parent=286176"}],"wp:term":[{"taxonomy":"category","embeddable":true,"href":"https:\/\/www.planbnoticias.com.ar\/index.php\/wp-json\/wp\/v2\/categories?post=286176"},{"taxonomy":"post_tag","embeddable":true,"href":"https:\/\/www.planbnoticias.com.ar\/index.php\/wp-json\/wp\/v2\/tags?post=286176"}],"curies":[{"name":"wp","href":"https:\/\/api.w.org\/{rel}","templated":true}]}}