{"id":287596,"date":"2021-10-01T11:49:48","date_gmt":"2021-10-01T14:49:48","guid":{"rendered":"https:\/\/www.planbnoticias.com.ar\/?p=287596"},"modified":"2021-10-01T16:41:50","modified_gmt":"2021-10-01T19:41:50","slug":"derrumbe-en-la-calle-don-bosco-mis-hijos-no-querian-volver-a-entrar-a-la-casa","status":"publish","type":"post","link":"https:\/\/www.planbnoticias.com.ar\/index.php\/2021\/10\/01\/derrumbe-en-la-calle-don-bosco-mis-hijos-no-querian-volver-a-entrar-a-la-casa\/","title":{"rendered":"Derrumbe en la calle Don Bosco: \u201cmis hijos no quer\u00edan volver a entrar a la casa\u201d"},"content":{"rendered":"<p><img fetchpriority=\"high\" decoding=\"async\" class=\"alignnone size-full wp-image-287600\" src=\"https:\/\/www.planbnoticias.com.ar\/wp-content\/uploads\/2021\/10\/pared-caida-casa-calle-don-bosco.jpeg\" alt=\"\" width=\"1600\" height=\"1200\" srcset=\"https:\/\/www.planbnoticias.com.ar\/wp-content\/uploads\/2021\/10\/pared-caida-casa-calle-don-bosco.jpeg 1600w, https:\/\/www.planbnoticias.com.ar\/wp-content\/uploads\/2021\/10\/pared-caida-casa-calle-don-bosco-300x225.jpeg 300w, https:\/\/www.planbnoticias.com.ar\/wp-content\/uploads\/2021\/10\/pared-caida-casa-calle-don-bosco-1024x768.jpeg 1024w, https:\/\/www.planbnoticias.com.ar\/wp-content\/uploads\/2021\/10\/pared-caida-casa-calle-don-bosco-768x576.jpeg 768w, https:\/\/www.planbnoticias.com.ar\/wp-content\/uploads\/2021\/10\/pared-caida-casa-calle-don-bosco-1536x1152.jpeg 1536w, https:\/\/www.planbnoticias.com.ar\/wp-content\/uploads\/2021\/10\/pared-caida-casa-calle-don-bosco-1170x878.jpeg 1170w, https:\/\/www.planbnoticias.com.ar\/wp-content\/uploads\/2021\/10\/pared-caida-casa-calle-don-bosco-585x439.jpeg 585w\" sizes=\"(max-width: 1600px) 100vw, 1600px\" \/><\/p>\n<p>Mart\u00edn Monta\u00f1a, inquilino de la casa a la que se le derrumb\u00f3 el garaje por la obra en construcci\u00f3n de un edificio, le dijo a Plan B que \u201cse vivi\u00f3 un momento de tensi\u00f3n fe\u00edsimo\u201d<\/p>\n<p>Plan B Noticias adelant\u00f3 hace tres d\u00edas que parte de una casa c\u00e9ntrica de Santa Rosa se hab\u00eda derrumbado por la obra de construcci\u00f3n de un edificio en la calle Don Bosco. La vivienda tiene el garaje sobre esa arteria y la puerta de ingreso sobre Pellegrini.<\/p>\n<blockquote class=\"wp-embedded-content\" data-secret=\"is8Du71inx\"><p><a href=\"https:\/\/www.planbnoticias.com.ar\/index.php\/2021\/09\/29\/en-pleno-centro-se-derrumbo-parte-de-una-casa\/\">En pleno centro: Se derrumb\u00f3 parte de una casa<\/a><\/p><\/blockquote>\n<p><iframe class=\"wp-embedded-content\" sandbox=\"allow-scripts\" security=\"restricted\" style=\"position: absolute; clip: rect(1px, 1px, 1px, 1px);\" title=\"\u00abEn pleno centro: Se derrumb\u00f3 parte de una casa\u00bb \u2014 Plan B Noticias\" src=\"https:\/\/www.planbnoticias.com.ar\/index.php\/2021\/09\/29\/en-pleno-centro-se-derrumbo-parte-de-una-casa\/embed\/#?secret=is8Du71inx\" data-secret=\"is8Du71inx\" width=\"600\" height=\"338\" frameborder=\"0\" marginwidth=\"0\" marginheight=\"0\" scrolling=\"no\"><\/iframe><\/p>\n<p><script async src=\"\/\/pagead2.googlesyndication.com\/pagead\/js\/adsbygoogle.js\"><\/script><br \/>\n<!-- Publi m\u00f3vil interior nota --><br \/>\n<ins class=\"adsbygoogle\" style=\"display: inline-block; width: 320px; height: 100px;\" data-ad-client=\"ca-pub-7250018434179914\" data-ad-slot=\"1040343543\"><\/ins><br \/>\n<script>\n(adsbygoogle = window.adsbygoogle || []).push({});\n<\/script><\/p>\n<p>\u201cEst\u00e1n haciendo un edificio de 7 pisos. Algo que yo les advert\u00ed desde el primer momento en que empezaron a construir, es una cuesti\u00f3n de sentido com\u00fan, si vos le sac\u00e1s la parte de abajo y queda sin piso, se va a caer\u201d, se\u00f1al\u00f3 Mart\u00edn Monta\u00f1a.<\/p>\n<p>\u201cEllos dicen que hay una p\u00e9rdida de agua, lo que sea, pero si vos ves la p\u00e9rdida de agua, ten\u00e9s que sacar de a poco e ir apuntalando\u201d, indic\u00f3.<\/p>\n<p>\u201cEstaba ac\u00e1 con la beba, mi hija de 5 y mi hijo de 12 a\u00f1os. Fue un momento de tensi\u00f3n fe\u00edsimo, tocaron la puerta, el timbre, un ruido b\u00e1rbaro, y aparece el capataz para decirnos que se cay\u00f3 el garaje. Veo que se cay\u00f3 la pared, les digo que tienen que apuntalar porque se cae todo, pero en un momento uno de ellos sali\u00f3 a los gritos de \u2018salgan todos que se cae, y salimos todos asustados, pero por suerte no se cay\u00f3 nada m\u00e1s. Mis hijos no quer\u00edan volver a entrar m\u00e1s a la casa, reci\u00e9n anoche los convenc\u00ed y les mostr\u00e9 que era solo el garaje\u201d, dijo el referente de la pe\u00f1a Azul y Oro de Santa Rosa.<\/p>\n<p><img decoding=\"async\" class=\"alignnone size-full wp-image-287604\" src=\"https:\/\/www.planbnoticias.com.ar\/wp-content\/uploads\/2021\/10\/casa-don-bosco.jpeg\" alt=\"\" width=\"1599\" height=\"1066\" srcset=\"https:\/\/www.planbnoticias.com.ar\/wp-content\/uploads\/2021\/10\/casa-don-bosco.jpeg 1599w, https:\/\/www.planbnoticias.com.ar\/wp-content\/uploads\/2021\/10\/casa-don-bosco-300x200.jpeg 300w, https:\/\/www.planbnoticias.com.ar\/wp-content\/uploads\/2021\/10\/casa-don-bosco-1024x683.jpeg 1024w, https:\/\/www.planbnoticias.com.ar\/wp-content\/uploads\/2021\/10\/casa-don-bosco-768x512.jpeg 768w, https:\/\/www.planbnoticias.com.ar\/wp-content\/uploads\/2021\/10\/casa-don-bosco-1536x1024.jpeg 1536w, https:\/\/www.planbnoticias.com.ar\/wp-content\/uploads\/2021\/10\/casa-don-bosco-1170x780.jpeg 1170w, https:\/\/www.planbnoticias.com.ar\/wp-content\/uploads\/2021\/10\/casa-don-bosco-585x390.jpeg 585w, https:\/\/www.planbnoticias.com.ar\/wp-content\/uploads\/2021\/10\/casa-don-bosco-263x175.jpeg 263w\" sizes=\"(max-width: 1599px) 100vw, 1599px\" \/><\/p>\n<p>\u201cYo me mud\u00e9 hace 8 meses ac\u00e1, estoy pagando alquiler, pero ahora me tengo que mudar. No s\u00e9 si cuando empiecen a construir no se van a mandar otro macan\u00f3n, y esto pasa con los alquileres en las nubes. Ayer averig\u00fc\u00e9 por una casa que est\u00e1 en la circunvalaci\u00f3n con una pieza menos que esta del centro, y me piden 15 mil pesos m\u00e1s\u201d, ejemplific\u00f3.<\/p>\n<p>\u201cAl principio por el susto que se pegaron me ofrecieron el oro y el moro, pagarnos un hotel, conseguirnos garaje, lo que necesit\u00e1ramos, pero nosotros no podemos movernos porque ellos se equivocaron, les ped\u00ed que se fijen bien, que no se caiga nada m\u00e1s\u201d pero \u201clo que m\u00e1s me molest\u00f3 es que de la predisposici\u00f3n que tuvieron ese d\u00eda pasaron a una actitud distinta, ayer los llam\u00e9 por un problema y ahora me mandan a hablar con el abogado de la empresa y ya cambiaron la forma del trato\u201d, agreg\u00f3 Mart\u00edn Monta\u00f1a.<\/p>\n<p>\u201cUno trata de ser buena gente, trata de colaborar. Hay que vivir al lado de una obra y no les hemos hecho problemas, hay 20 tipos laburando, pero ahora hacen esto, seguro har\u00e1 su reclamo la propietaria y no s\u00e9 si nosotros no haremos lo mismo. Estas cosas y esta actitud te lleva a enojarte, a qu\u00e9 te agarre impotencia\u201d, finaliz\u00f3.<\/p>\n<p><img decoding=\"async\" class=\"alignnone size-full wp-image-287603\" src=\"https:\/\/www.planbnoticias.com.ar\/wp-content\/uploads\/2021\/10\/casa-don-bosco2.jpeg\" alt=\"\" width=\"1599\" height=\"1066\" srcset=\"https:\/\/www.planbnoticias.com.ar\/wp-content\/uploads\/2021\/10\/casa-don-bosco2.jpeg 1599w, https:\/\/www.planbnoticias.com.ar\/wp-content\/uploads\/2021\/10\/casa-don-bosco2-300x200.jpeg 300w, https:\/\/www.planbnoticias.com.ar\/wp-content\/uploads\/2021\/10\/casa-don-bosco2-1024x683.jpeg 1024w, https:\/\/www.planbnoticias.com.ar\/wp-content\/uploads\/2021\/10\/casa-don-bosco2-768x512.jpeg 768w, https:\/\/www.planbnoticias.com.ar\/wp-content\/uploads\/2021\/10\/casa-don-bosco2-1536x1024.jpeg 1536w, https:\/\/www.planbnoticias.com.ar\/wp-content\/uploads\/2021\/10\/casa-don-bosco2-1170x780.jpeg 1170w, https:\/\/www.planbnoticias.com.ar\/wp-content\/uploads\/2021\/10\/casa-don-bosco2-585x390.jpeg 585w, https:\/\/www.planbnoticias.com.ar\/wp-content\/uploads\/2021\/10\/casa-don-bosco2-263x175.jpeg 263w\" sizes=\"(max-width: 1599px) 100vw, 1599px\" \/><\/p>\n","protected":false},"excerpt":{"rendered":"<p>Mart\u00edn Monta\u00f1a, inquilino de la casa a la que se le derrumb\u00f3 el garaje por la obra en construcci\u00f3n de un edificio, le dijo a Plan B que \u201cse vivi\u00f3&hellip;<\/p>\n","protected":false},"author":2,"featured_media":287604,"comment_status":"closed","ping_status":"open","sticky":false,"template":"","format":"standard","meta":{"footnotes":""},"categories":[4,7,15],"tags":[],"class_list":["post-287596","post","type-post","status-publish","format-standard","has-post-thumbnail","hentry","category-ciudad","category-destacadas","category-tapa"],"jetpack_featured_media_url":"https:\/\/www.planbnoticias.com.ar\/wp-content\/uploads\/2021\/10\/casa-don-bosco.jpeg","_links":{"self":[{"href":"https:\/\/www.planbnoticias.com.ar\/index.php\/wp-json\/wp\/v2\/posts\/287596","targetHints":{"allow":["GET"]}}],"collection":[{"href":"https:\/\/www.planbnoticias.com.ar\/index.php\/wp-json\/wp\/v2\/posts"}],"about":[{"href":"https:\/\/www.planbnoticias.com.ar\/index.php\/wp-json\/wp\/v2\/types\/post"}],"author":[{"embeddable":true,"href":"https:\/\/www.planbnoticias.com.ar\/index.php\/wp-json\/wp\/v2\/users\/2"}],"replies":[{"embeddable":true,"href":"https:\/\/www.planbnoticias.com.ar\/index.php\/wp-json\/wp\/v2\/comments?post=287596"}],"version-history":[{"count":2,"href":"https:\/\/www.planbnoticias.com.ar\/index.php\/wp-json\/wp\/v2\/posts\/287596\/revisions"}],"predecessor-version":[{"id":287606,"href":"https:\/\/www.planbnoticias.com.ar\/index.php\/wp-json\/wp\/v2\/posts\/287596\/revisions\/287606"}],"wp:featuredmedia":[{"embeddable":true,"href":"https:\/\/www.planbnoticias.com.ar\/index.php\/wp-json\/wp\/v2\/media\/287604"}],"wp:attachment":[{"href":"https:\/\/www.planbnoticias.com.ar\/index.php\/wp-json\/wp\/v2\/media?parent=287596"}],"wp:term":[{"taxonomy":"category","embeddable":true,"href":"https:\/\/www.planbnoticias.com.ar\/index.php\/wp-json\/wp\/v2\/categories?post=287596"},{"taxonomy":"post_tag","embeddable":true,"href":"https:\/\/www.planbnoticias.com.ar\/index.php\/wp-json\/wp\/v2\/tags?post=287596"}],"curies":[{"name":"wp","href":"https:\/\/api.w.org\/{rel}","templated":true}]}}