{"id":288203,"date":"2021-10-06T09:12:05","date_gmt":"2021-10-06T12:12:05","guid":{"rendered":"https:\/\/www.planbnoticias.com.ar\/?p=288203"},"modified":"2021-10-06T10:49:25","modified_gmt":"2021-10-06T13:49:25","slug":"victoria-huala-soy-una-chica-comun-que-viene-de-una-familia-comun","status":"publish","type":"post","link":"https:\/\/www.planbnoticias.com.ar\/index.php\/2021\/10\/06\/victoria-huala-soy-una-chica-comun-que-viene-de-una-familia-comun\/","title":{"rendered":"Victoria Huala: \u201csoy una chica com\u00fan que viene de una familia com\u00fan\u201d"},"content":{"rendered":"<p><img fetchpriority=\"high\" decoding=\"async\" class=\"alignnone size-full wp-image-288204\" src=\"https:\/\/www.planbnoticias.com.ar\/wp-content\/uploads\/2021\/10\/victoria-huala-2.jpg\" alt=\"\" width=\"1599\" height=\"1066\" srcset=\"https:\/\/www.planbnoticias.com.ar\/wp-content\/uploads\/2021\/10\/victoria-huala-2.jpg 1599w, https:\/\/www.planbnoticias.com.ar\/wp-content\/uploads\/2021\/10\/victoria-huala-2-300x200.jpg 300w, https:\/\/www.planbnoticias.com.ar\/wp-content\/uploads\/2021\/10\/victoria-huala-2-1024x683.jpg 1024w, https:\/\/www.planbnoticias.com.ar\/wp-content\/uploads\/2021\/10\/victoria-huala-2-768x512.jpg 768w, https:\/\/www.planbnoticias.com.ar\/wp-content\/uploads\/2021\/10\/victoria-huala-2-1536x1024.jpg 1536w, https:\/\/www.planbnoticias.com.ar\/wp-content\/uploads\/2021\/10\/victoria-huala-2-1170x780.jpg 1170w, https:\/\/www.planbnoticias.com.ar\/wp-content\/uploads\/2021\/10\/victoria-huala-2-585x390.jpg 585w, https:\/\/www.planbnoticias.com.ar\/wp-content\/uploads\/2021\/10\/victoria-huala-2-263x175.jpg 263w\" sizes=\"(max-width: 1599px) 100vw, 1599px\" \/><\/p>\n<p>Victoria Huala es candidata a senadora en segundo lugar por Juntos por el Cambio y de repetirse la elecci\u00f3n de septiembre, llegar\u00eda al Congreso. <strong>Qu\u00e9 piensa la dirigente de la juventud del PRO del feminismo, el aborto, el Gobierno de Macri y los cuestionamientos que recibi\u00f3 por ser mujer y de una alianza de centro derecha.<\/strong><\/p>\n<p>\u201cMi viejo era ingeniero agr\u00f3nomo, mi vieja era empleada administrativa y ahora es jubilada\u201d, se presenta Victoria Huala, empleada municipal y segunda en la lista para el Senado que encabeza Daniel Kroneberger.<\/p>\n<p>\u201cTengo 34 a\u00f1os y arranqu\u00e9 a los 30 en el PRO. Vivo cerca de la sede del PRO y salgo a caminar para la rotonda del avi\u00f3n. Una vez me dije, es ahora, y entr\u00e9\u201d, relat\u00f3 sobre sus inicios en la pol\u00edtica partidaria.<\/p>\n<p><strong>\u201cVe\u00eda que a veces los que pens\u00e1bamos distinto no habl\u00e1bamos, o sent\u00edamos que nos pod\u00eda generar problemas. Yo creo que la pol\u00edtica es para construir y para cambiar las cosas.<\/strong> Actualmente estoy en la Juventud Nacional del PRO porque soy coordinadora de la regi\u00f3n patag\u00f3nica y fui la presidenta de la Juventud en La Pampa\u201d, declar\u00f3 en el programa <em>Las Dos Verdades que se emite de lunes a viernes de 17 a 19 en Radio Mitre Santa Rosa (100.9).<\/em><\/p>\n<p><script async src=\"\/\/pagead2.googlesyndication.com\/pagead\/js\/adsbygoogle.js\"><\/script><br \/>\n<!-- Publi m\u00f3vil interior nota --><br \/>\n<ins class=\"adsbygoogle\" style=\"display: inline-block; width: 320px; height: 100px;\" data-ad-client=\"ca-pub-7250018434179914\" data-ad-slot=\"1040343543\"><\/ins><br \/>\n<script>\n(adsbygoogle = window.adsbygoogle || []).push({});\n<\/script><\/p>\n<p><strong>&#8211; \u00bfEst\u00e1s pagando el costo de meterte en la pol\u00edtica?<\/strong><\/p>\n<p>&#8211; Puede ser, pero no me detengo en eso. El cari\u00f1o de la gente que me conoce y que saben c\u00f3mo soy, no cambia.<\/p>\n<p><strong>&#8211; \u00bfQu\u00e9 hace la Juventud del PRO?<\/strong><\/p>\n<p>&#8211; Es una que juventud apuesta a quedarse en Argentina, a tratar de construir, hemos realizado varias capacitaciones. El a\u00f1o pasado realizamos una en marketing digital y se inscribieron casi 100 personas. Hemos presentado muchos proyectos, trabajamos con Adriana Garc\u00eda que es concejala de General Pico, donde presentamos una iniciativa de movilidad sustentable. <strong>Somos una juventud que trabaja.<\/strong><\/p>\n<p>El s\u00e1bado despu\u00e9s del 12 de septiembre me junt\u00e9 con Elida Deanna y habl\u00e1bamos que hoy el g\u00e9nero atraviesa a los partidos. Eso nos va a llevar a una democracia m\u00e1s participativa. El sistema tiene que garantizar una distribuci\u00f3n real y equitativa en todos los \u00e1mbitos de la sociedad. Vemos que hay un gobierno que dice fomentar la igualdad de g\u00e9nero, pero cuando hace una reuni\u00f3n de gabinete hay muy pocas mujeres<\/p>\n<p><strong>&#8211; \u00bfQu\u00e9 te sale pensar cuando te dicen que fuiste a rellenar un lugar detr\u00e1s de un hombre?<\/strong><\/p>\n<p>&#8211; Si soy conocida o no, entiendo ese debate, porque es verdad, no soy conocida. Pero es una virtud del espacio en el que estoy se da espacio a la juventud, a una mujer. Despu\u00e9s el tema de g\u00e9nero y la capacidad, de juzgar a una persona de si es capaz o no, se conoce despu\u00e9s.<strong> Yo soy una chica com\u00fan, que viene de una familia com\u00fan<\/strong>, por eso no entiendo ese debate, si sos muy conocida es porque est\u00e1s enquistada en el poder y si sos nueva, quien la conoce, eso no me ofende, por eso hoy estoy ac\u00e1 para que mucha gente conozca mi vos y mi forma de pensar.<\/p>\n<p><strong>&#8211; \u00bfC\u00f3mo te sent\u00eds con el feminismo?<\/strong><\/p>\n<p>&#8211; Bien, tengo una amiga que es de Jujuy que ella declara que es feminista, que est\u00e1 en todas las marchas, en la calle, y un d\u00eda me mira y me dice<strong> &#8216;sos una feminista no asumida porque luchas por la igualdad, y el feminismo es igualdad&#8217;.<\/strong> Me da pena escuchar a una mujer decir que no es feminista.<\/p>\n<p><strong>&#8211; \u00bfLas mujeres de derecha no pueden ser feministas?<\/strong><\/p>\n<p>&#8211; Eso es una cuesti\u00f3n que se tiene que hacer cargo el otro. Creo en la libertad y cada una tiene que llevar la lucha de la manera que crea que tiene que hacerlo. <strong>Yo llevo la bandera del feminismo, creo que somos capaces de ocupar de igual manera los lugares que ocupa el hombre.<\/strong><\/p>\n<p><img decoding=\"async\" class=\"alignnone size-full wp-image-288205\" src=\"https:\/\/www.planbnoticias.com.ar\/wp-content\/uploads\/2021\/10\/victoria-huala-1.jpg\" alt=\"\" width=\"1599\" height=\"1066\" srcset=\"https:\/\/www.planbnoticias.com.ar\/wp-content\/uploads\/2021\/10\/victoria-huala-1.jpg 1599w, https:\/\/www.planbnoticias.com.ar\/wp-content\/uploads\/2021\/10\/victoria-huala-1-300x200.jpg 300w, https:\/\/www.planbnoticias.com.ar\/wp-content\/uploads\/2021\/10\/victoria-huala-1-1024x683.jpg 1024w, https:\/\/www.planbnoticias.com.ar\/wp-content\/uploads\/2021\/10\/victoria-huala-1-768x512.jpg 768w, https:\/\/www.planbnoticias.com.ar\/wp-content\/uploads\/2021\/10\/victoria-huala-1-1536x1024.jpg 1536w, https:\/\/www.planbnoticias.com.ar\/wp-content\/uploads\/2021\/10\/victoria-huala-1-1170x780.jpg 1170w, https:\/\/www.planbnoticias.com.ar\/wp-content\/uploads\/2021\/10\/victoria-huala-1-585x390.jpg 585w, https:\/\/www.planbnoticias.com.ar\/wp-content\/uploads\/2021\/10\/victoria-huala-1-263x175.jpg 263w\" sizes=\"(max-width: 1599px) 100vw, 1599px\" \/><\/p>\n<p><strong>&#8211; \u00bfC\u00f3mo viv\u00eds con la doble vara, donde si sos Florencia Pe\u00f1a te defienden, pero si sos otra mujer, no pasa nada?<\/strong><\/p>\n<p>&#8211; Me molesta much\u00edsimo, porque <strong>siento que de un lado siempre se se\u00f1ala, que a m\u00ed me tratan de que no comparto lugares feministas, que ya sos de derecha, ya sos cheta, hija de una familia oligarca, de un padre que est\u00e1 en la industria cerealera.<\/strong> Pero son cuestiones del otro, estoy muy bien donde estoy, en el espacio donde estoy, porque realmente se le da oportunidades a las mujeres y a la gente joven. Creo que somos el \u00fanico partido que tiene un protocolo de violencia de g\u00e9nero, que se puede pedir hasta la desafiliaci\u00f3n de un violento. Esas son las cosas que hay que hacer, no las que se declaman.<\/p>\n<p><strong>\u00bfC\u00f3mo se arm\u00f3 la lista?<\/strong><\/p>\n<p>&#8211; Desde la juventud venimos trabajando desde hace mucho tiempo juntos y un d\u00eda Mart\u00edn Maquieyra me dice, quiero hablar con vos. Me dijo \u2018me gusta tu perfil, me gustar\u00eda que me acompa\u00f1es, ser\u00edas la cara nueva, la renovaci\u00f3n\u2019 La verdad es que por un segundo dud\u00e9 por ese miedo a la exposici\u00f3n donde cualquiera puede decir cualquier cosa de vos y no pasa nada, pero despu\u00e9s pens\u00e9 en lo que significa para el grupo de la Juventud, en las personas que venimos trabajando desde hace 4 a\u00f1os.<\/p>\n<p><strong>&#8211; \u00bfQu\u00e9 pens\u00e1s del gobierno de Macri?<\/strong><\/p>\n<p>&#8211; Hizo cosas buenas y otras no. Somos autocr\u00edticos de la cuesti\u00f3n de la inflaci\u00f3n, de la econom\u00eda, de la pobreza cero. Todas esas cuestiones hicieron que la opci\u00f3n fuera el Gobierno actual. Cosas que Macri explic\u00f3 despu\u00e9s, pero es importante tener un Congreso fuerte, por eso son tan importantes estas elecciones.<strong> El problema no es Macri, la pobreza viene creciendo a\u00f1o tras a\u00f1o, viene de antes.<\/strong> Tiene que haber pol\u00edticas que se acuerden y sigan est\u00e9 quien est\u00e9 en el gobierno. Los gremios son importantes para el trabajador, creo en una Argentina del consenso, donde tienen que estar todos los sectores, los gremios, los empresarios, las mujeres, los j\u00f3venes, todos.<\/p>\n<p><strong>&#8211; \u00bfQu\u00e9 pens\u00e1s del aborto?<\/strong><\/p>\n<p>&#8211; Yo pas\u00e9 por distintos estad\u00edos en la discusi\u00f3n y desde la juventud armamos debates con chicos y chicas de distintos sectores pol\u00edticos donde cada uno mostr\u00f3 su opini\u00f3n.<\/p>\n<p>Yo siento que desde la concepci\u00f3n hay vida, ahora yo con 34 a\u00f1os con un trabajo estable, viviendo c\u00f3mo vivo quiz\u00e1s no abortar\u00eda, pero entiendo que hay chicas que s\u00e9 que pasan por otro tipo de necesidades, se trata de un poco de empat\u00eda, de ponerse en el lugar de la otra.<strong> Es una cuesti\u00f3n de empat\u00eda, yo estoy a favor de la despenalizaci\u00f3n del aborto.<\/strong><\/p>\n","protected":false},"excerpt":{"rendered":"<p>Victoria Huala es candidata a senadora en segundo lugar por Juntos por el Cambio y de repetirse la elecci\u00f3n de septiembre, llegar\u00eda al Congreso. Qu\u00e9 piensa la dirigente de la&hellip;<\/p>\n","protected":false},"author":2,"featured_media":288204,"comment_status":"closed","ping_status":"open","sticky":false,"template":"","format":"standard","meta":{"footnotes":""},"categories":[7,13],"tags":[],"class_list":["post-288203","post","type-post","status-publish","format-standard","has-post-thumbnail","hentry","category-destacadas","category-provincia"],"jetpack_featured_media_url":"https:\/\/www.planbnoticias.com.ar\/wp-content\/uploads\/2021\/10\/victoria-huala-2.jpg","_links":{"self":[{"href":"https:\/\/www.planbnoticias.com.ar\/index.php\/wp-json\/wp\/v2\/posts\/288203","targetHints":{"allow":["GET"]}}],"collection":[{"href":"https:\/\/www.planbnoticias.com.ar\/index.php\/wp-json\/wp\/v2\/posts"}],"about":[{"href":"https:\/\/www.planbnoticias.com.ar\/index.php\/wp-json\/wp\/v2\/types\/post"}],"author":[{"embeddable":true,"href":"https:\/\/www.planbnoticias.com.ar\/index.php\/wp-json\/wp\/v2\/users\/2"}],"replies":[{"embeddable":true,"href":"https:\/\/www.planbnoticias.com.ar\/index.php\/wp-json\/wp\/v2\/comments?post=288203"}],"version-history":[{"count":6,"href":"https:\/\/www.planbnoticias.com.ar\/index.php\/wp-json\/wp\/v2\/posts\/288203\/revisions"}],"predecessor-version":[{"id":288218,"href":"https:\/\/www.planbnoticias.com.ar\/index.php\/wp-json\/wp\/v2\/posts\/288203\/revisions\/288218"}],"wp:featuredmedia":[{"embeddable":true,"href":"https:\/\/www.planbnoticias.com.ar\/index.php\/wp-json\/wp\/v2\/media\/288204"}],"wp:attachment":[{"href":"https:\/\/www.planbnoticias.com.ar\/index.php\/wp-json\/wp\/v2\/media?parent=288203"}],"wp:term":[{"taxonomy":"category","embeddable":true,"href":"https:\/\/www.planbnoticias.com.ar\/index.php\/wp-json\/wp\/v2\/categories?post=288203"},{"taxonomy":"post_tag","embeddable":true,"href":"https:\/\/www.planbnoticias.com.ar\/index.php\/wp-json\/wp\/v2\/tags?post=288203"}],"curies":[{"name":"wp","href":"https:\/\/api.w.org\/{rel}","templated":true}]}}