{"id":306703,"date":"2022-02-22T17:49:11","date_gmt":"2022-02-22T20:49:11","guid":{"rendered":"https:\/\/www.planbnoticias.com.ar\/?p=306703"},"modified":"2022-02-22T17:49:11","modified_gmt":"2022-02-22T20:49:11","slug":"mariano-fernandez-junto-a-la-embajadora-de-irlanda-se-busca-intercambiar-conocimiento-y-produccion","status":"publish","type":"post","link":"https:\/\/www.planbnoticias.com.ar\/index.php\/2022\/02\/22\/mariano-fernandez-junto-a-la-embajadora-de-irlanda-se-busca-intercambiar-conocimiento-y-produccion\/","title":{"rendered":"Mariano Fern\u00e1ndez junto a la Embajadora de Irlanda: \u201cSe busca intercambiar conocimiento y producci\u00f3n\u201d"},"content":{"rendered":"<p><img fetchpriority=\"high\" decoding=\"async\" class=\"alignnone size-full wp-image-306704\" src=\"https:\/\/www.planbnoticias.com.ar\/wp-content\/uploads\/2022\/02\/fernandez-embajadora-de-irlanda.jpg\" alt=\"\" width=\"1000\" height=\"662\" srcset=\"https:\/\/www.planbnoticias.com.ar\/wp-content\/uploads\/2022\/02\/fernandez-embajadora-de-irlanda.jpg 1000w, https:\/\/www.planbnoticias.com.ar\/wp-content\/uploads\/2022\/02\/fernandez-embajadora-de-irlanda-300x199.jpg 300w, https:\/\/www.planbnoticias.com.ar\/wp-content\/uploads\/2022\/02\/fernandez-embajadora-de-irlanda-768x508.jpg 768w, https:\/\/www.planbnoticias.com.ar\/wp-content\/uploads\/2022\/02\/fernandez-embajadora-de-irlanda-780x516.jpg 780w, https:\/\/www.planbnoticias.com.ar\/wp-content\/uploads\/2022\/02\/fernandez-embajadora-de-irlanda-585x387.jpg 585w, https:\/\/www.planbnoticias.com.ar\/wp-content\/uploads\/2022\/02\/fernandez-embajadora-de-irlanda-263x175.jpg 263w\" sizes=\"(max-width: 1000px) 100vw, 1000px\" \/><\/p>\n<p>El vicegobernador, Mariano Fern\u00e1ndez, recibi\u00f3 esta ma\u00f1ana en su despacho a la embajadora de Irlanda en Argentina, Bolivia, Paraguay y Uruguay, Jacqueline O\u2019Halloran Bernstein.<\/p>\n<p>\u201cEstamos a disposici\u00f3n para fortalecer las relaciones con Irlanda, desde la Legislatura y desde nuestra provincia, para intercambiar conocimiento y producci\u00f3n\u201d, expres\u00f3 Fern\u00e1ndez en la reuni\u00f3n de la que tambi\u00e9n participaron el secretario legislativo, Juan Manuel Meana, y la prosecretaria, Roc\u00edo S\u00e1nchez.<br \/>\n<script async src=\"\/\/pagead2.googlesyndication.com\/pagead\/js\/adsbygoogle.js\"><\/script><br \/>\n<!-- Publi m\u00f3vil interior nota --><br \/>\n<ins class=\"adsbygoogle\" style=\"display: inline-block; width: 320px; height: 100px;\" data-ad-client=\"ca-pub-7250018434179914\" data-ad-slot=\"1040343543\"><\/ins><br \/>\n<script>\n(adsbygoogle = window.adsbygoogle || []).push({});\n<\/script><\/p>\n<p>La embajadora convers\u00f3 en primer t\u00e9rmino con el gobernador Sergio Ziliotto, y por la tarde mantendr\u00e1 un encuentro con Ver\u00f3nica Moreno, del Rectorado de la Universidad de La Pampa. A las 19 participar\u00e1 del Caf\u00e9 Cient\u00edfico \u201cEscritores irlandeses en un contexto global\u201d.<\/p>\n<p>\u201cEstuvimos hablando con el gobernador para fomentar la relaci\u00f3n con el fin de tener m\u00e1s oportunidades de turismo. Nos interesa tener relaci\u00f3n con las provincias, porque como pa\u00eds peque\u00f1o es la manara de desarrollar la actividad\u201d, explic\u00f3 O\u2019Halloran Bernstein.<\/p>\n<p>Por su parte Fern\u00e1ndez le coment\u00f3 que \u201cest\u00e1 habiendo una recuperaci\u00f3n econ\u00f3mica, tanto en el pa\u00eds como en nuestra provincia. Sin embargo la pandemia sigue, pero gracias a la vacunaci\u00f3n se puede seguir viviendo y produciendo\u201d.<\/p>\n<p>En la reuni\u00f3n tambi\u00e9n hablaron sobre la intenci\u00f3n de la Universidad de La Pampa para establecer convenios con Irlanda con el objetivo de que se produzcan intercambios educativos en aquel pa\u00eds.<\/p>\n","protected":false},"excerpt":{"rendered":"<p>El vicegobernador, Mariano Fern\u00e1ndez, recibi\u00f3 esta ma\u00f1ana en su despacho a la embajadora de Irlanda en Argentina, Bolivia, Paraguay y Uruguay, Jacqueline O\u2019Halloran Bernstein. \u201cEstamos a disposici\u00f3n para fortalecer las&hellip;<\/p>\n","protected":false},"author":4,"featured_media":306704,"comment_status":"closed","ping_status":"open","sticky":false,"template":"","format":"standard","meta":{"footnotes":""},"categories":[13],"tags":[],"class_list":["post-306703","post","type-post","status-publish","format-standard","has-post-thumbnail","hentry","category-provincia"],"jetpack_featured_media_url":"https:\/\/www.planbnoticias.com.ar\/wp-content\/uploads\/2022\/02\/fernandez-embajadora-de-irlanda.jpg","_links":{"self":[{"href":"https:\/\/www.planbnoticias.com.ar\/index.php\/wp-json\/wp\/v2\/posts\/306703","targetHints":{"allow":["GET"]}}],"collection":[{"href":"https:\/\/www.planbnoticias.com.ar\/index.php\/wp-json\/wp\/v2\/posts"}],"about":[{"href":"https:\/\/www.planbnoticias.com.ar\/index.php\/wp-json\/wp\/v2\/types\/post"}],"author":[{"embeddable":true,"href":"https:\/\/www.planbnoticias.com.ar\/index.php\/wp-json\/wp\/v2\/users\/4"}],"replies":[{"embeddable":true,"href":"https:\/\/www.planbnoticias.com.ar\/index.php\/wp-json\/wp\/v2\/comments?post=306703"}],"version-history":[{"count":1,"href":"https:\/\/www.planbnoticias.com.ar\/index.php\/wp-json\/wp\/v2\/posts\/306703\/revisions"}],"predecessor-version":[{"id":306705,"href":"https:\/\/www.planbnoticias.com.ar\/index.php\/wp-json\/wp\/v2\/posts\/306703\/revisions\/306705"}],"wp:featuredmedia":[{"embeddable":true,"href":"https:\/\/www.planbnoticias.com.ar\/index.php\/wp-json\/wp\/v2\/media\/306704"}],"wp:attachment":[{"href":"https:\/\/www.planbnoticias.com.ar\/index.php\/wp-json\/wp\/v2\/media?parent=306703"}],"wp:term":[{"taxonomy":"category","embeddable":true,"href":"https:\/\/www.planbnoticias.com.ar\/index.php\/wp-json\/wp\/v2\/categories?post=306703"},{"taxonomy":"post_tag","embeddable":true,"href":"https:\/\/www.planbnoticias.com.ar\/index.php\/wp-json\/wp\/v2\/tags?post=306703"}],"curies":[{"name":"wp","href":"https:\/\/api.w.org\/{rel}","templated":true}]}}