{"id":309157,"date":"2022-03-10T11:34:54","date_gmt":"2022-03-10T14:34:54","guid":{"rendered":"https:\/\/www.planbnoticias.com.ar\/?p=309157"},"modified":"2022-03-10T11:38:11","modified_gmt":"2022-03-10T14:38:11","slug":"denuncia-a-di-napoli-por-las-rendiciones-de-cuentas-municipales-no-sabemos-con-que-nos-vamos-a-encontrar","status":"publish","type":"post","link":"https:\/\/www.planbnoticias.com.ar\/index.php\/2022\/03\/10\/denuncia-a-di-napoli-por-las-rendiciones-de-cuentas-municipales-no-sabemos-con-que-nos-vamos-a-encontrar\/","title":{"rendered":"Denuncia a di N\u00e1poli por las rendiciones de cuentas: \u201cNo sabemos con qu\u00e9 nos vamos a encontrar\u201d"},"content":{"rendered":"<p><img fetchpriority=\"high\" decoding=\"async\" class=\"alignnone size-full wp-image-239808\" src=\"https:\/\/www.planbnoticias.com.ar\/wp-content\/uploads\/2020\/10\/estavilla.jpg\" alt=\"\" width=\"960\" height=\"640\" srcset=\"https:\/\/www.planbnoticias.com.ar\/wp-content\/uploads\/2020\/10\/estavilla.jpg 960w, https:\/\/www.planbnoticias.com.ar\/wp-content\/uploads\/2020\/10\/estavilla-300x200.jpg 300w, https:\/\/www.planbnoticias.com.ar\/wp-content\/uploads\/2020\/10\/estavilla-768x512.jpg 768w, https:\/\/www.planbnoticias.com.ar\/wp-content\/uploads\/2020\/10\/estavilla-585x390.jpg 585w, https:\/\/www.planbnoticias.com.ar\/wp-content\/uploads\/2020\/10\/estavilla-263x175.jpg 263w\" sizes=\"(max-width: 960px) 100vw, 960px\" \/><\/p>\n<p>El presidente del bloque de concejales del FrePam, Gustavo Estavilla, se\u00f1al\u00f3 que no tienen ning\u00fan tipo de respuesta ante la denuncia contra el intendente Luciano di N\u00e1poli por no rendir cuentas durante un a\u00f1o y medio.<\/p>\n<p>\u201cPor el momento no tenemos ninguna respuesta, todav\u00eda no hemos podido tomar nota de alg\u00fan avance en la causa judicial, En cuanto a la municipalidad o el Concejo Deliberante, no hemos tenido ning\u00fan tipo de respuesta de ellos, m\u00e1s all\u00e1 del comunicado que sacaron\u201d, dijo el concejal a Plan B Noticias.<\/p>\n<p><script async src=\"\/\/pagead2.googlesyndication.com\/pagead\/js\/adsbygoogle.js\"><\/script><br \/>\n<!-- Publi m\u00f3vil interior nota --><br \/>\n<ins class=\"adsbygoogle\" style=\"display: inline-block; width: 320px; height: 100px;\" data-ad-client=\"ca-pub-7250018434179914\" data-ad-slot=\"1040343543\"><\/ins><br \/>\n<script>\n(adsbygoogle = window.adsbygoogle || []).push({});\n<\/script><\/p>\n<p><strong>&#8211; \u00bfNi siquiera les dijeron algo una charla informal?<\/strong><\/p>\n<p>&#8211; No, entiendo que si no lo han hecho hasta este momento, no lo van a hacer. Si no dieron la cara en su momento antes de la denuncia, menos lo van a hacer ahora,<\/p>\n<p><strong>&#8211; \u00bfCon Larra\u00f1aga pas\u00f3 algo similar?<\/strong><\/p>\n<p>&#8211; En su momento en la \u00e9poca de Larra\u00f1aga hubo un atraso y luego un entendimiento entre el Deliberante y el Ejecutivo para poner un plazo final para la presentaci\u00f3n de las rendiciones. Ahora el compa\u00f1ero de bloque, el concejal Pera, les manifest\u00f3 esa chance en una sesi\u00f3n a este gobierno, pero no fue tomado en cuenta.<\/p>\n<p><strong>&#8211; \u00bfExiste la posibilidad de que no se presenten las rendiciones de cuenta?<\/strong><\/p>\n<p>&#8211; Nunca se dio en la historia. Hubo alg\u00fan atraso como en la \u00e9poca de Larr\u00f1aga, pero era m\u00ednimo y se solucion\u00f3. Termin\u00f3 la gesti\u00f3n rindi\u00e9ndose las cosas. Esto que ocurre en la gesti\u00f3n del intendente di N\u00e1poli nunca se dio.<\/p>\n<p><strong>&#8211; \u00bfCon la mayor\u00eda autom\u00e1tica pueden solucionarlo?<\/strong><\/p>\n<p>&#8211; Si, c\u00f3mo todo, podr\u00edan aprobar la cuenta de inversi\u00f3n sin tener las rendiciones presentadas. Con la forma casi monol\u00edtica que trabajan, tranquilamente pueden usar la mayor\u00eda autom\u00e1tica para este tema y otros en el futuro<\/p>\n<p><strong>&#8211; \u00bfY eso tendr\u00eda visos de legalidad?<\/strong><\/p>\n<p>&#8211; Da apoyo al Ejecutivo, pero en estas cuestiones donde la ordenanza es tan clara, que obliga a presentar las rendiciones diarias hasta un d\u00eda despu\u00e9s y la mensual hasta un mes despu\u00e9s, lo \u00fanico que puede haber es un pronunciamiento pol\u00edtico apoyando al intendente, pero los tiempos para las rendiciones no se han cumplido y no han sido subsanados.<\/p>\n<p><strong>&#8211; \u00bfSe trata de un desorden absoluto o hay algo m\u00e1s?<\/strong><\/p>\n<p>&#8211; La verdad es que no lo s\u00e9 porque no hemos podido ver las cuentas. Si llegamos a tener la oportunidad de acceder a esas rendiciones, no sabemos con qu\u00e9 nos vamos a encontrar. Lo que sabemos es que ha ejecutado un presupuesto y medio sin darle la posibilidad de conocer, a este Concejo y a la ciudadan\u00eda, cu\u00e1l fue el destino de esos fondos.<\/p>\n","protected":false},"excerpt":{"rendered":"<p>El presidente del bloque de concejales del FrePam, Gustavo Estavilla, se\u00f1al\u00f3 que no tienen ning\u00fan tipo de respuesta ante la denuncia contra el intendente Luciano di N\u00e1poli por no rendir&hellip;<\/p>\n","protected":false},"author":2,"featured_media":239808,"comment_status":"closed","ping_status":"open","sticky":false,"template":"","format":"standard","meta":{"footnotes":""},"categories":[4,15],"tags":[],"class_list":["post-309157","post","type-post","status-publish","format-standard","has-post-thumbnail","hentry","category-ciudad","category-tapa"],"jetpack_featured_media_url":"https:\/\/www.planbnoticias.com.ar\/wp-content\/uploads\/2020\/10\/estavilla.jpg","_links":{"self":[{"href":"https:\/\/www.planbnoticias.com.ar\/index.php\/wp-json\/wp\/v2\/posts\/309157","targetHints":{"allow":["GET"]}}],"collection":[{"href":"https:\/\/www.planbnoticias.com.ar\/index.php\/wp-json\/wp\/v2\/posts"}],"about":[{"href":"https:\/\/www.planbnoticias.com.ar\/index.php\/wp-json\/wp\/v2\/types\/post"}],"author":[{"embeddable":true,"href":"https:\/\/www.planbnoticias.com.ar\/index.php\/wp-json\/wp\/v2\/users\/2"}],"replies":[{"embeddable":true,"href":"https:\/\/www.planbnoticias.com.ar\/index.php\/wp-json\/wp\/v2\/comments?post=309157"}],"version-history":[{"count":2,"href":"https:\/\/www.planbnoticias.com.ar\/index.php\/wp-json\/wp\/v2\/posts\/309157\/revisions"}],"predecessor-version":[{"id":309162,"href":"https:\/\/www.planbnoticias.com.ar\/index.php\/wp-json\/wp\/v2\/posts\/309157\/revisions\/309162"}],"wp:featuredmedia":[{"embeddable":true,"href":"https:\/\/www.planbnoticias.com.ar\/index.php\/wp-json\/wp\/v2\/media\/239808"}],"wp:attachment":[{"href":"https:\/\/www.planbnoticias.com.ar\/index.php\/wp-json\/wp\/v2\/media?parent=309157"}],"wp:term":[{"taxonomy":"category","embeddable":true,"href":"https:\/\/www.planbnoticias.com.ar\/index.php\/wp-json\/wp\/v2\/categories?post=309157"},{"taxonomy":"post_tag","embeddable":true,"href":"https:\/\/www.planbnoticias.com.ar\/index.php\/wp-json\/wp\/v2\/tags?post=309157"}],"curies":[{"name":"wp","href":"https:\/\/api.w.org\/{rel}","templated":true}]}}