{"id":314265,"date":"2022-04-15T10:30:21","date_gmt":"2022-04-15T13:30:21","guid":{"rendered":"https:\/\/www.planbnoticias.com.ar\/?p=314265"},"modified":"2022-04-15T10:33:02","modified_gmt":"2022-04-15T13:33:02","slug":"advierten-que-los-polos-norte-y-sur-aumentaron-su-temperatura-unos-40-grados","status":"publish","type":"post","link":"https:\/\/www.planbnoticias.com.ar\/index.php\/2022\/04\/15\/advierten-que-los-polos-norte-y-sur-aumentaron-su-temperatura-unos-40-grados\/","title":{"rendered":"Advierten que los polos norte y sur aumentaron su temperatura unos 40 grados"},"content":{"rendered":"<p><img fetchpriority=\"high\" decoding=\"async\" class=\"alignnone size-full wp-image-314266\" src=\"https:\/\/www.planbnoticias.com.ar\/wp-content\/uploads\/2022\/04\/polos.jpg\" alt=\"\" width=\"900\" height=\"507\" srcset=\"https:\/\/www.planbnoticias.com.ar\/wp-content\/uploads\/2022\/04\/polos.jpg 900w, https:\/\/www.planbnoticias.com.ar\/wp-content\/uploads\/2022\/04\/polos-300x169.jpg 300w, https:\/\/www.planbnoticias.com.ar\/wp-content\/uploads\/2022\/04\/polos-768x433.jpg 768w, https:\/\/www.planbnoticias.com.ar\/wp-content\/uploads\/2022\/04\/polos-585x330.jpg 585w\" sizes=\"(max-width: 900px) 100vw, 900px\" \/><\/p>\n<p>Esa cifra es por encima de la media habitual para la \u00e9poca y podr\u00eda desencadenar \u00abuno de los temidos puntos de no retorno\u00bb, inform\u00f3 el Servicio de Informaci\u00f3n y Noticias Cient\u00edficas.<\/p>\n<p>El aumento de temperaturas en el \u00c1rtico y en la Ant\u00e1rtida, que lleg\u00f3 a ser de hasta 40 grados por encima de la media habitual para la \u00e9poca, se registr\u00f3 por primera vez en ambos polos de manera simult\u00e1nea y puede desencadenar \u00abuno de los temidos puntos de no retorno\u00bb, inform\u00f3 este jueves el Servicio de Informaci\u00f3n y Noticias Cient\u00edficas (SINC), y agreg\u00f3 que por primera vez, este fen\u00f3meno, que se hab\u00eda registrado solo en el \u00c1rtico, ocurri\u00f3 en ambos polos a la vez y registr\u00f3 un aumento de temperaturas por encima de la media.<\/p>\n<p><script async src=\"\/\/pagead2.googlesyndication.com\/pagead\/js\/adsbygoogle.js\"><\/script><\/p>\n<p><!-- Publi m\u00f3vil interior nota --><\/p>\n<p>&nbsp;<\/p>\n<p><script><\/p>\n<p>(adsbygoogle = window.adsbygoogle || []).push({});<\/p>\n<p><\/script><\/p>\n<p>Tambi\u00e9n advirtieron que el aumento de temperaturas continuadas en el \u00c1rtico, junto a las olas de calor registradas, est\u00e1n relacionadas con el deshielo del permafrost, que intensificar\u00e1 las emisiones de metano en la atm\u00f3sfera.<\/p>\n<p>Esta regi\u00f3n tambi\u00e9n perdi\u00f3 entre 2.700 y 1300 mil millones de toneladas de hielo entre 1992 y 2017, y registr\u00f3 su nivel m\u00e1s bajo de hielo, desde que hay registros, para el mes de febrero de 2022.<\/p>\n<p>En tanto, en Groenlandia, las anomal\u00edas alcanzaron los 10 grados por encima de la media, y en la regi\u00f3n \u00c1rtica llegaron hasta los 30 grados por encima de los valores habituales, debido a la disminuci\u00f3n del albedo, que produce un aumento de la radiaci\u00f3n y, como consecuencia, de las temperaturas.<\/p>\n<p>En la base Concordia, situada en la Ant\u00e1rtida, el pasado 18 de marzo los term\u00f3metros marcaron -12\u00ba C en contraposici\u00f3n al registro habitual, que es de unos -55\u00ba C, 40 grados m\u00e1s de temperatura por encima de la media.<\/p>\n<p>La consecuencia de la desestabilizaci\u00f3n del clima en las zonas polares puede ser un \u00abefecto domin\u00f3 de cambios a escala planetaria\u00bb, consign\u00f3 SINC, y a\u00f1adi\u00f3 que esto \u00abpuede generar un cambio clim\u00e1tico abrupto\u00bb, debido al papel cr\u00edtico de estas regiones en la regulaci\u00f3n del sistema clim\u00e1tico global y el nivel del mar.<\/p>\n<p>Los efectos meteorol\u00f3gicos extremos son pruebas del calentamiento global y pueden originar \u00abcambios irreversibles\u00bb, provocando la alteraci\u00f3n en la circulaci\u00f3n de las masas de aire y fen\u00f3menos meteorol\u00f3gicos extremos como olas de calor, inundaciones, mayor irregularidad de precipitaciones y sequ\u00edas.<\/p>\n<p>Por otra parte, las primeras estimaciones de las consecuencias de la guerra en Ucrania indican que las emisiones pueden subir un 14% en el a\u00f1o 2022, ya que si en el a\u00f1o 1990 la concentraci\u00f3n de di\u00f3xido de carbono en la atm\u00f3sfera era de 350 partes por mill\u00f3n, en la actualidad ya es superior a 419, considerado \u00abun valor preocupante\u00bb.<\/p>\n<p>A pesar de esto, y si bien las emisiones de combustibles f\u00f3siles son responsables de los r\u00e9cords de temperaturas y del cambio clim\u00e1tico, debido a la guerra se est\u00e1 quemando mayores niveles de carb\u00f3n y gas, y pa\u00edses como el Reino Unido anunciaron el retorno a las perforaciones marinas para extraer m\u00e1s petr\u00f3leo. (T\u00e9lam).<\/p>\n","protected":false},"excerpt":{"rendered":"<p>Esa cifra es por encima de la media habitual para la \u00e9poca y podr\u00eda desencadenar \u00abuno de los temidos puntos de no retorno\u00bb, inform\u00f3 el Servicio de Informaci\u00f3n y Noticias&hellip;<\/p>\n","protected":false},"author":3,"featured_media":314266,"comment_status":"closed","ping_status":"open","sticky":false,"template":"","format":"standard","meta":{"footnotes":""},"categories":[13013,11],"tags":[],"class_list":["post-314265","post","type-post","status-publish","format-standard","has-post-thumbnail","hentry","category-cambio-climatico","category-mundo"],"jetpack_featured_media_url":"https:\/\/www.planbnoticias.com.ar\/wp-content\/uploads\/2022\/04\/polos.jpg","_links":{"self":[{"href":"https:\/\/www.planbnoticias.com.ar\/index.php\/wp-json\/wp\/v2\/posts\/314265","targetHints":{"allow":["GET"]}}],"collection":[{"href":"https:\/\/www.planbnoticias.com.ar\/index.php\/wp-json\/wp\/v2\/posts"}],"about":[{"href":"https:\/\/www.planbnoticias.com.ar\/index.php\/wp-json\/wp\/v2\/types\/post"}],"author":[{"embeddable":true,"href":"https:\/\/www.planbnoticias.com.ar\/index.php\/wp-json\/wp\/v2\/users\/3"}],"replies":[{"embeddable":true,"href":"https:\/\/www.planbnoticias.com.ar\/index.php\/wp-json\/wp\/v2\/comments?post=314265"}],"version-history":[{"count":3,"href":"https:\/\/www.planbnoticias.com.ar\/index.php\/wp-json\/wp\/v2\/posts\/314265\/revisions"}],"predecessor-version":[{"id":314269,"href":"https:\/\/www.planbnoticias.com.ar\/index.php\/wp-json\/wp\/v2\/posts\/314265\/revisions\/314269"}],"wp:featuredmedia":[{"embeddable":true,"href":"https:\/\/www.planbnoticias.com.ar\/index.php\/wp-json\/wp\/v2\/media\/314266"}],"wp:attachment":[{"href":"https:\/\/www.planbnoticias.com.ar\/index.php\/wp-json\/wp\/v2\/media?parent=314265"}],"wp:term":[{"taxonomy":"category","embeddable":true,"href":"https:\/\/www.planbnoticias.com.ar\/index.php\/wp-json\/wp\/v2\/categories?post=314265"},{"taxonomy":"post_tag","embeddable":true,"href":"https:\/\/www.planbnoticias.com.ar\/index.php\/wp-json\/wp\/v2\/tags?post=314265"}],"curies":[{"name":"wp","href":"https:\/\/api.w.org\/{rel}","templated":true}]}}