{"id":315732,"date":"2022-04-26T11:58:39","date_gmt":"2022-04-26T14:58:39","guid":{"rendered":"https:\/\/www.planbnoticias.com.ar\/?p=315732"},"modified":"2022-04-26T12:09:53","modified_gmt":"2022-04-26T15:09:53","slug":"la-uta-acato-la-conciliacion-obligatoria-y-se-normalizaria-el-servicio-del-transporte-de-colectivos","status":"publish","type":"post","link":"https:\/\/www.planbnoticias.com.ar\/index.php\/2022\/04\/26\/la-uta-acato-la-conciliacion-obligatoria-y-se-normalizaria-el-servicio-del-transporte-de-colectivos\/","title":{"rendered":"La UTA acat\u00f3 la conciliaci\u00f3n obligatoria y se normaliza el servicio del transporte de colectivos"},"content":{"rendered":"<p><img fetchpriority=\"high\" decoding=\"async\" class=\"alignnone size-full wp-image-288966\" src=\"https:\/\/www.planbnoticias.com.ar\/wp-content\/uploads\/2021\/10\/emtu-colectivo-Parada-Inteligente-3.jpg\" alt=\"\" width=\"1280\" height=\"882\" srcset=\"https:\/\/www.planbnoticias.com.ar\/wp-content\/uploads\/2021\/10\/emtu-colectivo-Parada-Inteligente-3.jpg 1280w, https:\/\/www.planbnoticias.com.ar\/wp-content\/uploads\/2021\/10\/emtu-colectivo-Parada-Inteligente-3-300x207.jpg 300w, https:\/\/www.planbnoticias.com.ar\/wp-content\/uploads\/2021\/10\/emtu-colectivo-Parada-Inteligente-3-1024x706.jpg 1024w, https:\/\/www.planbnoticias.com.ar\/wp-content\/uploads\/2021\/10\/emtu-colectivo-Parada-Inteligente-3-768x529.jpg 768w, https:\/\/www.planbnoticias.com.ar\/wp-content\/uploads\/2021\/10\/emtu-colectivo-Parada-Inteligente-3-1170x806.jpg 1170w, https:\/\/www.planbnoticias.com.ar\/wp-content\/uploads\/2021\/10\/emtu-colectivo-Parada-Inteligente-3-585x403.jpg 585w\" sizes=\"(max-width: 1280px) 100vw, 1280px\" \/><\/p>\n<p>Desde UTA La Pampa, confirmaron que el servicio de transportes se normalizar\u00e1 pasadas las 13,30 horas en la capital pampeana y en el transcurrir de la tarde, el transporte en el interior provincial .<\/p>\n<p>Mediante un comunicado de prensa, el Consejo Directivo Nacional de la Uni\u00f3n Tranviarios Automotor, inform\u00f3 que habiendo tomado conocimiento del dictado de la Conciliaci\u00f3n Laboral Obligatoria, por parte de las autoridades del Ministerio de Trabajo Empleo y Seguridad Social de la Naci\u00f3n, se ha resuelto el acatamiento de la misma.<\/p>\n<p><script async src=\"\/\/pagead2.googlesyndication.com\/pagead\/js\/adsbygoogle.js\"><\/script><\/p>\n<p><!-- Publi m\u00f3vil interior nota --><\/p>\n<p>&nbsp;<\/p>\n<p><script><\/p>\n<p>(adsbygoogle = window.adsbygoogle || []).push({});<\/p>\n<p><\/script><\/p>\n<p>A tal efecto, informaron que pasado el mediod\u00eda, se ir\u00e1 normalizando la prestaci\u00f3n de los servicios de Trasporte de Pasajeros en Empresas de Corta y Media distancia del interior del pa\u00eds.<\/p>\n<p><strong>En La Pampa, el secretario adjunto de la UTA, Jos\u00e9 \u00c1lvarez, estim\u00f3 que alrededor de las 13,30 horas comenzar\u00e1 a normalizarse el servicio en Santa Rosa y en la l\u00ednea Santa Rosa-Toay.<\/strong><\/p>\n<p>\u201cAguardamos que tanto las empresas, como de Autoridades Nacionales, Provinciales y Municipales utilicen estos 10 d\u00edas previstos por la autoridad del trabajo, a fin de otorgar a los trabajadores del interior, el mismo incremento salarial que ha sido acordado en el \u00c1rea Metropolitana de Buenos Aires\u201d, se\u00f1al\u00f3 el secretario general de la UTA, Roberto Fern\u00e1ndez.<\/p>\n<p>\u201cPor ello no resignaremos en la lucha, y no daremos un paso atr\u00e1s, hasta tanto se cumpla el objetivo salarial expresado\u201d, expresaron.<\/p>\n","protected":false},"excerpt":{"rendered":"<p>Desde UTA La Pampa, confirmaron que el servicio de transportes se normalizar\u00e1 pasadas las 13,30 horas en la capital pampeana y en el transcurrir de la tarde, el transporte en&hellip;<\/p>\n","protected":false},"author":3,"featured_media":288966,"comment_status":"closed","ping_status":"open","sticky":false,"template":"","format":"standard","meta":{"footnotes":""},"categories":[9],"tags":[],"class_list":["post-315732","post","type-post","status-publish","format-standard","has-post-thumbnail","hentry","category-gremiales"],"jetpack_featured_media_url":"https:\/\/www.planbnoticias.com.ar\/wp-content\/uploads\/2021\/10\/emtu-colectivo-Parada-Inteligente-3.jpg","_links":{"self":[{"href":"https:\/\/www.planbnoticias.com.ar\/index.php\/wp-json\/wp\/v2\/posts\/315732","targetHints":{"allow":["GET"]}}],"collection":[{"href":"https:\/\/www.planbnoticias.com.ar\/index.php\/wp-json\/wp\/v2\/posts"}],"about":[{"href":"https:\/\/www.planbnoticias.com.ar\/index.php\/wp-json\/wp\/v2\/types\/post"}],"author":[{"embeddable":true,"href":"https:\/\/www.planbnoticias.com.ar\/index.php\/wp-json\/wp\/v2\/users\/3"}],"replies":[{"embeddable":true,"href":"https:\/\/www.planbnoticias.com.ar\/index.php\/wp-json\/wp\/v2\/comments?post=315732"}],"version-history":[{"count":4,"href":"https:\/\/www.planbnoticias.com.ar\/index.php\/wp-json\/wp\/v2\/posts\/315732\/revisions"}],"predecessor-version":[{"id":315739,"href":"https:\/\/www.planbnoticias.com.ar\/index.php\/wp-json\/wp\/v2\/posts\/315732\/revisions\/315739"}],"wp:featuredmedia":[{"embeddable":true,"href":"https:\/\/www.planbnoticias.com.ar\/index.php\/wp-json\/wp\/v2\/media\/288966"}],"wp:attachment":[{"href":"https:\/\/www.planbnoticias.com.ar\/index.php\/wp-json\/wp\/v2\/media?parent=315732"}],"wp:term":[{"taxonomy":"category","embeddable":true,"href":"https:\/\/www.planbnoticias.com.ar\/index.php\/wp-json\/wp\/v2\/categories?post=315732"},{"taxonomy":"post_tag","embeddable":true,"href":"https:\/\/www.planbnoticias.com.ar\/index.php\/wp-json\/wp\/v2\/tags?post=315732"}],"curies":[{"name":"wp","href":"https:\/\/api.w.org\/{rel}","templated":true}]}}