{"id":325083,"date":"2022-07-04T18:18:29","date_gmt":"2022-07-04T21:18:29","guid":{"rendered":"https:\/\/www.planbnoticias.com.ar\/?p=325083"},"modified":"2022-07-04T18:18:29","modified_gmt":"2022-07-04T21:18:29","slug":"hace-unas-semanas-compro-una-moto-y-mientras-circulaba-se-le-prendio-fuego","status":"publish","type":"post","link":"https:\/\/www.planbnoticias.com.ar\/index.php\/2022\/07\/04\/hace-unas-semanas-compro-una-moto-y-mientras-circulaba-se-le-prendio-fuego\/","title":{"rendered":"Hace unas semanas compr\u00f3 una moto y mientras circulaba se le prendi\u00f3 fuego\u00a0"},"content":{"rendered":"<p><img fetchpriority=\"high\" decoding=\"async\" class=\"alignnone size-full wp-image-325084\" src=\"https:\/\/www.planbnoticias.com.ar\/wp-content\/uploads\/2022\/07\/moto-quemada.jpeg\" alt=\"\" width=\"1280\" height=\"622\" srcset=\"https:\/\/www.planbnoticias.com.ar\/wp-content\/uploads\/2022\/07\/moto-quemada.jpeg 1280w, https:\/\/www.planbnoticias.com.ar\/wp-content\/uploads\/2022\/07\/moto-quemada-300x146.jpeg 300w, https:\/\/www.planbnoticias.com.ar\/wp-content\/uploads\/2022\/07\/moto-quemada-1024x498.jpeg 1024w, https:\/\/www.planbnoticias.com.ar\/wp-content\/uploads\/2022\/07\/moto-quemada-768x373.jpeg 768w, https:\/\/www.planbnoticias.com.ar\/wp-content\/uploads\/2022\/07\/moto-quemada-1170x569.jpeg 1170w, https:\/\/www.planbnoticias.com.ar\/wp-content\/uploads\/2022\/07\/moto-quemada-585x284.jpeg 585w\" sizes=\"(max-width: 1280px) 100vw, 1280px\" \/><\/p>\n<p><span data-contrast=\"auto\">Este lunes en calle 9 entre 102 y 104 de la localidad de General Pico, una moto se incendi\u00f3 y qued\u00f3 con serios da\u00f1os. <\/span><span data-ccp-props=\"{&quot;201341983&quot;:0,&quot;335559739&quot;:160,&quot;335559740&quot;:259}\">\u00a0<\/span><\/p>\n<p><span data-contrast=\"auto\">Una mujer iba circulando en su moto, cuando la misma comenz\u00f3 a prenderse fuego por un aparente problema el\u00e9ctrico.<\/span><span data-ccp-props=\"{&quot;201341983&quot;:0,&quot;335559739&quot;:160,&quot;335559740&quot;:259}\">\u00a0<\/span><\/p>\n<p><span data-contrast=\"auto\">R\u00e1pidamente, una dotaci\u00f3n de bomberos voluntarios acudi\u00f3 al lugar. La moto hab\u00eda sido adquirida hace menos de dos meses.<\/span><span data-ccp-props=\"{&quot;201341983&quot;:0,&quot;335559739&quot;:160,&quot;335559740&quot;:259}\">\u00a0<\/span><\/p>\n<p><span data-contrast=\"auto\">Fuente y foto: Infopico.com<\/span><span data-ccp-props=\"{&quot;201341983&quot;:0,&quot;335559739&quot;:160,&quot;335559740&quot;:259}\">\u00a0<\/span><\/p>\n","protected":false},"excerpt":{"rendered":"<p>Este lunes en calle 9 entre 102 y 104 de la localidad de General Pico, una moto se incendi\u00f3 y qued\u00f3 con serios da\u00f1os. \u00a0 Una mujer iba circulando en&hellip;<\/p>\n","protected":false},"author":4,"featured_media":325084,"comment_status":"closed","ping_status":"open","sticky":false,"template":"","format":"standard","meta":{"footnotes":""},"categories":[13],"tags":[],"class_list":["post-325083","post","type-post","status-publish","format-standard","has-post-thumbnail","hentry","category-provincia"],"jetpack_featured_media_url":"https:\/\/www.planbnoticias.com.ar\/wp-content\/uploads\/2022\/07\/moto-quemada.jpeg","_links":{"self":[{"href":"https:\/\/www.planbnoticias.com.ar\/index.php\/wp-json\/wp\/v2\/posts\/325083","targetHints":{"allow":["GET"]}}],"collection":[{"href":"https:\/\/www.planbnoticias.com.ar\/index.php\/wp-json\/wp\/v2\/posts"}],"about":[{"href":"https:\/\/www.planbnoticias.com.ar\/index.php\/wp-json\/wp\/v2\/types\/post"}],"author":[{"embeddable":true,"href":"https:\/\/www.planbnoticias.com.ar\/index.php\/wp-json\/wp\/v2\/users\/4"}],"replies":[{"embeddable":true,"href":"https:\/\/www.planbnoticias.com.ar\/index.php\/wp-json\/wp\/v2\/comments?post=325083"}],"version-history":[{"count":1,"href":"https:\/\/www.planbnoticias.com.ar\/index.php\/wp-json\/wp\/v2\/posts\/325083\/revisions"}],"predecessor-version":[{"id":325085,"href":"https:\/\/www.planbnoticias.com.ar\/index.php\/wp-json\/wp\/v2\/posts\/325083\/revisions\/325085"}],"wp:featuredmedia":[{"embeddable":true,"href":"https:\/\/www.planbnoticias.com.ar\/index.php\/wp-json\/wp\/v2\/media\/325084"}],"wp:attachment":[{"href":"https:\/\/www.planbnoticias.com.ar\/index.php\/wp-json\/wp\/v2\/media?parent=325083"}],"wp:term":[{"taxonomy":"category","embeddable":true,"href":"https:\/\/www.planbnoticias.com.ar\/index.php\/wp-json\/wp\/v2\/categories?post=325083"},{"taxonomy":"post_tag","embeddable":true,"href":"https:\/\/www.planbnoticias.com.ar\/index.php\/wp-json\/wp\/v2\/tags?post=325083"}],"curies":[{"name":"wp","href":"https:\/\/api.w.org\/{rel}","templated":true}]}}