{"id":326924,"date":"2022-07-19T08:49:45","date_gmt":"2022-07-19T11:49:45","guid":{"rendered":"https:\/\/www.planbnoticias.com.ar\/?p=326924"},"modified":"2022-07-19T10:38:26","modified_gmt":"2022-07-19T13:38:26","slug":"la-pampa-se-hicieron-1121-abortos-legales-en-2021-y-335-en-lo-que-va-de-2022","status":"publish","type":"post","link":"https:\/\/www.planbnoticias.com.ar\/index.php\/2022\/07\/19\/la-pampa-se-hicieron-1121-abortos-legales-en-2021-y-335-en-lo-que-va-de-2022\/","title":{"rendered":"La Pampa: se hicieron 1121 abortos legales en 2021 y 335 en lo que va de 2022"},"content":{"rendered":"<p><img fetchpriority=\"high\" decoding=\"async\" class=\"alignnone size-full wp-image-249681\" src=\"https:\/\/www.planbnoticias.com.ar\/wp-content\/uploads\/2020\/12\/foro-pampeano-aborto-legal1.jpeg\" alt=\"\" width=\"1280\" height=\"853\" srcset=\"https:\/\/www.planbnoticias.com.ar\/wp-content\/uploads\/2020\/12\/foro-pampeano-aborto-legal1.jpeg 1280w, https:\/\/www.planbnoticias.com.ar\/wp-content\/uploads\/2020\/12\/foro-pampeano-aborto-legal1-300x200.jpeg 300w, https:\/\/www.planbnoticias.com.ar\/wp-content\/uploads\/2020\/12\/foro-pampeano-aborto-legal1-1024x682.jpeg 1024w, https:\/\/www.planbnoticias.com.ar\/wp-content\/uploads\/2020\/12\/foro-pampeano-aborto-legal1-768x512.jpeg 768w, https:\/\/www.planbnoticias.com.ar\/wp-content\/uploads\/2020\/12\/foro-pampeano-aborto-legal1-1170x780.jpeg 1170w, https:\/\/www.planbnoticias.com.ar\/wp-content\/uploads\/2020\/12\/foro-pampeano-aborto-legal1-585x390.jpeg 585w, https:\/\/www.planbnoticias.com.ar\/wp-content\/uploads\/2020\/12\/foro-pampeano-aborto-legal1-263x175.jpeg 263w\" sizes=\"(max-width: 1280px) 100vw, 1280px\" \/><\/p>\n<p>El dato se desprende del Proyecto Mirar, de monitoreo del aborto legal en la Argentina. El documento completo sobre la situaci\u00f3n en La Provincia.<\/p>\n<p>Con la presentaci\u00f3n del libro \u00abEl aborto en el Congreso: Argentina 2018-2020\u00bb, el Centro de Estudios de Estado y Sociedad (Cedes) en alianza con Ibis Reproductive Health lanzaron su iniciativa \u00abMirar\u00bb de monitoreo de la pol\u00edtica p\u00fablica de acceso a la IVE en la Argentina.<\/p>\n<p>Los datos preliminares de <strong>La Pampa<\/strong> indican que el \u201cn\u00famero de tratamientos de misoprostol\u201d en 2021, ascendi\u00f3 a 1.197<\/p>\n<p>Y dice que \u201ctratamientos combinados de mifepristona y misoprostol\u201d en 2022 llega a 335 interrupciones voluntarias del embarazo al mes de junio de 2022. La pr\u00f3xima actualizaci\u00f3n estad\u00edstica se\u00a0 har\u00e1 en diciembre de este 2022.<\/p>\n<p>[scribd id=583180641 key=key-vE0q4QUbTcy6Z5UNSblc mode=scroll]<\/p>\n<p><strong>El proyecto<\/strong><\/p>\n<p>La primera acci\u00f3n de \u201cMirar\u201d consisti\u00f3 en la presentaci\u00f3n de un libro que analiza los discursos que circularon durante el debate que concluy\u00f3 en la sanci\u00f3n de la Ley 27.610 que legaliz\u00f3 el aborto en 2020, que ser\u00e1 presentado hoy a partir de las 17 v\u00eda streaming por YouTube.<\/p>\n<p>El texto re\u00fane, mediante tres estudios realizados por especialistas, un an\u00e1lisis de los discursos en torno al debate y la aprobaci\u00f3n de norma: mientras el primero analiz\u00f3 el discurso de legisladoras y legisladores durante el debate parlamentario, el segundo se pregunt\u00f3 por los principales t\u00f3picos en los medios de comunicaci\u00f3n y el \u00faltimo indag\u00f3 sobre cu\u00e1les fueron los ecos en las redes sociales.<\/p>\n<p>\u00abLa importancia del Proyecto Mirar es el compromiso que asumimos para dar seguimiento a una ley que ya es parte de la historia argentina, y que fue resultado de un largo proceso de movilizaci\u00f3n social, construcci\u00f3n de acuerdos y una estrat\u00e9gica visibilizaci\u00f3n, tanto pol\u00edtica como medi\u00e1tica\u00bb, resalt\u00f3 Silvina Ramos, investigadora del Cedes.<\/p>\n<p>Para lograrlo, las instituciones realizar\u00e1n un monitoreo de la implementaci\u00f3n -a nivel federal- de las pol\u00edticas que garanticen el acceso a la IVE e ILE.<\/p>\n<p>\u00abPara que esta ley adquiera fuerza pr\u00e1ctica y se haga real en la vida de las personas, es necesario generar informaci\u00f3n para tomar decisiones\u00bb, consider\u00f3 Mariana Romero, investigadora del Cedes-Conicet y tambi\u00e9n integrante de la iniciativa.<\/p>\n<p>La idea es generar herramientas para que los gobiernos puedan avanzar en la implementaci\u00f3n en sus territorios de medidas que materialicen lo establecido por la legislaci\u00f3n, as\u00ed como que las organizaciones de la sociedad civil puedan orientar sus acciones de incidencia y el periodismo cuente con aportes para sostener el debate social.<\/p>\n<p>Dado que Proyecto Mirar tiene alcance nacional, el monitoreo permitir\u00e1 \u00abidentificar situaciones de inequidad, vulneraci\u00f3n de derechos y desidia estatal\u00bb en diferentes provincias, se\u00f1al\u00f3 Agustina Ram\u00f3n Michel, investigadora del Cedes.<\/p>\n<p>De esta manera, se podr\u00e1 detectar en qu\u00e9 zonas del pa\u00eds se vuelve m\u00e1s urgente la implementaci\u00f3n de pol\u00edticas para que el texto normativo se convierta en una efectiva conquista de derechos.<\/p>\n<p>Con la evidencia que aporte el monitoreo se espera, adem\u00e1s, contribuir con otros procesos pol\u00edticos en Am\u00e9rica Latina que generen cambios similares en la legislaci\u00f3n y en las pol\u00edticas de acceso al aborto, para lo cual ser\u00e1 fundamental identificar las lecciones verdes aprendidas en la Argentina.<\/p>\n<p>Los tres estudios que componen el libro \u00abEl aborto en el Congreso: Argentina 2018-2020\u00bb, la primera iniciativa que Cedes e Ibis presentan como parte del proyecto mirar, se preguntan sobre qu\u00e9 voces circularon y c\u00f3mo lo hicieron en tres \u00e1mbitos representativos del escenario social: en el Congreso nacional, en los medios de comunicaci\u00f3n y en las redes sociales.<\/p>\n<p>El Cedes es una organizaci\u00f3n civil sin fines de lucro fundada en 1975 que se dedica a desarrollar actividades de investigaci\u00f3n dedicada a formar recursos humanos en investigaci\u00f3n guiados por est\u00e1ndares de calidad y el compromiso de contribuir al debate social; mientras que IBIS impulsa cambios para mejorar la salud reproductiva y sexual a trav\u00e9s de investigaciones rigurosas y colaboraciones basadas en principios que avanzan la autonom\u00eda, decisiones y justicia en la salud sexual y reproductiva.<\/p>\n","protected":false},"excerpt":{"rendered":"<p>El dato se desprende del Proyecto Mirar, de monitoreo del aborto legal en la Argentina. El documento completo sobre la situaci\u00f3n en La Provincia. Con la presentaci\u00f3n del libro \u00abEl&hellip;<\/p>\n","protected":false},"author":2,"featured_media":249681,"comment_status":"closed","ping_status":"open","sticky":false,"template":"","format":"standard","meta":{"footnotes":""},"categories":[7,13],"tags":[],"class_list":["post-326924","post","type-post","status-publish","format-standard","has-post-thumbnail","hentry","category-destacadas","category-provincia"],"jetpack_featured_media_url":"https:\/\/www.planbnoticias.com.ar\/wp-content\/uploads\/2020\/12\/foro-pampeano-aborto-legal1.jpeg","_links":{"self":[{"href":"https:\/\/www.planbnoticias.com.ar\/index.php\/wp-json\/wp\/v2\/posts\/326924","targetHints":{"allow":["GET"]}}],"collection":[{"href":"https:\/\/www.planbnoticias.com.ar\/index.php\/wp-json\/wp\/v2\/posts"}],"about":[{"href":"https:\/\/www.planbnoticias.com.ar\/index.php\/wp-json\/wp\/v2\/types\/post"}],"author":[{"embeddable":true,"href":"https:\/\/www.planbnoticias.com.ar\/index.php\/wp-json\/wp\/v2\/users\/2"}],"replies":[{"embeddable":true,"href":"https:\/\/www.planbnoticias.com.ar\/index.php\/wp-json\/wp\/v2\/comments?post=326924"}],"version-history":[{"count":4,"href":"https:\/\/www.planbnoticias.com.ar\/index.php\/wp-json\/wp\/v2\/posts\/326924\/revisions"}],"predecessor-version":[{"id":326928,"href":"https:\/\/www.planbnoticias.com.ar\/index.php\/wp-json\/wp\/v2\/posts\/326924\/revisions\/326928"}],"wp:featuredmedia":[{"embeddable":true,"href":"https:\/\/www.planbnoticias.com.ar\/index.php\/wp-json\/wp\/v2\/media\/249681"}],"wp:attachment":[{"href":"https:\/\/www.planbnoticias.com.ar\/index.php\/wp-json\/wp\/v2\/media?parent=326924"}],"wp:term":[{"taxonomy":"category","embeddable":true,"href":"https:\/\/www.planbnoticias.com.ar\/index.php\/wp-json\/wp\/v2\/categories?post=326924"},{"taxonomy":"post_tag","embeddable":true,"href":"https:\/\/www.planbnoticias.com.ar\/index.php\/wp-json\/wp\/v2\/tags?post=326924"}],"curies":[{"name":"wp","href":"https:\/\/api.w.org\/{rel}","templated":true}]}}