{"id":327831,"date":"2022-07-26T17:24:59","date_gmt":"2022-07-26T20:24:59","guid":{"rendered":"https:\/\/www.planbnoticias.com.ar\/?p=327831"},"modified":"2022-07-26T17:29:22","modified_gmt":"2022-07-26T20:29:22","slug":"el-comite-capital-repudio-las-expresiones-del-hermano-del-intendente","status":"publish","type":"post","link":"https:\/\/www.planbnoticias.com.ar\/index.php\/2022\/07\/26\/el-comite-capital-repudio-las-expresiones-del-hermano-del-intendente\/","title":{"rendered":"El Comit\u00e9 Capital repudi\u00f3 las expresiones del hermano del intendente"},"content":{"rendered":"<p><img fetchpriority=\"high\" decoding=\"async\" class=\"alignnone size-full wp-image-261376\" src=\"https:\/\/www.planbnoticias.com.ar\/wp-content\/uploads\/2021\/03\/ucr-comite-provincia-la-pampa.jpg\" alt=\"\" width=\"1388\" height=\"1054\" srcset=\"https:\/\/www.planbnoticias.com.ar\/wp-content\/uploads\/2021\/03\/ucr-comite-provincia-la-pampa.jpg 1388w, https:\/\/www.planbnoticias.com.ar\/wp-content\/uploads\/2021\/03\/ucr-comite-provincia-la-pampa-300x228.jpg 300w, https:\/\/www.planbnoticias.com.ar\/wp-content\/uploads\/2021\/03\/ucr-comite-provincia-la-pampa-1024x778.jpg 1024w, https:\/\/www.planbnoticias.com.ar\/wp-content\/uploads\/2021\/03\/ucr-comite-provincia-la-pampa-768x583.jpg 768w, https:\/\/www.planbnoticias.com.ar\/wp-content\/uploads\/2021\/03\/ucr-comite-provincia-la-pampa-1170x888.jpg 1170w, https:\/\/www.planbnoticias.com.ar\/wp-content\/uploads\/2021\/03\/ucr-comite-provincia-la-pampa-585x444.jpg 585w\" sizes=\"(max-width: 1388px) 100vw, 1388px\" \/><\/p>\n<p>El Comit\u00e9 Capital de la Uni\u00f3n C\u00edvica Radical repudi\u00f3 las expresiones hechas por Leandro di N\u00e1poli, hermano del intendente de Santa Rosa, contra el concejal Gustavo Estavilla.<\/p>\n<p>Este martes, tras una nota que public\u00f3 Plan B Noticias del concejal del FrePam Gustavo Estavilla, Leandro di N\u00e1poli hizo un comentario a trav\u00e9s de las redes sociales, el cual fue despu\u00e9s borrado.<\/p>\n<blockquote class=\"wp-embedded-content\" data-secret=\"GjpesJgoig\"><p><a href=\"https:\/\/www.planbnoticias.com.ar\/index.php\/2022\/07\/26\/estavilla-y-la-gestion-de-di-napoli-va-a-quedar-en-la-historia-por-ser-la-gestion-menos-transparente\/\">Estavilla y la gesti\u00f3n de di N\u00e1poli: \u201cva a quedar en la historia por ser la gesti\u00f3n menos transparente\u201d<\/a><\/p><\/blockquote>\n<p><iframe class=\"wp-embedded-content\" sandbox=\"allow-scripts\" security=\"restricted\" style=\"position: absolute; clip: rect(1px, 1px, 1px, 1px);\" title=\"\u00abEstavilla y la gesti\u00f3n de di N\u00e1poli: \u201cva a quedar en la historia por ser la gesti\u00f3n menos transparente\u201d\u00bb \u2014 Plan B Noticias\" src=\"https:\/\/www.planbnoticias.com.ar\/index.php\/2022\/07\/26\/estavilla-y-la-gestion-de-di-napoli-va-a-quedar-en-la-historia-por-ser-la-gestion-menos-transparente\/embed\/#?secret=wHeGQQEGmw#?secret=GjpesJgoig\" data-secret=\"GjpesJgoig\" width=\"600\" height=\"338\" frameborder=\"0\" marginwidth=\"0\" marginheight=\"0\" scrolling=\"no\"><\/iframe><\/p>\n<p>Frente a esta situaci\u00f3n el Comit\u00e9 Capital manifest\u00f3 lo siguiente:<\/p>\n<p><iframe style=\"border: none; overflow: hidden;\" src=\"https:\/\/www.facebook.com\/plugins\/post.php?href=https%3A%2F%2Fwww.facebook.com%2Fpermalink.php%3Fstory_fbid%3Dpfbid036MoAiTDvNkD3v5B3hcBAjFENsEXRNhADZChKMt8QnJBHeccDzjSr482jzFvjWvhLl%26id%3D100064872759585&amp;show_text=true&amp;width=500\" width=\"500\" height=\"744\" frameborder=\"0\" scrolling=\"no\" allowfullscreen=\"allowfullscreen\"><\/iframe><\/p>\n<p><strong>El COMIT\u00c9 CAPITAL DE LA UNI\u00d3N C\u00cdVICA RADICAL repudia las expresiones p\u00fablicas, hechas en redes (Facebook, luego borrado) por parte del se\u00f1or Leandro di N\u00e1poli, hermano del actual intendente, sobre la persona y las acciones del Concejal Gustavo Estavilla.<\/strong><\/p>\n<p><strong>Este Comit\u00e9 avala cada una de las decisiones tomadas por nuestros concejales, y acompa\u00f1a sus dichos y sus evaluaciones sobre la actual gesti\u00f3n municipal.<\/strong><\/p>\n<p><strong>Adem\u00e1s de las manifestaciones claramente discriminatorias proferidas, nos preocupa m\u00e1s a\u00fan que el amedrentamiento sea, en pleno siglo XXI, una herramienta que algunos consideren \u00fatil y necesaria. No es nuestro caso, somos distintos.<\/strong><\/p>\n<p><strong>Por otra parte, el momento cr\u00edtico que atraviesa el pa\u00eds deber\u00eda ser la \u00fanica fuente de preocupaci\u00f3n del kirchnerismo y sus asociados, demasiado dados a buscar culpas en los dem\u00e1s, sin a\u00fan encontrar un rumbo de m\u00ednima certeza.<\/strong><\/p>\n<p><strong>Esperamos que este tipo de actitudes no se repitan, ah\u00ed estaremos, denunci\u00e1ndolas cada vez que haga falta.<\/strong><\/p>\n","protected":false},"excerpt":{"rendered":"<p>El Comit\u00e9 Capital de la Uni\u00f3n C\u00edvica Radical repudi\u00f3 las expresiones hechas por Leandro di N\u00e1poli, hermano del intendente de Santa Rosa, contra el concejal Gustavo Estavilla. Este martes, tras&hellip;<\/p>\n","protected":false},"author":4,"featured_media":261376,"comment_status":"closed","ping_status":"open","sticky":false,"template":"","format":"standard","meta":{"footnotes":""},"categories":[4],"tags":[],"class_list":["post-327831","post","type-post","status-publish","format-standard","has-post-thumbnail","hentry","category-ciudad"],"jetpack_featured_media_url":"https:\/\/www.planbnoticias.com.ar\/wp-content\/uploads\/2021\/03\/ucr-comite-provincia-la-pampa.jpg","_links":{"self":[{"href":"https:\/\/www.planbnoticias.com.ar\/index.php\/wp-json\/wp\/v2\/posts\/327831","targetHints":{"allow":["GET"]}}],"collection":[{"href":"https:\/\/www.planbnoticias.com.ar\/index.php\/wp-json\/wp\/v2\/posts"}],"about":[{"href":"https:\/\/www.planbnoticias.com.ar\/index.php\/wp-json\/wp\/v2\/types\/post"}],"author":[{"embeddable":true,"href":"https:\/\/www.planbnoticias.com.ar\/index.php\/wp-json\/wp\/v2\/users\/4"}],"replies":[{"embeddable":true,"href":"https:\/\/www.planbnoticias.com.ar\/index.php\/wp-json\/wp\/v2\/comments?post=327831"}],"version-history":[{"count":4,"href":"https:\/\/www.planbnoticias.com.ar\/index.php\/wp-json\/wp\/v2\/posts\/327831\/revisions"}],"predecessor-version":[{"id":327838,"href":"https:\/\/www.planbnoticias.com.ar\/index.php\/wp-json\/wp\/v2\/posts\/327831\/revisions\/327838"}],"wp:featuredmedia":[{"embeddable":true,"href":"https:\/\/www.planbnoticias.com.ar\/index.php\/wp-json\/wp\/v2\/media\/261376"}],"wp:attachment":[{"href":"https:\/\/www.planbnoticias.com.ar\/index.php\/wp-json\/wp\/v2\/media?parent=327831"}],"wp:term":[{"taxonomy":"category","embeddable":true,"href":"https:\/\/www.planbnoticias.com.ar\/index.php\/wp-json\/wp\/v2\/categories?post=327831"},{"taxonomy":"post_tag","embeddable":true,"href":"https:\/\/www.planbnoticias.com.ar\/index.php\/wp-json\/wp\/v2\/tags?post=327831"}],"curies":[{"name":"wp","href":"https:\/\/api.w.org\/{rel}","templated":true}]}}