{"id":327884,"date":"2022-07-26T21:15:41","date_gmt":"2022-07-27T00:15:41","guid":{"rendered":"https:\/\/www.planbnoticias.com.ar\/?p=327884"},"modified":"2022-07-26T21:15:41","modified_gmt":"2022-07-27T00:15:41","slug":"el-fregen-repudio-las-expresiones-del-hermano-del-intendente-la-politica-no-puede-ser-buscando-amedrentar","status":"publish","type":"post","link":"https:\/\/www.planbnoticias.com.ar\/index.php\/2022\/07\/26\/el-fregen-repudio-las-expresiones-del-hermano-del-intendente-la-politica-no-puede-ser-buscando-amedrentar\/","title":{"rendered":"El FREGEN repudi\u00f3 las expresiones del hermano del intendente: \u201cla pol\u00edtica no puede ser buscando amedrentar\u201d"},"content":{"rendered":"<p><img fetchpriority=\"high\" decoding=\"async\" class=\"alignnone size-full wp-image-294320\" src=\"https:\/\/www.planbnoticias.com.ar\/wp-content\/uploads\/2021\/11\/claudia-giorgis-repam.jpg\" alt=\"\" width=\"1280\" height=\"853\" srcset=\"https:\/\/www.planbnoticias.com.ar\/wp-content\/uploads\/2021\/11\/claudia-giorgis-repam.jpg 1280w, https:\/\/www.planbnoticias.com.ar\/wp-content\/uploads\/2021\/11\/claudia-giorgis-repam-300x200.jpg 300w, https:\/\/www.planbnoticias.com.ar\/wp-content\/uploads\/2021\/11\/claudia-giorgis-repam-1024x682.jpg 1024w, https:\/\/www.planbnoticias.com.ar\/wp-content\/uploads\/2021\/11\/claudia-giorgis-repam-768x512.jpg 768w, https:\/\/www.planbnoticias.com.ar\/wp-content\/uploads\/2021\/11\/claudia-giorgis-repam-1170x780.jpg 1170w, https:\/\/www.planbnoticias.com.ar\/wp-content\/uploads\/2021\/11\/claudia-giorgis-repam-585x390.jpg 585w, https:\/\/www.planbnoticias.com.ar\/wp-content\/uploads\/2021\/11\/claudia-giorgis-repam-263x175.jpg 263w\" sizes=\"(max-width: 1280px) 100vw, 1280px\" \/><\/p>\n<p>Desde la Mesa del Partido del Frente \u2013 FREGEN manifestaron su preocupaci\u00f3n tras las expresiones que realiz\u00f3 en las redes sociales Leandro di N\u00e1poli, hermano del intendente de Santa Rosa, contra el concejal Gustavo Estavilla.<br \/>\n<script async src=\"\/\/pagead2.googlesyndication.com\/pagead\/js\/adsbygoogle.js\"><\/script><br \/>\n<!-- Publi m\u00f3vil interior nota --><br \/>\n<ins class=\"adsbygoogle\" style=\"display: inline-block; width: 320px; height: 100px;\" data-ad-client=\"ca-pub-7250018434179914\" data-ad-slot=\"1040343543\"><\/ins><br \/>\n<script>\n(adsbygoogle = window.adsbygoogle || []).push({});\n<\/script><\/p>\n<p>Este martes, tras una nota que public\u00f3 Plan B Noticias del concejal del FrePam Gustavo Estavilla, Leandro di N\u00e1poli hizo un comentario a trav\u00e9s de las redes sociales, el cual fue despu\u00e9s borrado.<\/p>\n<blockquote class=\"wp-embedded-content\" data-secret=\"MQ0zYECAAa\"><p><a href=\"https:\/\/www.planbnoticias.com.ar\/index.php\/2022\/07\/26\/estavilla-y-la-gestion-de-di-napoli-va-a-quedar-en-la-historia-por-ser-la-gestion-menos-transparente\/\">Estavilla y la gesti\u00f3n de di N\u00e1poli: \u201cva a quedar en la historia por ser la gesti\u00f3n menos transparente\u201d<\/a><\/p><\/blockquote>\n<p><iframe class=\"wp-embedded-content\" sandbox=\"allow-scripts\" security=\"restricted\" style=\"position: absolute; clip: rect(1px, 1px, 1px, 1px);\" title=\"\u00abEstavilla y la gesti\u00f3n de di N\u00e1poli: \u201cva a quedar en la historia por ser la gesti\u00f3n menos transparente\u201d\u00bb \u2014 Plan B Noticias\" src=\"https:\/\/www.planbnoticias.com.ar\/index.php\/2022\/07\/26\/estavilla-y-la-gestion-de-di-napoli-va-a-quedar-en-la-historia-por-ser-la-gestion-menos-transparente\/embed\/#?secret=kMbHffl0fb#?secret=MQ0zYECAAa\" data-secret=\"MQ0zYECAAa\" width=\"600\" height=\"338\" frameborder=\"0\" marginwidth=\"0\" marginheight=\"0\" scrolling=\"no\"><\/iframe><\/p>\n<p>https:\/\/www.facebook.com\/photo.php?fbid=423181513187604&#038;set=a.310838961088527&#038;type=3<\/p>\n<p>Tras esto el Mesa del Partido del Frente \u2013 FREGEN, manifestaron textualmente que:<\/p>\n<p><strong>Vemos con profunda preocupaci\u00f3n que frente a una opini\u00f3n de uno de los Concejales de nuestro Bloque Frepam en la ciudad de Santa Rosa, el\u00a0 Concejal\u00a0 Gustavo Estavilla sea amenazado de manera violenta por parte de un familiar directo del intendente Luicano di N\u00e1poli por las redes sociales.<\/strong><\/p>\n<p><strong>Consideramos que se pueden tener diferentes visiones u opiniones de como se ve la ciudad pero nuestro l\u00edmite est\u00e1 justamente que esto sea en el plano de las ideas siendo totalmente reprochable comentarios tan desagradables.<\/strong><\/p>\n<p><strong>Entendemos que la pol\u00edtica no puede ser con agravios o buscando amedrentar.<\/strong><\/p>\n<p><strong>Justamente en un momento tan delicado, de tanta sensibilidad social que vive la ciudadan\u00eda por la inflaci\u00f3n, los aumentos permanentes de precios que tiene\u00a0 efectos tan\u00a0 erosivos sobre\u00a0 los salarios de los trabajadores y trabajadoras. En un momento que nuestros comercios reci\u00e9n\u00a0 empiezan a querer\u00a0 recuperarse (los que no tuvieron que cerrar sus puertas) por las medidas sanitarias para el cuidado durante la pandemia 2020\/2021. Sumado al\u00a0 aumento en las tasas municipales que ya tuvieron a principios de a\u00f1o m\u00e1s el que viene en puerta, los vecinos y vecinas que sufren el impacto directo en su econom\u00eda familiar, pero que a\u00fan as\u00ed intentan estar al d\u00eda con el Municipio haciendo un enorme esfuerzo.<\/strong><\/p>\n<p><strong>En el d\u00eda siguiente en que una lluvia de tan s\u00f3lo 19 mm provoc\u00f3 problemas en viviendas y calles de la ciudad donde hemos recibido innumerables quejas de los vecinos por los anegamientos \u00a0desnudando los d\u00e9ficit en la gesti\u00f3n municipal. Que es con lo m\u00ednimo que debe cumplir el Municipio ya que las obras las hace Provincia. No es l\u00f3gico que encima los vecinos y vecinas no puedan saber en que se gastan los recursos.<\/strong><\/p>\n<p><strong>Es lamentable que con declaraciones tan fuera de lugar se pretenda tapar la verdadera realidad que es la falta de rendici\u00f3n de cuentas en tiempo y forma por parte del Ejecutivo Municipal al Concejo Deliberante que tenemos la obligaci\u00f3n por ley y por la Constituci\u00f3n Provincial de ser su Tribunal de Cuentas.<\/strong><\/p>\n<p><strong>El concepto de rendici\u00f3n de cuentas refiere a una forma espec\u00edfica de v\u00ednculo que las autoridades pol\u00edticas establecen con la ciudadan\u00eda en los reg\u00edmenes democr\u00e1tico-representativos. Es decir que la exigencia de la rendici\u00f3n de cuentas no es para cumplir con los concejales sino con la ciudadan\u00eda que aporta sus recursos a trav\u00e9s de las tasas municipales, v\u00ednculo obviamente ejercido por quienes hemos sido elegidos para representar y cuidar los intereses de los vecinos y vecinas.<\/strong><\/p>\n<p><strong><em>La democracia representativa no postula una delegaci\u00f3n ciega sino que\u00a0 se preocupa por<\/em> establecer una serie de mecanismos de fiscalizaci\u00f3n. Ese es el sentido de la funci\u00f3n de los concejales y concejalas: el control ciudadano en nombre de todos los y las aportantes de la ciudad. Y esto no deber\u00eda hacer poner nervioso a nadie. <\/strong><\/p>\n<p><strong>Consideramos que el mensaje de quienes estamos en pol\u00edtica y de sus \u201callegados\u201d debe ser el de poder disentir pero en el marco del respeto que exige la Democracia y la delicada realidad\u00a0 por la que atravesamos como sociedad fundamentalmente por la situaci\u00f3n social econ\u00f3mica del pa\u00eds. Por la Mesa del Partido del Frente \u2013 FREGEN suscriben el presente comunicado Claudia Giorgis y H\u00e9ctor Rold\u00e1n Torcivia.<\/strong><\/p>\n<blockquote class=\"wp-embedded-content\" data-secret=\"ebFsKH8ZEH\"><p><a href=\"https:\/\/www.planbnoticias.com.ar\/index.php\/2022\/07\/26\/el-comite-capital-repudio-las-expresiones-del-hermano-del-intendente\/\">El Comit\u00e9 Capital repudi\u00f3 las expresiones del hermano del intendente<\/a><\/p><\/blockquote>\n<p><iframe class=\"wp-embedded-content\" sandbox=\"allow-scripts\" security=\"restricted\" style=\"position: absolute; clip: rect(1px, 1px, 1px, 1px);\" title=\"\u00abEl Comit\u00e9 Capital repudi\u00f3 las expresiones del hermano del intendente\u00bb \u2014 Plan B Noticias\" src=\"https:\/\/www.planbnoticias.com.ar\/index.php\/2022\/07\/26\/el-comite-capital-repudio-las-expresiones-del-hermano-del-intendente\/embed\/#?secret=baOt3DxVnb#?secret=ebFsKH8ZEH\" data-secret=\"ebFsKH8ZEH\" width=\"600\" height=\"338\" frameborder=\"0\" marginwidth=\"0\" marginheight=\"0\" scrolling=\"no\"><\/iframe><\/p>\n","protected":false},"excerpt":{"rendered":"<p>Desde la Mesa del Partido del Frente \u2013 FREGEN manifestaron su preocupaci\u00f3n tras las expresiones que realiz\u00f3 en las redes sociales Leandro di N\u00e1poli, hermano del intendente de Santa Rosa,&hellip;<\/p>\n","protected":false},"author":4,"featured_media":294320,"comment_status":"closed","ping_status":"open","sticky":false,"template":"","format":"standard","meta":{"footnotes":""},"categories":[4],"tags":[],"class_list":["post-327884","post","type-post","status-publish","format-standard","has-post-thumbnail","hentry","category-ciudad"],"jetpack_featured_media_url":"https:\/\/www.planbnoticias.com.ar\/wp-content\/uploads\/2021\/11\/claudia-giorgis-repam.jpg","_links":{"self":[{"href":"https:\/\/www.planbnoticias.com.ar\/index.php\/wp-json\/wp\/v2\/posts\/327884","targetHints":{"allow":["GET"]}}],"collection":[{"href":"https:\/\/www.planbnoticias.com.ar\/index.php\/wp-json\/wp\/v2\/posts"}],"about":[{"href":"https:\/\/www.planbnoticias.com.ar\/index.php\/wp-json\/wp\/v2\/types\/post"}],"author":[{"embeddable":true,"href":"https:\/\/www.planbnoticias.com.ar\/index.php\/wp-json\/wp\/v2\/users\/4"}],"replies":[{"embeddable":true,"href":"https:\/\/www.planbnoticias.com.ar\/index.php\/wp-json\/wp\/v2\/comments?post=327884"}],"version-history":[{"count":1,"href":"https:\/\/www.planbnoticias.com.ar\/index.php\/wp-json\/wp\/v2\/posts\/327884\/revisions"}],"predecessor-version":[{"id":327885,"href":"https:\/\/www.planbnoticias.com.ar\/index.php\/wp-json\/wp\/v2\/posts\/327884\/revisions\/327885"}],"wp:featuredmedia":[{"embeddable":true,"href":"https:\/\/www.planbnoticias.com.ar\/index.php\/wp-json\/wp\/v2\/media\/294320"}],"wp:attachment":[{"href":"https:\/\/www.planbnoticias.com.ar\/index.php\/wp-json\/wp\/v2\/media?parent=327884"}],"wp:term":[{"taxonomy":"category","embeddable":true,"href":"https:\/\/www.planbnoticias.com.ar\/index.php\/wp-json\/wp\/v2\/categories?post=327884"},{"taxonomy":"post_tag","embeddable":true,"href":"https:\/\/www.planbnoticias.com.ar\/index.php\/wp-json\/wp\/v2\/tags?post=327884"}],"curies":[{"name":"wp","href":"https:\/\/api.w.org\/{rel}","templated":true}]}}