{"id":327901,"date":"2022-07-27T07:37:43","date_gmt":"2022-07-27T10:37:43","guid":{"rendered":"https:\/\/www.planbnoticias.com.ar\/?p=327901"},"modified":"2022-07-27T07:39:09","modified_gmt":"2022-07-27T10:39:09","slug":"propuesta-federal-repudio-la-agresion-al-concejal-estavilla","status":"publish","type":"post","link":"https:\/\/www.planbnoticias.com.ar\/index.php\/2022\/07\/27\/propuesta-federal-repudio-la-agresion-al-concejal-estavilla\/","title":{"rendered":"Propuesta Federal repudi\u00f3 la agresi\u00f3n al concejal Estavilla"},"content":{"rendered":"<p><img fetchpriority=\"high\" decoding=\"async\" class=\"alignnone size-full wp-image-218944\" src=\"https:\/\/www.planbnoticias.com.ar\/wp-content\/uploads\/2020\/04\/Propuesta-Federal-Legislatura-Pampeana.jpeg\" alt=\"\" width=\"1280\" height=\"960\" srcset=\"https:\/\/www.planbnoticias.com.ar\/wp-content\/uploads\/2020\/04\/Propuesta-Federal-Legislatura-Pampeana.jpeg 1280w, https:\/\/www.planbnoticias.com.ar\/wp-content\/uploads\/2020\/04\/Propuesta-Federal-Legislatura-Pampeana-300x225.jpeg 300w, https:\/\/www.planbnoticias.com.ar\/wp-content\/uploads\/2020\/04\/Propuesta-Federal-Legislatura-Pampeana-1024x768.jpeg 1024w, https:\/\/www.planbnoticias.com.ar\/wp-content\/uploads\/2020\/04\/Propuesta-Federal-Legislatura-Pampeana-768x576.jpeg 768w, https:\/\/www.planbnoticias.com.ar\/wp-content\/uploads\/2020\/04\/Propuesta-Federal-Legislatura-Pampeana-1170x878.jpeg 1170w, https:\/\/www.planbnoticias.com.ar\/wp-content\/uploads\/2020\/04\/Propuesta-Federal-Legislatura-Pampeana-585x439.jpeg 585w\" sizes=\"(max-width: 1280px) 100vw, 1280px\" \/><\/p>\n<p>Los diputados del Bloque Propuesta Federal, Mar\u00eda Laura Trapaglia, Mat\u00edas Traba, Mart\u00edn Ardohain y Eduardo Pepa, expresaron suma preocupaci\u00f3n ante las amenazas p\u00fablicas realizadas contra el concejal de Santa Rosa, Gustavo Estavilla, en virtud de opinar sobre cuestiones p\u00fablicas de la ciudad.<\/p>\n<p>Los diputados manifestaron que \u201cresultan inaceptables los t\u00e9rminos agraviantes y las amenazas vertidas en Facebook contra el concejal Estavilla, de la ciudad de Santa Rosa\u201d.<\/p>\n<p><script async src=\"\/\/pagead2.googlesyndication.com\/pagead\/js\/adsbygoogle.js\"><\/script><br \/>\n<!-- Publi m\u00f3vil interior nota --><br \/>\n<ins class=\"adsbygoogle\" style=\"display: inline-block; width: 320px; height: 100px;\" data-ad-client=\"ca-pub-7250018434179914\" data-ad-slot=\"1040343543\"><\/ins><br \/>\n<script>\n(adsbygoogle = window.adsbygoogle || []).push({});\n<\/script><\/p>\n<p>\u201cCabe recordar, que los temas mencionados en la publicaci\u00f3n del concejal tambi\u00e9n han sido planteados a trav\u00e9s de sendos pedidos de informes en el propio Concejo Deliberante por parte de los bloques que conforman la oposici\u00f3n parlamentaria\u201d.<\/p>\n<p>Y recalcaron que \u201cen ning\u00fan p\u00e1rrafo de sus expresiones el concejal ofende o descalifica en t\u00e9rminos personales al Se\u00f1or Intendente y por tanto no resultan l\u00f3gicas las amenazas y agravios vertidas por su hermano. Por ello es necesario que r\u00e1pidamente act\u00faen los organismos competentes y que desde todo el arco pol\u00edtico e institucional se rechacen de plano estas amenazas, que bajo la excusa de \u201cofensa familiar\u201d pretenden acallar voces que cuestionen y\/o plantean visiones distintas respecto de la administraci\u00f3n p\u00fablica de la ciudad.\u201d<\/p>\n<p>\u201cDesde nuestro bloque expresamos nuestra solidaridad con el concejal Gustavo Estavilla y reafirmamos nuestro compromiso de seguir honrando el mandato que nos han encomendado los ciudadanos, cumpliendo nuestra funci\u00f3n de contralor y fiscalizaci\u00f3n, y bregando por la transparencia, el acceso a la informaci\u00f3n p\u00fablica y la rendici\u00f3n de cuentas.\u201d finalizaron.<\/p>\n","protected":false},"excerpt":{"rendered":"<p>Los diputados del Bloque Propuesta Federal, Mar\u00eda Laura Trapaglia, Mat\u00edas Traba, Mart\u00edn Ardohain y Eduardo Pepa, expresaron suma preocupaci\u00f3n ante las amenazas p\u00fablicas realizadas contra el concejal de Santa Rosa,&hellip;<\/p>\n","protected":false},"author":2,"featured_media":218944,"comment_status":"closed","ping_status":"open","sticky":false,"template":"","format":"standard","meta":{"footnotes":""},"categories":[4],"tags":[],"class_list":["post-327901","post","type-post","status-publish","format-standard","has-post-thumbnail","hentry","category-ciudad"],"jetpack_featured_media_url":"https:\/\/www.planbnoticias.com.ar\/wp-content\/uploads\/2020\/04\/Propuesta-Federal-Legislatura-Pampeana.jpeg","_links":{"self":[{"href":"https:\/\/www.planbnoticias.com.ar\/index.php\/wp-json\/wp\/v2\/posts\/327901","targetHints":{"allow":["GET"]}}],"collection":[{"href":"https:\/\/www.planbnoticias.com.ar\/index.php\/wp-json\/wp\/v2\/posts"}],"about":[{"href":"https:\/\/www.planbnoticias.com.ar\/index.php\/wp-json\/wp\/v2\/types\/post"}],"author":[{"embeddable":true,"href":"https:\/\/www.planbnoticias.com.ar\/index.php\/wp-json\/wp\/v2\/users\/2"}],"replies":[{"embeddable":true,"href":"https:\/\/www.planbnoticias.com.ar\/index.php\/wp-json\/wp\/v2\/comments?post=327901"}],"version-history":[{"count":3,"href":"https:\/\/www.planbnoticias.com.ar\/index.php\/wp-json\/wp\/v2\/posts\/327901\/revisions"}],"predecessor-version":[{"id":327904,"href":"https:\/\/www.planbnoticias.com.ar\/index.php\/wp-json\/wp\/v2\/posts\/327901\/revisions\/327904"}],"wp:featuredmedia":[{"embeddable":true,"href":"https:\/\/www.planbnoticias.com.ar\/index.php\/wp-json\/wp\/v2\/media\/218944"}],"wp:attachment":[{"href":"https:\/\/www.planbnoticias.com.ar\/index.php\/wp-json\/wp\/v2\/media?parent=327901"}],"wp:term":[{"taxonomy":"category","embeddable":true,"href":"https:\/\/www.planbnoticias.com.ar\/index.php\/wp-json\/wp\/v2\/categories?post=327901"},{"taxonomy":"post_tag","embeddable":true,"href":"https:\/\/www.planbnoticias.com.ar\/index.php\/wp-json\/wp\/v2\/tags?post=327901"}],"curies":[{"name":"wp","href":"https:\/\/api.w.org\/{rel}","templated":true}]}}