{"id":327971,"date":"2022-07-27T12:12:27","date_gmt":"2022-07-27T15:12:27","guid":{"rendered":"https:\/\/www.planbnoticias.com.ar\/?p=327971"},"modified":"2022-07-27T12:12:27","modified_gmt":"2022-07-27T15:12:27","slug":"diputados-y-diputadas-del-radicalismo-se-solidarizaron-con-gustavo-estavilla","status":"publish","type":"post","link":"https:\/\/www.planbnoticias.com.ar\/index.php\/2022\/07\/27\/diputados-y-diputadas-del-radicalismo-se-solidarizaron-con-gustavo-estavilla\/","title":{"rendered":"Diputados y diputadas del radicalismo se solidarizaron con Gustavo Estavilla"},"content":{"rendered":"<p><img fetchpriority=\"high\" decoding=\"async\" class=\"alignnone size-full wp-image-282231\" src=\"https:\/\/www.planbnoticias.com.ar\/wp-content\/uploads\/2021\/08\/bloque-ucr-diputados.jpg\" alt=\"\" width=\"960\" height=\"606\" srcset=\"https:\/\/www.planbnoticias.com.ar\/wp-content\/uploads\/2021\/08\/bloque-ucr-diputados.jpg 960w, https:\/\/www.planbnoticias.com.ar\/wp-content\/uploads\/2021\/08\/bloque-ucr-diputados-300x189.jpg 300w, https:\/\/www.planbnoticias.com.ar\/wp-content\/uploads\/2021\/08\/bloque-ucr-diputados-768x485.jpg 768w, https:\/\/www.planbnoticias.com.ar\/wp-content\/uploads\/2021\/08\/bloque-ucr-diputados-585x369.jpg 585w\" sizes=\"(max-width: 960px) 100vw, 960px\" \/><\/p>\n<p>Mediante un comunicado de prensa, el bloque de la UCR de la Legislatura de La Pampa se solidariz\u00f3 con el concejal Gustavo Estavilla de la ciudad de Santa Rosa, \u201cante el accionar discriminatorio y las amenazas recibidas p\u00fablicamente por parte del ciudadano Leandro Di Napoli, hermanos de Intendente capitalino\u201d.<\/p>\n<p>\u201cAmenazar con el uso de la fuerza f\u00edsica para amedrentar posiciones disidentes, demuestra intolerancia en la convivencia democr\u00e1tica, ataca la libertad de expresi\u00f3n y a la pluralidad de pensamientos pol\u00edticos, al tiempo que alimenta la violencia y el odio\u201d, se\u00f1alaron.<\/p>\n<p><script async src=\"\/\/pagead2.googlesyndication.com\/pagead\/js\/adsbygoogle.js\"><\/script><\/p>\n<p><!-- Publi m\u00f3vil interior nota --><\/p>\n<p>&nbsp;<\/p>\n<p><script><\/p>\n<p>(adsbygoogle = window.adsbygoogle || []).push({});<\/p>\n<p><\/script><\/p>\n<p>\u201cLas y los concejales (independientemente si es oficialista o representa a un sector minoritario de la sociedad) est\u00e1n obligados por ley a denunciar ante la Justicia todas las irregularidades que observen para no ser solidariamente responsables de la posible comisi\u00f3n de un delito, y, en este caso, adeudar meses de rendiciones de erogaciones de fondos p\u00fablicos es contrario a lo establecido en las ordenanzas que se deben cumplir. Si el Estado Municipal no puede cumplir con una ordenanza, c\u00f3mo podr\u00e1 exigir al resto de las y los ciudadanos que cumplan con sus obligaciones. Por ello ser\u00e1 responsabilidad de la Justicia (como parte del sistema republicando) determinar si las normas est\u00e1n para cumplirse o no\u201d, agregaron.<\/p>\n<p>\u201cAsimismo, las y los concejales no deben ser molestado por las opiniones que emitan, salvo que fueran susceptibles de ser consideradas un delito\u201d, precisaron desde el bloque.<\/p>\n<p>\u201cPor ello, rechazamos lo ocurrido, al tiempo que apelamos a que no sea \u00e9ste el camino elegido por el oficialismo comunal y sus simpatizantes para dirimir opiniones disidentes\u201d, cierra el comunicado de prensa.<\/p>\n","protected":false},"excerpt":{"rendered":"<p>Mediante un comunicado de prensa, el bloque de la UCR de la Legislatura de La Pampa se solidariz\u00f3 con el concejal Gustavo Estavilla de la ciudad de Santa Rosa, \u201cante&hellip;<\/p>\n","protected":false},"author":3,"featured_media":282231,"comment_status":"closed","ping_status":"open","sticky":false,"template":"","format":"standard","meta":{"footnotes":""},"categories":[13],"tags":[],"class_list":["post-327971","post","type-post","status-publish","format-standard","has-post-thumbnail","hentry","category-provincia"],"jetpack_featured_media_url":"https:\/\/www.planbnoticias.com.ar\/wp-content\/uploads\/2021\/08\/bloque-ucr-diputados.jpg","_links":{"self":[{"href":"https:\/\/www.planbnoticias.com.ar\/index.php\/wp-json\/wp\/v2\/posts\/327971","targetHints":{"allow":["GET"]}}],"collection":[{"href":"https:\/\/www.planbnoticias.com.ar\/index.php\/wp-json\/wp\/v2\/posts"}],"about":[{"href":"https:\/\/www.planbnoticias.com.ar\/index.php\/wp-json\/wp\/v2\/types\/post"}],"author":[{"embeddable":true,"href":"https:\/\/www.planbnoticias.com.ar\/index.php\/wp-json\/wp\/v2\/users\/3"}],"replies":[{"embeddable":true,"href":"https:\/\/www.planbnoticias.com.ar\/index.php\/wp-json\/wp\/v2\/comments?post=327971"}],"version-history":[{"count":1,"href":"https:\/\/www.planbnoticias.com.ar\/index.php\/wp-json\/wp\/v2\/posts\/327971\/revisions"}],"predecessor-version":[{"id":327972,"href":"https:\/\/www.planbnoticias.com.ar\/index.php\/wp-json\/wp\/v2\/posts\/327971\/revisions\/327972"}],"wp:featuredmedia":[{"embeddable":true,"href":"https:\/\/www.planbnoticias.com.ar\/index.php\/wp-json\/wp\/v2\/media\/282231"}],"wp:attachment":[{"href":"https:\/\/www.planbnoticias.com.ar\/index.php\/wp-json\/wp\/v2\/media?parent=327971"}],"wp:term":[{"taxonomy":"category","embeddable":true,"href":"https:\/\/www.planbnoticias.com.ar\/index.php\/wp-json\/wp\/v2\/categories?post=327971"},{"taxonomy":"post_tag","embeddable":true,"href":"https:\/\/www.planbnoticias.com.ar\/index.php\/wp-json\/wp\/v2\/tags?post=327971"}],"curies":[{"name":"wp","href":"https:\/\/api.w.org\/{rel}","templated":true}]}}