{"id":328086,"date":"2022-07-28T10:32:40","date_gmt":"2022-07-28T13:32:40","guid":{"rendered":"https:\/\/www.planbnoticias.com.ar\/?p=328086"},"modified":"2022-07-28T10:34:24","modified_gmt":"2022-07-28T13:34:24","slug":"amenaza-al-concejal-estavilla-toda-la-oposicion-pide-un-repudio-del-concejo-deliberante","status":"publish","type":"post","link":"https:\/\/www.planbnoticias.com.ar\/index.php\/2022\/07\/28\/amenaza-al-concejal-estavilla-toda-la-oposicion-pide-un-repudio-del-concejo-deliberante\/","title":{"rendered":"Amenaza al concejal Estavilla: toda la oposici\u00f3n pide un repudio del Concejo Deliberante"},"content":{"rendered":"<p><img fetchpriority=\"high\" decoding=\"async\" class=\"alignnone size-full wp-image-328090\" src=\"https:\/\/www.planbnoticias.com.ar\/wp-content\/uploads\/2022\/07\/estavilla-leandro-di-napoli2.jpg\" alt=\"\" width=\"720\" height=\"1490\" srcset=\"https:\/\/www.planbnoticias.com.ar\/wp-content\/uploads\/2022\/07\/estavilla-leandro-di-napoli2.jpg 720w, https:\/\/www.planbnoticias.com.ar\/wp-content\/uploads\/2022\/07\/estavilla-leandro-di-napoli2-145x300.jpg 145w, https:\/\/www.planbnoticias.com.ar\/wp-content\/uploads\/2022\/07\/estavilla-leandro-di-napoli2-495x1024.jpg 495w, https:\/\/www.planbnoticias.com.ar\/wp-content\/uploads\/2022\/07\/estavilla-leandro-di-napoli2-585x1211.jpg 585w\" sizes=\"(max-width: 720px) 100vw, 720px\" \/><\/p>\n<p>Los tres bloques opositores del Concejo Deliberante de Santa Rosa presentaron un proyecto para que el legislativo local repudie las amenazas que el hermano del intendente le hizo por las redes sociales al concejal radical.<\/p>\n<p>A ra\u00edz de una declaraci\u00f3n pol\u00edtica de Gustavo Estavilla, el radical fue amenazado por Leandro di N\u00e1poli, hermano del intendente de la capital pampeana.<\/p>\n<p><script async src=\"\/\/pagead2.googlesyndication.com\/pagead\/js\/adsbygoogle.js\"><\/script><br \/>\n<!-- Publi m\u00f3vil interior nota --><br \/>\n<ins class=\"adsbygoogle\" style=\"display: inline-block; width: 320px; height: 100px;\" data-ad-client=\"ca-pub-7250018434179914\" data-ad-slot=\"1040343543\"><\/ins><br \/>\n<script>\n(adsbygoogle = window.adsbygoogle || []).push({});\n<\/script><\/p>\n<p>Leandro di N\u00e1poli comparti\u00f3 la nota de Plan B Noticias en la que Estavilla dec\u00eda que el intendente iba a pasar a la historia por \u201cser la gesti\u00f3n menos transparente\u201d. Al poco tiempo lo borr\u00f3, pero su actitud mereci\u00f3 el repudio generalizado de la oposici\u00f3n y un silencio ensordecedor del oficialismo.<\/p>\n<blockquote class=\"wp-embedded-content\" data-secret=\"j2s1shDjlO\"><p><a href=\"https:\/\/www.planbnoticias.com.ar\/index.php\/2022\/07\/26\/estavilla-y-la-gestion-de-di-napoli-va-a-quedar-en-la-historia-por-ser-la-gestion-menos-transparente\/\">Estavilla y la gesti\u00f3n de di N\u00e1poli: \u201cva a quedar en la historia por ser la gesti\u00f3n menos transparente\u201d<\/a><\/p><\/blockquote>\n<p><iframe class=\"wp-embedded-content\" sandbox=\"allow-scripts\" security=\"restricted\" style=\"position: absolute; clip: rect(1px, 1px, 1px, 1px);\" title=\"\u00abEstavilla y la gesti\u00f3n de di N\u00e1poli: \u201cva a quedar en la historia por ser la gesti\u00f3n menos transparente\u201d\u00bb \u2014 Plan B Noticias\" src=\"https:\/\/www.planbnoticias.com.ar\/index.php\/2022\/07\/26\/estavilla-y-la-gestion-de-di-napoli-va-a-quedar-en-la-historia-por-ser-la-gestion-menos-transparente\/embed\/#?secret=jrb3J45JSj#?secret=j2s1shDjlO\" data-secret=\"j2s1shDjlO\" width=\"600\" height=\"338\" frameborder=\"0\" marginwidth=\"0\" marginheight=\"0\" scrolling=\"no\"><\/iframe><\/p>\n<p>El proyecto de los Bloques FREPAM, Propuesta Federal y Comunidad Organizada, dice:<\/p>\n<p>FUNDAMENTOS<\/p>\n<p>La reacci\u00f3n violenta y amenazante publicada en redes sociales por un familiar del intendente ante la opini\u00f3n de un concejal de este Cuerpo Legislativo merece que nos expresemos p\u00fablicamente, repudiando cualquier actitud de amedrentamiento que no es compatible con la vida democr\u00e1tica.<\/p>\n<p>Las expresiones p\u00fablicas, violentas y amenazantes, hechas en redes (Facebook) por parte del se\u00f1or Leandro di N\u00e1poli, hermano del actual Intendente, sobre la persona y las acciones del Concejal Gustavo Estavilla, no pueden ser naturalizadas por quienes estamos abocados a trabajar en mejorar la calidad de vida de la ciudadan\u00eda santarrose\u00f1a, ni sobre nadie en general<\/p>\n<p>Consideramos que se pueden tener diferentes visiones u opiniones de c\u00f3mo se ve la ciudad, pero nuestro l\u00edmite est\u00e1 justamente en que esto sea en el plano de las ideas siendo totalmente reprochable comentarios tan desagradables.<\/p>\n<p>Entendemos que la pol\u00edtica no puede ser con agravios o amedrentamientos.<\/p>\n<p>La democracia representativa no postula una delegaci\u00f3n ciega sino que se preocupa por establecer una serie de mecanismos de fiscalizaci\u00f3n. Ese es el sentido de la funci\u00f3n de los concejales y concejalas: el control ciudadano en nombre de todos los y las aportantes de la ciudad. Y esto no deber\u00eda hacer poner nervioso a nadie.<\/p>\n<p>Consideramos que el mensaje de quienes estamos en pol\u00edtica y de sus \u201callegados\u201d debe ser el de poder disentir pero en el marco del respeto que exige la Democracia y la delicada realidad por la que atravesamos como sociedad, fundamentalmente por la situaci\u00f3n social econ\u00f3mica del pa\u00eds.<\/p>\n<p>Por los fundamentos expuestos, los bloques de Propuesta Federal, Comunidad Organizada y FrePam, presentan el siguiente<\/p>\n<p>PROYECTO DE RESOLUCI\u00d3N<\/p>\n<p>Art\u00edculo 1\u00ba: El Honorable Concejo Deliberante repudia en\u00e9rgicamente todo acto y\/o hecho de violencia perpetrado para amedrentar a cualquier persona electa por el voto popular, y las amenazas que busquen entorpecer el normal ejercicio de las funciones para las cuales ha sido elegida.<\/p>\n<p>Art\u00edculo 2\u00ba: De Forma<\/p>\n","protected":false},"excerpt":{"rendered":"<p>Los tres bloques opositores del Concejo Deliberante de Santa Rosa presentaron un proyecto para que el legislativo local repudie las amenazas que el hermano del intendente le hizo por las&hellip;<\/p>\n","protected":false},"author":2,"featured_media":327749,"comment_status":"closed","ping_status":"open","sticky":false,"template":"","format":"standard","meta":{"footnotes":""},"categories":[4],"tags":[],"class_list":["post-328086","post","type-post","status-publish","format-standard","has-post-thumbnail","hentry","category-ciudad"],"jetpack_featured_media_url":"https:\/\/www.planbnoticias.com.ar\/wp-content\/uploads\/2022\/07\/estavilla.jpeg","_links":{"self":[{"href":"https:\/\/www.planbnoticias.com.ar\/index.php\/wp-json\/wp\/v2\/posts\/328086","targetHints":{"allow":["GET"]}}],"collection":[{"href":"https:\/\/www.planbnoticias.com.ar\/index.php\/wp-json\/wp\/v2\/posts"}],"about":[{"href":"https:\/\/www.planbnoticias.com.ar\/index.php\/wp-json\/wp\/v2\/types\/post"}],"author":[{"embeddable":true,"href":"https:\/\/www.planbnoticias.com.ar\/index.php\/wp-json\/wp\/v2\/users\/2"}],"replies":[{"embeddable":true,"href":"https:\/\/www.planbnoticias.com.ar\/index.php\/wp-json\/wp\/v2\/comments?post=328086"}],"version-history":[{"count":3,"href":"https:\/\/www.planbnoticias.com.ar\/index.php\/wp-json\/wp\/v2\/posts\/328086\/revisions"}],"predecessor-version":[{"id":328091,"href":"https:\/\/www.planbnoticias.com.ar\/index.php\/wp-json\/wp\/v2\/posts\/328086\/revisions\/328091"}],"wp:featuredmedia":[{"embeddable":true,"href":"https:\/\/www.planbnoticias.com.ar\/index.php\/wp-json\/wp\/v2\/media\/327749"}],"wp:attachment":[{"href":"https:\/\/www.planbnoticias.com.ar\/index.php\/wp-json\/wp\/v2\/media?parent=328086"}],"wp:term":[{"taxonomy":"category","embeddable":true,"href":"https:\/\/www.planbnoticias.com.ar\/index.php\/wp-json\/wp\/v2\/categories?post=328086"},{"taxonomy":"post_tag","embeddable":true,"href":"https:\/\/www.planbnoticias.com.ar\/index.php\/wp-json\/wp\/v2\/tags?post=328086"}],"curies":[{"name":"wp","href":"https:\/\/api.w.org\/{rel}","templated":true}]}}