{"id":331300,"date":"2022-08-19T19:40:11","date_gmt":"2022-08-19T22:40:11","guid":{"rendered":"https:\/\/www.planbnoticias.com.ar\/?p=331300"},"modified":"2022-08-19T19:40:11","modified_gmt":"2022-08-19T22:40:11","slug":"carne-cruda-en-el-comedor-del-matadero-el-frepam-presento-un-pedido-de-informe","status":"publish","type":"post","link":"https:\/\/www.planbnoticias.com.ar\/index.php\/2022\/08\/19\/carne-cruda-en-el-comedor-del-matadero-el-frepam-presento-un-pedido-de-informe\/","title":{"rendered":"Carne cruda en el comedor del Matadero: el FrePam present\u00f3 un pedido de informe"},"content":{"rendered":"<p><img fetchpriority=\"high\" decoding=\"async\" class=\"alignnone size-full wp-image-330984\" src=\"https:\/\/www.planbnoticias.com.ar\/wp-content\/uploads\/2022\/08\/comida-cruda-comedor-matadero-1.jpeg\" alt=\"\" width=\"720\" height=\"1030\" srcset=\"https:\/\/www.planbnoticias.com.ar\/wp-content\/uploads\/2022\/08\/comida-cruda-comedor-matadero-1.jpeg 720w, https:\/\/www.planbnoticias.com.ar\/wp-content\/uploads\/2022\/08\/comida-cruda-comedor-matadero-1-210x300.jpeg 210w, https:\/\/www.planbnoticias.com.ar\/wp-content\/uploads\/2022\/08\/comida-cruda-comedor-matadero-1-716x1024.jpeg 716w, https:\/\/www.planbnoticias.com.ar\/wp-content\/uploads\/2022\/08\/comida-cruda-comedor-matadero-1-585x837.jpeg 585w\" sizes=\"(max-width: 720px) 100vw, 720px\" \/><\/p>\n<p>El FrePam present\u00f3 un pedido de informe al Ejecutivo a ra\u00edz de la publicaci\u00f3n realizada por Plan B Noticias el mi\u00e9rcoles con im\u00e1genes de las viandas con carne cruda que le sirvieron a ni\u00f1os, ni\u00f1as y adultos mayores que reciben asistencia alimenticia del Estado.<\/p>\n<p><script async src=\"\/\/pagead2.googlesyndication.com\/pagead\/js\/adsbygoogle.js\"><\/script><br \/>\n<!-- Publi m\u00f3vil interior nota --><br \/>\n<ins class=\"adsbygoogle\" style=\"display: inline-block; width: 320px; height: 100px;\" data-ad-client=\"ca-pub-7250018434179914\" data-ad-slot=\"1040343543\"><\/ins><br \/>\n<script>\n(adsbygoogle = window.adsbygoogle || []).push({});\n<\/script><\/p>\n<p>El bloque de concejales del FrePam present\u00f3 un proyecto solicitando l Ejecutivo de Santa Rosa un Informe sobre cumplimiento de la Ordenanza 4508, Programa de Comedores Integrales, el detalle de los Comedores Municipales\u00a0\u00a0y localizaci\u00f3n f\u00edsica donde est\u00e1n funcionando actualmente y, sobre todo, que describa el Plan Nutricional que se est\u00e1 llevando adelante, especificando diferentes tipos de dietas y cantidad de viandas que entrega cada comedor.<\/p>\n<p>Los concejales se\u00f1alaron que \u00aba trav\u00e9s de diferentes medios de comunicaci\u00f3n, diarios digitales y redes sociales, y de vecinos y vecinas de la ciudad,\u00a0 hemos tomado conocimiento de alimentos en mal estado o con deficiencias en la cocci\u00f3n en las viandas que entrega el municipio en los distintos comedores municipales\u00bb, y detallaron una situaci\u00f3n en el comedor del Barrio Fonavi 42 que se encuentra en calle Pestalozzi y, la denunciada por este medio del comedor municipal del Barrio Matadero.<\/p>\n<p>Plan B dio a conocer el mi\u00e9rcoles pasado im\u00e1genes de carne cruda que recibieron las personas que asisten al comedor del Barrio Matadero. La mayor\u00eda son ni\u00f1os, ni\u00f1as y personas adultas.<\/p>\n<blockquote class=\"wp-embedded-content\" data-secret=\"RExqh9heWO\"><p><a href=\"https:\/\/www.planbnoticias.com.ar\/index.php\/2022\/08\/17\/dieron-carne-cruda-en-el-comedor-municipal-del-barrio-matadero\/\">Dieron carne cruda en el comedor municipal del barrio Matadero<\/a><\/p><\/blockquote>\n<p><iframe class=\"wp-embedded-content\" sandbox=\"allow-scripts\" security=\"restricted\" style=\"position: absolute; clip: rect(1px, 1px, 1px, 1px);\" title=\"\u00abDieron carne cruda en el comedor municipal del barrio Matadero\u00bb \u2014 Plan B Noticias\" src=\"https:\/\/www.planbnoticias.com.ar\/index.php\/2022\/08\/17\/dieron-carne-cruda-en-el-comedor-municipal-del-barrio-matadero\/embed\/#?secret=O6uAOVR8ZI#?secret=RExqh9heWO\" data-secret=\"RExqh9heWO\" width=\"600\" height=\"338\" frameborder=\"0\" marginwidth=\"0\" marginheight=\"0\" scrolling=\"no\"><\/iframe><\/p>\n<p><span style=\"font-weight: 400;\">El FrePam manifest\u00f3 que el Estado \u00abdebe asignar la mayor cantidad de recursos posibles para paliar esta situaci\u00f3n tan compleja y garantizar el acceso de toda la poblaci\u00f3n a una alimentaci\u00f3n variada, saludable sobre todo de calidad y con las condiciones bromatol\u00f3gicas que se exigen para cualquier alimento\u00bb.<\/span><\/p>\n<p>Por esto, solicitaron que se informe sobre cumplimiento de la Ordenanza\u00a0 4508 -Programa de Comedores Integrales-, que establece que \u00ab<span style=\"font-weight: 400;\">se debe\u00a0 prestar un servicio que contemple la calidad nutricional para un recomendable crecimiento y desarrollo f\u00edsico e intelectual de la poblaci\u00f3n beneficiaria desde el primer a\u00f1o de vida, en edad escolar, mujeres embarazadas y adultos en riesgo nutricional, como as\u00ed tambi\u00e9n aquellos que sufren enfermedades cr\u00f3nicas\u00bb.<\/span><\/p>\n<p>Adem\u00e1s solicitaron informaci\u00f3n sobre la cantidad mensual de Refuerzos Alimentarios entregados en los \u00faltimos 90 d\u00edas, discriminados por Centro de Gesti\u00f3n donde se tramitaron.<\/p>\n<blockquote class=\"wp-embedded-content\" data-secret=\"UcZ6uhIsfR\"><p><a href=\"https:\/\/www.planbnoticias.com.ar\/index.php\/2022\/08\/18\/carne-cruda-en-la-comida-del-matadero-sorpresa-y-especulaciones\/\">Carne cruda en la comida del Matadero: sorpresa y especulaciones<\/a><\/p><\/blockquote>\n<p><iframe class=\"wp-embedded-content\" sandbox=\"allow-scripts\" security=\"restricted\" style=\"position: absolute; clip: rect(1px, 1px, 1px, 1px);\" title=\"\u00abCarne cruda en la comida del Matadero: sorpresa y especulaciones\u00bb \u2014 Plan B Noticias\" src=\"https:\/\/www.planbnoticias.com.ar\/index.php\/2022\/08\/18\/carne-cruda-en-la-comida-del-matadero-sorpresa-y-especulaciones\/embed\/#?secret=6xkqEj8Cyz#?secret=UcZ6uhIsfR\" data-secret=\"UcZ6uhIsfR\" width=\"600\" height=\"338\" frameborder=\"0\" marginwidth=\"0\" marginheight=\"0\" scrolling=\"no\"><\/iframe><\/p>\n","protected":false},"excerpt":{"rendered":"<p>El FrePam present\u00f3 un pedido de informe al Ejecutivo a ra\u00edz de la publicaci\u00f3n realizada por Plan B Noticias el mi\u00e9rcoles con im\u00e1genes de las viandas con carne cruda que&hellip;<\/p>\n","protected":false},"author":5,"featured_media":330984,"comment_status":"closed","ping_status":"open","sticky":false,"template":"","format":"standard","meta":{"footnotes":""},"categories":[4],"tags":[],"class_list":["post-331300","post","type-post","status-publish","format-standard","has-post-thumbnail","hentry","category-ciudad"],"jetpack_featured_media_url":"https:\/\/www.planbnoticias.com.ar\/wp-content\/uploads\/2022\/08\/comida-cruda-comedor-matadero-1.jpeg","_links":{"self":[{"href":"https:\/\/www.planbnoticias.com.ar\/index.php\/wp-json\/wp\/v2\/posts\/331300","targetHints":{"allow":["GET"]}}],"collection":[{"href":"https:\/\/www.planbnoticias.com.ar\/index.php\/wp-json\/wp\/v2\/posts"}],"about":[{"href":"https:\/\/www.planbnoticias.com.ar\/index.php\/wp-json\/wp\/v2\/types\/post"}],"author":[{"embeddable":true,"href":"https:\/\/www.planbnoticias.com.ar\/index.php\/wp-json\/wp\/v2\/users\/5"}],"replies":[{"embeddable":true,"href":"https:\/\/www.planbnoticias.com.ar\/index.php\/wp-json\/wp\/v2\/comments?post=331300"}],"version-history":[{"count":1,"href":"https:\/\/www.planbnoticias.com.ar\/index.php\/wp-json\/wp\/v2\/posts\/331300\/revisions"}],"predecessor-version":[{"id":331301,"href":"https:\/\/www.planbnoticias.com.ar\/index.php\/wp-json\/wp\/v2\/posts\/331300\/revisions\/331301"}],"wp:featuredmedia":[{"embeddable":true,"href":"https:\/\/www.planbnoticias.com.ar\/index.php\/wp-json\/wp\/v2\/media\/330984"}],"wp:attachment":[{"href":"https:\/\/www.planbnoticias.com.ar\/index.php\/wp-json\/wp\/v2\/media?parent=331300"}],"wp:term":[{"taxonomy":"category","embeddable":true,"href":"https:\/\/www.planbnoticias.com.ar\/index.php\/wp-json\/wp\/v2\/categories?post=331300"},{"taxonomy":"post_tag","embeddable":true,"href":"https:\/\/www.planbnoticias.com.ar\/index.php\/wp-json\/wp\/v2\/tags?post=331300"}],"curies":[{"name":"wp","href":"https:\/\/api.w.org\/{rel}","templated":true}]}}