{"id":331663,"date":"2022-08-22T10:38:29","date_gmt":"2022-08-22T13:38:29","guid":{"rendered":"https:\/\/www.planbnoticias.com.ar\/?p=331663"},"modified":"2022-08-22T16:12:26","modified_gmt":"2022-08-22T19:12:26","slug":"la-cta-copo-el-concejo-deliberante-para-exigir-un-reconocimiento-a-ex-precarizados-y-precarizadas","status":"publish","type":"post","link":"https:\/\/www.planbnoticias.com.ar\/index.php\/2022\/08\/22\/la-cta-copo-el-concejo-deliberante-para-exigir-un-reconocimiento-a-ex-precarizados-y-precarizadas\/","title":{"rendered":"La CTA cop\u00f3 el Concejo Deliberante para exigir un reconocimiento a ex precarizados y precarizadas"},"content":{"rendered":"<p><img fetchpriority=\"high\" decoding=\"async\" class=\"alignnone size-full wp-image-331665\" src=\"https:\/\/www.planbnoticias.com.ar\/wp-content\/uploads\/2022\/08\/precarizados-y-precarizadas-cta-concejo-2.jpeg\" alt=\"\" width=\"1600\" height=\"737\" srcset=\"https:\/\/www.planbnoticias.com.ar\/wp-content\/uploads\/2022\/08\/precarizados-y-precarizadas-cta-concejo-2.jpeg 1600w, https:\/\/www.planbnoticias.com.ar\/wp-content\/uploads\/2022\/08\/precarizados-y-precarizadas-cta-concejo-2-300x138.jpeg 300w, https:\/\/www.planbnoticias.com.ar\/wp-content\/uploads\/2022\/08\/precarizados-y-precarizadas-cta-concejo-2-1024x472.jpeg 1024w, https:\/\/www.planbnoticias.com.ar\/wp-content\/uploads\/2022\/08\/precarizados-y-precarizadas-cta-concejo-2-768x354.jpeg 768w, https:\/\/www.planbnoticias.com.ar\/wp-content\/uploads\/2022\/08\/precarizados-y-precarizadas-cta-concejo-2-1536x708.jpeg 1536w, https:\/\/www.planbnoticias.com.ar\/wp-content\/uploads\/2022\/08\/precarizados-y-precarizadas-cta-concejo-2-1170x539.jpeg 1170w, https:\/\/www.planbnoticias.com.ar\/wp-content\/uploads\/2022\/08\/precarizados-y-precarizadas-cta-concejo-2-585x269.jpeg 585w\" sizes=\"(max-width: 1600px) 100vw, 1600px\" \/>\u00a0Se presentaron cuando las y los concejales deliberaban en comisi\u00f3n para que se le pague el reconocimiento adicional por antig\u00fcedad a quienes fueron precarizados y precarizadas durante varios a\u00f1os en el estado municipal y muchos no se pueden jubilar.<\/p>\n<p><script async src=\"\/\/pagead2.googlesyndication.com\/pagead\/js\/adsbygoogle.js\"><\/script><br \/>\n<!-- Publi m\u00f3vil interior nota --><br \/>\n<ins class=\"adsbygoogle\" style=\"display: inline-block; width: 320px; height: 100px;\" data-ad-client=\"ca-pub-7250018434179914\" data-ad-slot=\"1040343543\"><\/ins><br \/>\n<script>\n(adsbygoogle = window.adsbygoogle || []).push({});\n<\/script><\/p>\n<p>El secretario General de la CTA de los Trabajadores, Oscar Gandi, encabez\u00f3 la movilizaci\u00f3n de un grupo numeroso de municipales y plante\u00f3 que \u201cqueremos un compromiso del municipio para que la ordenanza salga durante el a\u00f1o. Es una demanda genuina, entendemos la situaci\u00f3n econ\u00f3mica, pero creemos que tambi\u00e9n la situaci\u00f3n de los trabajadores y trabajadoras hace que sea necesario ese reconocimiento econ\u00f3mico\u201d.<\/p>\n<p>\u201cCreemos que no ser\u00eda un monto muy alto, alrededor de 4,5 millones de pesos. Tambi\u00e9n los compa\u00f1eros y compa\u00f1eras piden que se pague desde la vigencia de la ordenanza y est\u00e1n renunciando al retroactivo\u201d, adelant\u00f3.<\/p>\n<p><img decoding=\"async\" class=\"alignnone size-full wp-image-331664\" src=\"https:\/\/www.planbnoticias.com.ar\/wp-content\/uploads\/2022\/08\/precarizados-y-precarizadas-cta-concejo-3.jpeg\" alt=\"\" width=\"1280\" height=\"590\" srcset=\"https:\/\/www.planbnoticias.com.ar\/wp-content\/uploads\/2022\/08\/precarizados-y-precarizadas-cta-concejo-3.jpeg 1280w, https:\/\/www.planbnoticias.com.ar\/wp-content\/uploads\/2022\/08\/precarizados-y-precarizadas-cta-concejo-3-300x138.jpeg 300w, https:\/\/www.planbnoticias.com.ar\/wp-content\/uploads\/2022\/08\/precarizados-y-precarizadas-cta-concejo-3-1024x472.jpeg 1024w, https:\/\/www.planbnoticias.com.ar\/wp-content\/uploads\/2022\/08\/precarizados-y-precarizadas-cta-concejo-3-768x354.jpeg 768w, https:\/\/www.planbnoticias.com.ar\/wp-content\/uploads\/2022\/08\/precarizados-y-precarizadas-cta-concejo-3-1170x539.jpeg 1170w, https:\/\/www.planbnoticias.com.ar\/wp-content\/uploads\/2022\/08\/precarizados-y-precarizadas-cta-concejo-3-585x270.jpeg 585w\" sizes=\"(max-width: 1280px) 100vw, 1280px\" \/><\/p>\n<p>En la comisi\u00f3n tom\u00f3 la palabra la concejala Claudia Giorgis, una de las personas que m\u00e1s hizo para el blanqueo de los trabajadores y trabajadoras precarizadas con planes sociales en la primera d\u00e9cada de este siglo XXI, para decir que \u201cnos une mucho la lucha de estos trabajadores de explanes sociales. Como dec\u00eda el negro Gandi, Santa Rosa fue pionera en reconocerlos. Recuerdo los carteles que levantaban cuando luchaban, donde dec\u00edan \u2018no somos vagos, somos trabajadores\u2019\u201d, record\u00f3.<\/p>\n<p>\u201cEran trabajadores que efectivamente realizaban tareas en el municipio m\u00e1s all\u00e1 del nombre que tuviera el plan. En aquel momento nos dec\u00edan que no hab\u00eda plata, nos pusimos a sacar cuentas, lo que no era cierto. Cuando nos pusimos a mirar n\u00famero por n\u00famero, se fue esclareciendo la situaci\u00f3n y pudieron pasar a planta sin generarle un costo adicional al municipio\u201d, se\u00f1al\u00f3.<\/p>\n<p>\u201cEn aquel momento no pudimos llegar a plantear lo que se est\u00e1 planteando hoy. El objetivo primordial era que dejaran de ser trabajadores en negro y pasaran a ser estatales. Siempre pensamos que iban a necesitar una ordenanza especial porque muchos est\u00e1n en situaci\u00f3n de jubilaci\u00f3n, con 30 a\u00f1os de trabajo y con apenas 15 de aportes jubilatorios porque fueron precarizados por el estado\u201d, resalt\u00f3 Claudia Giorgis, concejala del FrePam.<\/p>\n<p>\u201cNos urge ponernos a trabajar. Pongamos los n\u00fameros sobre la mesa para poder llegar a una soluci\u00f3n en esta instancia tambi\u00e9n. Me parece muy saludable que iniciemos un debate para que estos trabajadores tengan el reconocimiento de tantos a\u00f1os precarizados. Algunos han fallecido, con los n\u00fameros en la mano y con la lucha de los compa\u00f1eros en la calle y con la decisi\u00f3n pol\u00edtica, podemos otra vez desde Santa Rosa ser pioneros en el reconocimiento a los trabajadores\u201d, finaliz\u00f3.<\/p>\n","protected":false},"excerpt":{"rendered":"<p>\u00a0Se presentaron cuando las y los concejales deliberaban en comisi\u00f3n para que se le pague el reconocimiento adicional por antig\u00fcedad a quienes fueron precarizados y precarizadas durante varios a\u00f1os en&hellip;<\/p>\n","protected":false},"author":2,"featured_media":331665,"comment_status":"closed","ping_status":"open","sticky":false,"template":"","format":"standard","meta":{"footnotes":""},"categories":[4,9],"tags":[],"class_list":["post-331663","post","type-post","status-publish","format-standard","has-post-thumbnail","hentry","category-ciudad","category-gremiales"],"jetpack_featured_media_url":"https:\/\/www.planbnoticias.com.ar\/wp-content\/uploads\/2022\/08\/precarizados-y-precarizadas-cta-concejo-2.jpeg","_links":{"self":[{"href":"https:\/\/www.planbnoticias.com.ar\/index.php\/wp-json\/wp\/v2\/posts\/331663","targetHints":{"allow":["GET"]}}],"collection":[{"href":"https:\/\/www.planbnoticias.com.ar\/index.php\/wp-json\/wp\/v2\/posts"}],"about":[{"href":"https:\/\/www.planbnoticias.com.ar\/index.php\/wp-json\/wp\/v2\/types\/post"}],"author":[{"embeddable":true,"href":"https:\/\/www.planbnoticias.com.ar\/index.php\/wp-json\/wp\/v2\/users\/2"}],"replies":[{"embeddable":true,"href":"https:\/\/www.planbnoticias.com.ar\/index.php\/wp-json\/wp\/v2\/comments?post=331663"}],"version-history":[{"count":1,"href":"https:\/\/www.planbnoticias.com.ar\/index.php\/wp-json\/wp\/v2\/posts\/331663\/revisions"}],"predecessor-version":[{"id":331667,"href":"https:\/\/www.planbnoticias.com.ar\/index.php\/wp-json\/wp\/v2\/posts\/331663\/revisions\/331667"}],"wp:featuredmedia":[{"embeddable":true,"href":"https:\/\/www.planbnoticias.com.ar\/index.php\/wp-json\/wp\/v2\/media\/331665"}],"wp:attachment":[{"href":"https:\/\/www.planbnoticias.com.ar\/index.php\/wp-json\/wp\/v2\/media?parent=331663"}],"wp:term":[{"taxonomy":"category","embeddable":true,"href":"https:\/\/www.planbnoticias.com.ar\/index.php\/wp-json\/wp\/v2\/categories?post=331663"},{"taxonomy":"post_tag","embeddable":true,"href":"https:\/\/www.planbnoticias.com.ar\/index.php\/wp-json\/wp\/v2\/tags?post=331663"}],"curies":[{"name":"wp","href":"https:\/\/api.w.org\/{rel}","templated":true}]}}