{"id":332802,"date":"2022-08-29T11:43:23","date_gmt":"2022-08-29T14:43:23","guid":{"rendered":"https:\/\/www.planbnoticias.com.ar\/?p=332802"},"modified":"2022-08-29T11:49:47","modified_gmt":"2022-08-29T14:49:47","slug":"fallo-por-los-colectivos-una-bofetada-a-las-personas-con-discapacidad-y-una-caricia-a-la-politica","status":"publish","type":"post","link":"https:\/\/www.planbnoticias.com.ar\/index.php\/2022\/08\/29\/fallo-por-los-colectivos-una-bofetada-a-las-personas-con-discapacidad-y-una-caricia-a-la-politica\/","title":{"rendered":"Fallo por los colectivos: \u201cuna bofetada a las personas con discapacidad y una caricia a la pol\u00edtica\u201d"},"content":{"rendered":"<p><img fetchpriority=\"high\" decoding=\"async\" class=\"alignnone size-full wp-image-325482\" src=\"https:\/\/www.planbnoticias.com.ar\/wp-content\/uploads\/2022\/07\/pablo-pera.jpeg\" alt=\"\" width=\"1600\" height=\"1200\" srcset=\"https:\/\/www.planbnoticias.com.ar\/wp-content\/uploads\/2022\/07\/pablo-pera.jpeg 1600w, https:\/\/www.planbnoticias.com.ar\/wp-content\/uploads\/2022\/07\/pablo-pera-300x225.jpeg 300w, https:\/\/www.planbnoticias.com.ar\/wp-content\/uploads\/2022\/07\/pablo-pera-1024x768.jpeg 1024w, https:\/\/www.planbnoticias.com.ar\/wp-content\/uploads\/2022\/07\/pablo-pera-768x576.jpeg 768w, https:\/\/www.planbnoticias.com.ar\/wp-content\/uploads\/2022\/07\/pablo-pera-1536x1152.jpeg 1536w, https:\/\/www.planbnoticias.com.ar\/wp-content\/uploads\/2022\/07\/pablo-pera-1170x878.jpeg 1170w, https:\/\/www.planbnoticias.com.ar\/wp-content\/uploads\/2022\/07\/pablo-pera-585x439.jpeg 585w\" sizes=\"(max-width: 1600px) 100vw, 1600px\" \/><\/p>\n<p>El concejal del Frepam, Pablo Pera, cuestion\u00f3 a la justicia pampeana por convalidar \u201cel incumplimiento municipal con una caricia a la pol\u00edtica, desamparando a usuarias y usuarios que seguir\u00e1n impedidos de acceder al servicio con autonom\u00eda y seguridad\u201d.<\/p>\n<p>A trav\u00e9s de las redes sociales, Pera sostuvo que \u201cel reciente fallo del Superior Tribunal de Justicia avalando la fuerte restricci\u00f3n del derecho a la accesibilidad impuestas por Autobuses Santa Fe primero y por Luciano di Napoli despu\u00e9s, implica lisa y llanamente una bofetada a las usuarias y los usuarios del servicio de transporte de colectivos\u201d.<\/p>\n<p>\u201cPeligrosamente el Tribunal tom\u00f3 la decisi\u00f3n pol\u00edtica de abandonar una sentencia pasada en autoridad de cosa juzgada y los principios de progresividad y no regresividad en materia de DDHH\u201d, agreg\u00f3.<\/p>\n<p><script async src=\"\/\/pagead2.googlesyndication.com\/pagead\/js\/adsbygoogle.js\"><\/script><\/p>\n<p><!-- Publi m\u00f3vil interior nota --><\/p>\n<p>&nbsp;<\/p>\n<p><script><\/p>\n<p>(adsbygoogle = window.adsbygoogle || []).push({});<\/p>\n<p><\/script><\/p>\n<p>\u201cLos ministros del STJ parecen haber olvidado que hubo una \u00e9poca en que el servicio de colectivos se prestaba en nuestra ciudad con todos los colectivos piso bajo. Si, TODOS. Y se hac\u00eda por las mismas calles de tierra (hoy casi todas asfaltadas) y con unidades provistas de motor trasero\u201d, record\u00f3.<\/p>\n<p>\u201cCuando la Municipalidad otorg\u00f3 el servicio a Autobuses Santa Fe, se abandonaron los colectivos piso bajo y se comenz\u00f3 a prestar, al igual que hoy, con la mayor\u00eda de los colectivos piso alto, algunos con elevadores y otros con piso bajo. Eso signific\u00f3 claramente una regresi\u00f3n sobre el derecho a la accesibilidad que anteriormente se satisfac\u00eda con TODAS las unidades piso bajo. Frente a esa situaci\u00f3n, una sentencia pasada en autoridad de cosa juzgada orden\u00f3 que todas las unidades del servicio deb\u00edan ser de piso bajo, en virtud del mencionado principio de progresividad y no regresividad de los DDHH\u201d, dijo.<\/p>\n<p>\u201cHoy se abandona esa exigencia y se convalida el incumplimiento municipal con una caricia a la pol\u00edtica, desamparando a usuarias y usuarios que seguir\u00e1n impedidos de acceder al servicio con autonom\u00eda y seguridad, que anteriormente se garantizaba con los colectivos de piso bajo\u201d, cuestion\u00f3 el edil del bloque opositor.<\/p>\n<p><iframe style=\"border: none; overflow: hidden;\" src=\"https:\/\/www.facebook.com\/plugins\/post.php?href=https%3A%2F%2Fweb.facebook.com%2Fconcejalpablopera%2Fposts%2Fpfbid0TaBLv4WVEgAqhAuKnAQJsX16H1mYYq2Rzdy35stNuWN6gbcwCbPz1WQijtYkayh8l&amp;show_text=true&amp;width=500\" width=\"500\" height=\"633\" frameborder=\"0\" scrolling=\"no\" allowfullscreen=\"allowfullscreen\"><\/iframe><\/p>\n","protected":false},"excerpt":{"rendered":"<p>El concejal del Frepam, Pablo Pera, cuestion\u00f3 a la justicia pampeana por convalidar \u201cel incumplimiento municipal con una caricia a la pol\u00edtica, desamparando a usuarias y usuarios que seguir\u00e1n impedidos&hellip;<\/p>\n","protected":false},"author":3,"featured_media":274792,"comment_status":"closed","ping_status":"open","sticky":false,"template":"","format":"standard","meta":{"footnotes":""},"categories":[4,15],"tags":[],"class_list":["post-332802","post","type-post","status-publish","format-standard","has-post-thumbnail","hentry","category-ciudad","category-tapa"],"jetpack_featured_media_url":"https:\/\/www.planbnoticias.com.ar\/wp-content\/uploads\/2021\/07\/accesibilidad-emtu-municipalidad-alfayate-jueza-pascual.jpg","_links":{"self":[{"href":"https:\/\/www.planbnoticias.com.ar\/index.php\/wp-json\/wp\/v2\/posts\/332802","targetHints":{"allow":["GET"]}}],"collection":[{"href":"https:\/\/www.planbnoticias.com.ar\/index.php\/wp-json\/wp\/v2\/posts"}],"about":[{"href":"https:\/\/www.planbnoticias.com.ar\/index.php\/wp-json\/wp\/v2\/types\/post"}],"author":[{"embeddable":true,"href":"https:\/\/www.planbnoticias.com.ar\/index.php\/wp-json\/wp\/v2\/users\/3"}],"replies":[{"embeddable":true,"href":"https:\/\/www.planbnoticias.com.ar\/index.php\/wp-json\/wp\/v2\/comments?post=332802"}],"version-history":[{"count":3,"href":"https:\/\/www.planbnoticias.com.ar\/index.php\/wp-json\/wp\/v2\/posts\/332802\/revisions"}],"predecessor-version":[{"id":332808,"href":"https:\/\/www.planbnoticias.com.ar\/index.php\/wp-json\/wp\/v2\/posts\/332802\/revisions\/332808"}],"wp:featuredmedia":[{"embeddable":true,"href":"https:\/\/www.planbnoticias.com.ar\/index.php\/wp-json\/wp\/v2\/media\/274792"}],"wp:attachment":[{"href":"https:\/\/www.planbnoticias.com.ar\/index.php\/wp-json\/wp\/v2\/media?parent=332802"}],"wp:term":[{"taxonomy":"category","embeddable":true,"href":"https:\/\/www.planbnoticias.com.ar\/index.php\/wp-json\/wp\/v2\/categories?post=332802"},{"taxonomy":"post_tag","embeddable":true,"href":"https:\/\/www.planbnoticias.com.ar\/index.php\/wp-json\/wp\/v2\/tags?post=332802"}],"curies":[{"name":"wp","href":"https:\/\/api.w.org\/{rel}","templated":true}]}}