{"id":333272,"date":"2022-09-01T18:18:52","date_gmt":"2022-09-01T21:18:52","guid":{"rendered":"https:\/\/www.planbnoticias.com.ar\/?p=333272"},"modified":"2022-09-01T18:20:22","modified_gmt":"2022-09-01T21:20:22","slug":"el-frepam-reclama-al-municipio-que-retire-los-vehiculos-abandonados-en-la-via-publica","status":"publish","type":"post","link":"https:\/\/www.planbnoticias.com.ar\/index.php\/2022\/09\/01\/el-frepam-reclama-al-municipio-que-retire-los-vehiculos-abandonados-en-la-via-publica\/","title":{"rendered":"El FrePam reclama al municipio que retire los veh\u00edculos abandonados en la v\u00eda p\u00fablica"},"content":{"rendered":"<p><img fetchpriority=\"high\" decoding=\"async\" class=\"alignnone size-full wp-image-294325\" src=\"https:\/\/www.planbnoticias.com.ar\/wp-content\/uploads\/2021\/11\/pablo-pera-ibarguren-frepam-concejo.jpg\" alt=\"\" width=\"1280\" height=\"853\" srcset=\"https:\/\/www.planbnoticias.com.ar\/wp-content\/uploads\/2021\/11\/pablo-pera-ibarguren-frepam-concejo.jpg 1280w, https:\/\/www.planbnoticias.com.ar\/wp-content\/uploads\/2021\/11\/pablo-pera-ibarguren-frepam-concejo-300x200.jpg 300w, https:\/\/www.planbnoticias.com.ar\/wp-content\/uploads\/2021\/11\/pablo-pera-ibarguren-frepam-concejo-1024x682.jpg 1024w, https:\/\/www.planbnoticias.com.ar\/wp-content\/uploads\/2021\/11\/pablo-pera-ibarguren-frepam-concejo-768x512.jpg 768w, https:\/\/www.planbnoticias.com.ar\/wp-content\/uploads\/2021\/11\/pablo-pera-ibarguren-frepam-concejo-1170x780.jpg 1170w, https:\/\/www.planbnoticias.com.ar\/wp-content\/uploads\/2021\/11\/pablo-pera-ibarguren-frepam-concejo-585x390.jpg 585w, https:\/\/www.planbnoticias.com.ar\/wp-content\/uploads\/2021\/11\/pablo-pera-ibarguren-frepam-concejo-263x175.jpg 263w\" sizes=\"(max-width: 1280px) 100vw, 1280px\" \/><\/p>\n<p>El bloque de concejales del FrePam present\u00f3 un proyecto de comunicaci\u00f3n en el que de acuerdo a los reclamos de las y vecinas y vecinos, piden que remuevan veh\u00edculos o maquinaria en estado de abandono en las calles de la ciudad.<\/p>\n<p><script async src=\"\/\/pagead2.googlesyndication.com\/pagead\/js\/adsbygoogle.js\"><\/script><br \/>\n<!-- Publi m\u00f3vil interior nota --><br \/>\n<ins class=\"adsbygoogle\" style=\"display: inline-block; width: 320px; height: 100px;\" data-ad-client=\"ca-pub-7250018434179914\" data-ad-slot=\"1040343543\"><\/ins><br \/>\n<script>\n(adsbygoogle = window.adsbygoogle || []).push({});\n<\/script><\/p>\n<p>Desde el FrePam pidieron que la Municipalidad retire los veh\u00edculos o maquinarias abandonadas en la v\u00eda p\u00fablica, que ocasiona inconvenientes a vecinos y vecinas e impide el mantenimiento de calles.<\/p>\n<p>\u00abEntendemos que es un problema de larga data, y que llevar\u00e1 un tiempo prudencial solucionarlo, as\u00ed y todo, en nuestras recorridas barriales, y en las charlas con vecinas y vecinas, es una preocupaci\u00f3n palpable y de menci\u00f3n recurrente\u00bb, se\u00f1alaron.<\/p>\n<p>Los ediles plantearon que \u00abla presencia de veh\u00edculos y maquinaria en la v\u00eda p\u00fablica genera focos de acumulaci\u00f3n de basura, propiciando la proliferaci\u00f3n de microbasurales urbanos, impactando de forma negativa en el medio ambiente\u00bb.<\/p>\n<p>\u00abTambi\u00e9n provocan, sobre todo en las calles no asfaltadas, la imposibilidad de realizar un correcto mantenimiento de las mismas, ocasionando problemas a la circulaci\u00f3n de veh\u00edculos, ciclistas y peatones, a lo que hay que agregar el incorrecto escurrimiento de aguas en d\u00edas lluviosos, con los da\u00f1os que esto provoca\u00bb, explicaron en el pedido.<\/p>\n<p>\u00abInstamos al ejecutivo municipal de la importancia que la `problem\u00e1tica tiene, y tome las medias operativas pertinentes a fin de dar soluci\u00f3n a este reclamo vecinal y ciudadano\u00bb, manistaron.<\/p>\n","protected":false},"excerpt":{"rendered":"<p>El bloque de concejales del FrePam present\u00f3 un proyecto de comunicaci\u00f3n en el que de acuerdo a los reclamos de las y vecinas y vecinos, piden que remuevan veh\u00edculos o&hellip;<\/p>\n","protected":false},"author":5,"featured_media":294325,"comment_status":"closed","ping_status":"open","sticky":false,"template":"","format":"standard","meta":{"footnotes":""},"categories":[4],"tags":[],"class_list":["post-333272","post","type-post","status-publish","format-standard","has-post-thumbnail","hentry","category-ciudad"],"jetpack_featured_media_url":"https:\/\/www.planbnoticias.com.ar\/wp-content\/uploads\/2021\/11\/pablo-pera-ibarguren-frepam-concejo.jpg","_links":{"self":[{"href":"https:\/\/www.planbnoticias.com.ar\/index.php\/wp-json\/wp\/v2\/posts\/333272","targetHints":{"allow":["GET"]}}],"collection":[{"href":"https:\/\/www.planbnoticias.com.ar\/index.php\/wp-json\/wp\/v2\/posts"}],"about":[{"href":"https:\/\/www.planbnoticias.com.ar\/index.php\/wp-json\/wp\/v2\/types\/post"}],"author":[{"embeddable":true,"href":"https:\/\/www.planbnoticias.com.ar\/index.php\/wp-json\/wp\/v2\/users\/5"}],"replies":[{"embeddable":true,"href":"https:\/\/www.planbnoticias.com.ar\/index.php\/wp-json\/wp\/v2\/comments?post=333272"}],"version-history":[{"count":1,"href":"https:\/\/www.planbnoticias.com.ar\/index.php\/wp-json\/wp\/v2\/posts\/333272\/revisions"}],"predecessor-version":[{"id":333273,"href":"https:\/\/www.planbnoticias.com.ar\/index.php\/wp-json\/wp\/v2\/posts\/333272\/revisions\/333273"}],"wp:featuredmedia":[{"embeddable":true,"href":"https:\/\/www.planbnoticias.com.ar\/index.php\/wp-json\/wp\/v2\/media\/294325"}],"wp:attachment":[{"href":"https:\/\/www.planbnoticias.com.ar\/index.php\/wp-json\/wp\/v2\/media?parent=333272"}],"wp:term":[{"taxonomy":"category","embeddable":true,"href":"https:\/\/www.planbnoticias.com.ar\/index.php\/wp-json\/wp\/v2\/categories?post=333272"},{"taxonomy":"post_tag","embeddable":true,"href":"https:\/\/www.planbnoticias.com.ar\/index.php\/wp-json\/wp\/v2\/tags?post=333272"}],"curies":[{"name":"wp","href":"https:\/\/api.w.org\/{rel}","templated":true}]}}