{"id":333404,"date":"2022-09-02T10:56:35","date_gmt":"2022-09-02T13:56:35","guid":{"rendered":"https:\/\/www.planbnoticias.com.ar\/?p=333404"},"modified":"2022-09-02T10:56:35","modified_gmt":"2022-09-02T13:56:35","slug":"ediles-del-frepam-repudiaron-el-atentado-contra-cristina-fernandez","status":"publish","type":"post","link":"https:\/\/www.planbnoticias.com.ar\/index.php\/2022\/09\/02\/ediles-del-frepam-repudiaron-el-atentado-contra-cristina-fernandez\/","title":{"rendered":"Ediles del Frepam repudiaron el atentado contra Cristina Fern\u00e1ndez"},"content":{"rendered":"<p><img fetchpriority=\"high\" decoding=\"async\" class=\"alignnone size-full wp-image-211933\" src=\"https:\/\/www.planbnoticias.com.ar\/wp-content\/uploads\/2020\/03\/ediles-frepam.jpeg\" alt=\"\" width=\"1280\" height=\"853\" srcset=\"https:\/\/www.planbnoticias.com.ar\/wp-content\/uploads\/2020\/03\/ediles-frepam.jpeg 1280w, https:\/\/www.planbnoticias.com.ar\/wp-content\/uploads\/2020\/03\/ediles-frepam-300x200.jpeg 300w, https:\/\/www.planbnoticias.com.ar\/wp-content\/uploads\/2020\/03\/ediles-frepam-1024x682.jpeg 1024w, https:\/\/www.planbnoticias.com.ar\/wp-content\/uploads\/2020\/03\/ediles-frepam-768x512.jpeg 768w, https:\/\/www.planbnoticias.com.ar\/wp-content\/uploads\/2020\/03\/ediles-frepam-1170x780.jpeg 1170w, https:\/\/www.planbnoticias.com.ar\/wp-content\/uploads\/2020\/03\/ediles-frepam-585x390.jpeg 585w, https:\/\/www.planbnoticias.com.ar\/wp-content\/uploads\/2020\/03\/ediles-frepam-263x175.jpeg 263w\" sizes=\"(max-width: 1280px) 100vw, 1280px\" \/><\/p>\n<p>Mediante un comunicado de prensa, el Bloque de Concejales y Concejala del Frepam de la ciudad de Santa Rosa repudiaron en\u00e9rgicamente el atentado contra la Vicepresidenta de la Naci\u00f3n Cristina Fern\u00e1ndez de Kirchner.<\/p>\n<p>Se\u00f1alaron que es \u201cun hecho profundamente grave desde la recuperaci\u00f3n de la democracia en nuestro pa\u00eds hace casi 40 a\u00f1os. Nuestro compromiso siempre ha sido y es con la PAZ, con la NO VIOLENCIA\u201d.<\/p>\n<p><script async src=\"\/\/pagead2.googlesyndication.com\/pagead\/js\/adsbygoogle.js\"><\/script><\/p>\n<p><!-- Publi m\u00f3vil interior nota --><\/p>\n<p>&nbsp;<\/p>\n<p><script><\/p>\n<p>(adsbygoogle = window.adsbygoogle || []).push({});<\/p>\n<p><\/script><\/p>\n<p>\u201cOjal\u00e1 la Argentina encuentre prontamente la mejor\u00eda econ\u00f3mica y la estabilidad pol\u00edtica que nos conduzca a una realidad mejor para la inmensa mayor\u00eda de nuestro pueblo\u201d, finaliza el comunicado.<\/p>\n","protected":false},"excerpt":{"rendered":"<p>Mediante un comunicado de prensa, el Bloque de Concejales y Concejala del Frepam de la ciudad de Santa Rosa repudiaron en\u00e9rgicamente el atentado contra la Vicepresidenta de la Naci\u00f3n Cristina&hellip;<\/p>\n","protected":false},"author":3,"featured_media":211933,"comment_status":"closed","ping_status":"open","sticky":false,"template":"","format":"standard","meta":{"footnotes":""},"categories":[4],"tags":[],"class_list":["post-333404","post","type-post","status-publish","format-standard","has-post-thumbnail","hentry","category-ciudad"],"jetpack_featured_media_url":"https:\/\/www.planbnoticias.com.ar\/wp-content\/uploads\/2020\/03\/ediles-frepam.jpeg","_links":{"self":[{"href":"https:\/\/www.planbnoticias.com.ar\/index.php\/wp-json\/wp\/v2\/posts\/333404","targetHints":{"allow":["GET"]}}],"collection":[{"href":"https:\/\/www.planbnoticias.com.ar\/index.php\/wp-json\/wp\/v2\/posts"}],"about":[{"href":"https:\/\/www.planbnoticias.com.ar\/index.php\/wp-json\/wp\/v2\/types\/post"}],"author":[{"embeddable":true,"href":"https:\/\/www.planbnoticias.com.ar\/index.php\/wp-json\/wp\/v2\/users\/3"}],"replies":[{"embeddable":true,"href":"https:\/\/www.planbnoticias.com.ar\/index.php\/wp-json\/wp\/v2\/comments?post=333404"}],"version-history":[{"count":1,"href":"https:\/\/www.planbnoticias.com.ar\/index.php\/wp-json\/wp\/v2\/posts\/333404\/revisions"}],"predecessor-version":[{"id":333405,"href":"https:\/\/www.planbnoticias.com.ar\/index.php\/wp-json\/wp\/v2\/posts\/333404\/revisions\/333405"}],"wp:featuredmedia":[{"embeddable":true,"href":"https:\/\/www.planbnoticias.com.ar\/index.php\/wp-json\/wp\/v2\/media\/211933"}],"wp:attachment":[{"href":"https:\/\/www.planbnoticias.com.ar\/index.php\/wp-json\/wp\/v2\/media?parent=333404"}],"wp:term":[{"taxonomy":"category","embeddable":true,"href":"https:\/\/www.planbnoticias.com.ar\/index.php\/wp-json\/wp\/v2\/categories?post=333404"},{"taxonomy":"post_tag","embeddable":true,"href":"https:\/\/www.planbnoticias.com.ar\/index.php\/wp-json\/wp\/v2\/tags?post=333404"}],"curies":[{"name":"wp","href":"https:\/\/api.w.org\/{rel}","templated":true}]}}