{"id":336022,"date":"2022-09-20T12:04:13","date_gmt":"2022-09-20T15:04:13","guid":{"rendered":"https:\/\/www.planbnoticias.com.ar\/?p=336022"},"modified":"2022-09-20T12:04:13","modified_gmt":"2022-09-20T15:04:13","slug":"el-frepam-pide-al-ejecutivo-que-convoque-al-consejo-municipal-de-politicas-de-genero","status":"publish","type":"post","link":"https:\/\/www.planbnoticias.com.ar\/index.php\/2022\/09\/20\/el-frepam-pide-al-ejecutivo-que-convoque-al-consejo-municipal-de-politicas-de-genero\/","title":{"rendered":"El Frepam pide al Ejecutivo que convoque al Consejo Municipal de Pol\u00edticas de G\u00e9nero"},"content":{"rendered":"<p><img fetchpriority=\"high\" decoding=\"async\" class=\"alignnone size-full wp-image-211933\" src=\"https:\/\/www.planbnoticias.com.ar\/wp-content\/uploads\/2020\/03\/ediles-frepam.jpeg\" alt=\"\" width=\"1280\" height=\"853\" srcset=\"https:\/\/www.planbnoticias.com.ar\/wp-content\/uploads\/2020\/03\/ediles-frepam.jpeg 1280w, https:\/\/www.planbnoticias.com.ar\/wp-content\/uploads\/2020\/03\/ediles-frepam-300x200.jpeg 300w, https:\/\/www.planbnoticias.com.ar\/wp-content\/uploads\/2020\/03\/ediles-frepam-1024x682.jpeg 1024w, https:\/\/www.planbnoticias.com.ar\/wp-content\/uploads\/2020\/03\/ediles-frepam-768x512.jpeg 768w, https:\/\/www.planbnoticias.com.ar\/wp-content\/uploads\/2020\/03\/ediles-frepam-1170x780.jpeg 1170w, https:\/\/www.planbnoticias.com.ar\/wp-content\/uploads\/2020\/03\/ediles-frepam-585x390.jpeg 585w, https:\/\/www.planbnoticias.com.ar\/wp-content\/uploads\/2020\/03\/ediles-frepam-263x175.jpeg 263w\" sizes=\"(max-width: 1280px) 100vw, 1280px\" \/><\/p>\n<p>Ediles de la oposici\u00f3n recordaron que el Consejo debe convocarse de manera mensual. Reiteraron su pedido para declarar la Emergencia en Violencia contra las mujeres, proyecto que fuera presentado por ATE en junio de este a\u00f1o.<\/p>\n<p>El Bloque Frepam manifest\u00f3 su preocupaci\u00f3n por la no convocatoria al Consejo Municipal de Pol\u00edticas de G\u00e9nero.<\/p>\n<p>Mediante un comunicado, se\u00f1alaron que \u201ca tres meses de haber presentado desde nuestro bloque el pedido para que el Intendente convoque al Consejo Municipal de G\u00e9nero seguimos sin avance alguno. Y las cosas siguen mal\u201d.<\/p>\n<p><script async src=\"\/\/pagead2.googlesyndication.com\/pagead\/js\/adsbygoogle.js\"><\/script><\/p>\n<p><!-- Publi m\u00f3vil interior nota --><\/p>\n<p>&nbsp;<\/p>\n<p><script><\/p>\n<p>(adsbygoogle = window.adsbygoogle || []).push({});<\/p>\n<p><\/script><\/p>\n<p>\u201cEn ese momento est\u00e1bamos frente a un extenso conflicto en la Direcci\u00f3n de G\u00e9nero del Municipio donde las propias profesionales trabajadoras del sector llevaron adelante sus reclamos, sus medidas de fuerza y llegaron a una conciliaci\u00f3n obligatoria logrando finalmente un acuerdo de partes. Pero lamentablemente ese compromiso tampoco se ha cumplido de parte del Ejecutivo Municipal y estamos en las puertas de la continuidad de ese conflicto\u201d, advirtieron.<\/p>\n<p>\u201cPor eso hoy hemos insistido en las comisiones respectivas del Concejo Deliberante porque, hoy como ayer, siguen vigentes los fundamentos de ese pedido. Con el agravante que el paso del tiempo sin que se cumpla con la palabra y las medidas que se comprometen desgastan y resquebrajan las relaciones laborales. M\u00e1s a\u00fan en un \u00e1mbito que deber\u00eda tener una mirada que contenga las necesidades de quienes deben llevar adelante la tarea de atenci\u00f3n y contenci\u00f3n de las v\u00edctimas de violencia de g\u00e9nero que como todos sabemos su n\u00famero de denuncias continua en aumento\u201d, se\u00f1alaron.<\/p>\n<p>\u201cEn este sentido tambi\u00e9n hemos insistido en el d\u00eda de la fecha en el Concejo Deliberante con el formato del anteproyecto presentado por ATE sobre la declaraci\u00f3n de Emergencia en Violencia contra las mujeres que fue presentado el 13\/06\/2022\u201d, recordaron.<\/p>\n<p>\u201cAnte nuestra insistencia desde el oficialismo en el Concejo Deliberante se manifest\u00f3 que el Intendente estar\u00eda pronto a convocarlo. Cabe recordar, que independientemente del conflicto actual este Consejo debi\u00f3 ser convocado mensualmente para tratar pol\u00edticas p\u00fablicas preventivas en relaci\u00f3n a g\u00e9neros y no lo ha hecho en tres a\u00f1os de gesti\u00f3n\u201d.<\/p>\n","protected":false},"excerpt":{"rendered":"<p>Ediles de la oposici\u00f3n recordaron que el Consejo debe convocarse de manera mensual. Reiteraron su pedido para declarar la Emergencia en Violencia contra las mujeres, proyecto que fuera presentado por&hellip;<\/p>\n","protected":false},"author":3,"featured_media":211933,"comment_status":"closed","ping_status":"open","sticky":false,"template":"","format":"standard","meta":{"footnotes":""},"categories":[4],"tags":[],"class_list":["post-336022","post","type-post","status-publish","format-standard","has-post-thumbnail","hentry","category-ciudad"],"jetpack_featured_media_url":"https:\/\/www.planbnoticias.com.ar\/wp-content\/uploads\/2020\/03\/ediles-frepam.jpeg","_links":{"self":[{"href":"https:\/\/www.planbnoticias.com.ar\/index.php\/wp-json\/wp\/v2\/posts\/336022","targetHints":{"allow":["GET"]}}],"collection":[{"href":"https:\/\/www.planbnoticias.com.ar\/index.php\/wp-json\/wp\/v2\/posts"}],"about":[{"href":"https:\/\/www.planbnoticias.com.ar\/index.php\/wp-json\/wp\/v2\/types\/post"}],"author":[{"embeddable":true,"href":"https:\/\/www.planbnoticias.com.ar\/index.php\/wp-json\/wp\/v2\/users\/3"}],"replies":[{"embeddable":true,"href":"https:\/\/www.planbnoticias.com.ar\/index.php\/wp-json\/wp\/v2\/comments?post=336022"}],"version-history":[{"count":1,"href":"https:\/\/www.planbnoticias.com.ar\/index.php\/wp-json\/wp\/v2\/posts\/336022\/revisions"}],"predecessor-version":[{"id":336023,"href":"https:\/\/www.planbnoticias.com.ar\/index.php\/wp-json\/wp\/v2\/posts\/336022\/revisions\/336023"}],"wp:featuredmedia":[{"embeddable":true,"href":"https:\/\/www.planbnoticias.com.ar\/index.php\/wp-json\/wp\/v2\/media\/211933"}],"wp:attachment":[{"href":"https:\/\/www.planbnoticias.com.ar\/index.php\/wp-json\/wp\/v2\/media?parent=336022"}],"wp:term":[{"taxonomy":"category","embeddable":true,"href":"https:\/\/www.planbnoticias.com.ar\/index.php\/wp-json\/wp\/v2\/categories?post=336022"},{"taxonomy":"post_tag","embeddable":true,"href":"https:\/\/www.planbnoticias.com.ar\/index.php\/wp-json\/wp\/v2\/tags?post=336022"}],"curies":[{"name":"wp","href":"https:\/\/api.w.org\/{rel}","templated":true}]}}