{"id":336951,"date":"2022-09-26T13:20:48","date_gmt":"2022-09-26T16:20:48","guid":{"rendered":"https:\/\/www.planbnoticias.com.ar\/?p=336951"},"modified":"2022-09-26T13:20:48","modified_gmt":"2022-09-26T16:20:48","slug":"el-frepam-denuncia-que-di-napoli-ingreso-personal-por-el-doble-de-las-bajas","status":"publish","type":"post","link":"https:\/\/www.planbnoticias.com.ar\/index.php\/2022\/09\/26\/el-frepam-denuncia-que-di-napoli-ingreso-personal-por-el-doble-de-las-bajas\/","title":{"rendered":"El FrePam denuncia que di N\u00e1poli ingres\u00f3 personal \u201cpor el doble de las bajas\u201d"},"content":{"rendered":"<p><img fetchpriority=\"high\" decoding=\"async\" class=\"alignnone size-full wp-image-211933\" src=\"https:\/\/www.planbnoticias.com.ar\/wp-content\/uploads\/2020\/03\/ediles-frepam.jpeg\" alt=\"\" width=\"1280\" height=\"853\" srcset=\"https:\/\/www.planbnoticias.com.ar\/wp-content\/uploads\/2020\/03\/ediles-frepam.jpeg 1280w, https:\/\/www.planbnoticias.com.ar\/wp-content\/uploads\/2020\/03\/ediles-frepam-300x200.jpeg 300w, https:\/\/www.planbnoticias.com.ar\/wp-content\/uploads\/2020\/03\/ediles-frepam-1024x682.jpeg 1024w, https:\/\/www.planbnoticias.com.ar\/wp-content\/uploads\/2020\/03\/ediles-frepam-768x512.jpeg 768w, https:\/\/www.planbnoticias.com.ar\/wp-content\/uploads\/2020\/03\/ediles-frepam-1170x780.jpeg 1170w, https:\/\/www.planbnoticias.com.ar\/wp-content\/uploads\/2020\/03\/ediles-frepam-585x390.jpeg 585w, https:\/\/www.planbnoticias.com.ar\/wp-content\/uploads\/2020\/03\/ediles-frepam-263x175.jpeg 263w\" sizes=\"(max-width: 1280px) 100vw, 1280px\" \/><\/p>\n<p>Fue en una declaraci\u00f3n p\u00fablica en la que exigen el pago de la antig\u00fcedad a trabajadores y trabajadoras que ingresaron como planes sociales.<\/p>\n<p>\u201cDesde el Bloque de Concejala y Concejales del Frepam consideramos que se debe continuar con la pol\u00edtica de Estado, por la cual,\u00a0 con el correr de los a\u00f1os\u00a0 en las diferentes gestiones desde el a\u00f1o 2007 en adelante donde los \/as trabajadores\/as conocidos como Ex \u2013 Planes fueron teniendo reconocimiento y ampliaci\u00f3n de derechos\u201d, se\u00f1alaron.<\/p>\n<p>Salieron al cruce de Pablo Ehceveste, quien dijo que la comuna no cuenta con los 6 millones mensuales que demandar\u00eda el pago de la antig\u00fcedad.<\/p>\n<p><script async src=\"\/\/pagead2.googlesyndication.com\/pagead\/js\/adsbygoogle.js\"><\/script><br \/>\n<!-- Publi m\u00f3vil interior nota --><br \/>\n<ins class=\"adsbygoogle\" style=\"display: inline-block; width: 320px; height: 100px;\" data-ad-client=\"ca-pub-7250018434179914\" data-ad-slot=\"1040343543\"><\/ins><br \/>\n<script>\n(adsbygoogle = window.adsbygoogle || []).push({});\n<\/script><\/p>\n<p>\u201cDesde nuestro espacio pol\u00edtico consideramos que, en general, ning\u00fan momento de las finanzas del Municipio (con sus m\u00e1s o con sus menos) ha tenido gran holgura de recursos,\u00a0 sin embargo se han ido reconociendo y ampliando los derechos a estos trabajadores , tales como: reconocimiento de los 15 y 25 a\u00f1os de antig\u00fcedad, promoci\u00f3n autom\u00e1tica a la categor\u00eda que les corresponde por a\u00f1os trabajados,\u00a0 reconocimiento de las vacaciones, reconocimiento de compensaci\u00f3n de aportes para la jubilaci\u00f3n, suplemento vitalicio para quienes se encuentren en edad jubilatoria\u201d, indicaron.<\/p>\n<p>\u201cEl costo para el Municipio, ratificado por el propio Secretario de Hacienda, ronda los 6 millones mensuales, que, sumado a las cargas sociales y anualizado representan\u00a0 el 1 % del presupuesto actual, porcentaje bastante insignificante si se lo compara con otras cuestiones que ha priorizado el Municipio como aumento de un 20 % de la planta de funcionarios del Departamento Ejecutivo, ingresos de personal en el orden del doble de las bajas\u00a0 (con pago de la antig\u00fcedad que se le niega a los Ex \u2013 Planes),\u00a0 incremento significativo de contratos de servicios con la figura precarizada de monotributistas retrocediendo en lo que hab\u00eda sido un paso fundamental: terminar con la precarizaci\u00f3n laboral derogando las contrataciones por Resoluci\u00f3n 247 en el a\u00f1o 2018. Privatizaci\u00f3n de servicios a empresas por tareas que siempre realiz\u00f3 el Municipio as\u00eda como el alquiler de equipos a empresas privadas, eventos de gran despliegue log\u00edstico que podr\u00edan haber sido m\u00e1s modestos, etc. etc. Son tan solo algunos ejemplos de cuales han sido las prioridades que se han dado en los \u00faltimos tiempos\u201d, enumeraron.<\/p>\n<p>\u201cLamentablemente no contamos con el privilegio de tener la informaci\u00f3n que manifiesta el Secretario ya que el Ejecutivo Municipal no ha rendido un solo gasto del a\u00f1o 2022, procedimiento que deber\u00eda ser diario. Lo ideal ser\u00eda retomar con la vocaci\u00f3n de seguir con la pol\u00edtica de Estado mencionada, y,\u00a0 en tal sentido,\u00a0 nuestra propuesta es que este reclamo sea PRIORIZADO y continuar, de este modo, la senda de ampliaci\u00f3n y reconocimiento de derechos para las y los trabajadores municipales\u201d, finalizaron.<\/p>\n","protected":false},"excerpt":{"rendered":"<p>Fue en una declaraci\u00f3n p\u00fablica en la que exigen el pago de la antig\u00fcedad a trabajadores y trabajadoras que ingresaron como planes sociales. \u201cDesde el Bloque de Concejala y Concejales&hellip;<\/p>\n","protected":false},"author":2,"featured_media":211933,"comment_status":"closed","ping_status":"open","sticky":false,"template":"","format":"standard","meta":{"footnotes":""},"categories":[4,9],"tags":[],"class_list":["post-336951","post","type-post","status-publish","format-standard","has-post-thumbnail","hentry","category-ciudad","category-gremiales"],"jetpack_featured_media_url":"https:\/\/www.planbnoticias.com.ar\/wp-content\/uploads\/2020\/03\/ediles-frepam.jpeg","_links":{"self":[{"href":"https:\/\/www.planbnoticias.com.ar\/index.php\/wp-json\/wp\/v2\/posts\/336951","targetHints":{"allow":["GET"]}}],"collection":[{"href":"https:\/\/www.planbnoticias.com.ar\/index.php\/wp-json\/wp\/v2\/posts"}],"about":[{"href":"https:\/\/www.planbnoticias.com.ar\/index.php\/wp-json\/wp\/v2\/types\/post"}],"author":[{"embeddable":true,"href":"https:\/\/www.planbnoticias.com.ar\/index.php\/wp-json\/wp\/v2\/users\/2"}],"replies":[{"embeddable":true,"href":"https:\/\/www.planbnoticias.com.ar\/index.php\/wp-json\/wp\/v2\/comments?post=336951"}],"version-history":[{"count":1,"href":"https:\/\/www.planbnoticias.com.ar\/index.php\/wp-json\/wp\/v2\/posts\/336951\/revisions"}],"predecessor-version":[{"id":336953,"href":"https:\/\/www.planbnoticias.com.ar\/index.php\/wp-json\/wp\/v2\/posts\/336951\/revisions\/336953"}],"wp:featuredmedia":[{"embeddable":true,"href":"https:\/\/www.planbnoticias.com.ar\/index.php\/wp-json\/wp\/v2\/media\/211933"}],"wp:attachment":[{"href":"https:\/\/www.planbnoticias.com.ar\/index.php\/wp-json\/wp\/v2\/media?parent=336951"}],"wp:term":[{"taxonomy":"category","embeddable":true,"href":"https:\/\/www.planbnoticias.com.ar\/index.php\/wp-json\/wp\/v2\/categories?post=336951"},{"taxonomy":"post_tag","embeddable":true,"href":"https:\/\/www.planbnoticias.com.ar\/index.php\/wp-json\/wp\/v2\/tags?post=336951"}],"curies":[{"name":"wp","href":"https:\/\/api.w.org\/{rel}","templated":true}]}}