{"id":339340,"date":"2022-10-14T10:14:58","date_gmt":"2022-10-14T13:14:58","guid":{"rendered":"https:\/\/www.planbnoticias.com.ar\/?p=339340"},"modified":"2022-10-14T10:14:58","modified_gmt":"2022-10-14T13:14:58","slug":"el-sabado-29-la-cpe-realizara-su-asamblea-anual-ordinaria","status":"publish","type":"post","link":"https:\/\/www.planbnoticias.com.ar\/index.php\/2022\/10\/14\/el-sabado-29-la-cpe-realizara-su-asamblea-anual-ordinaria\/","title":{"rendered":"El s\u00e1bado 29, la CPE realizar\u00e1 su Asamblea Anual Ordinaria"},"content":{"rendered":"<p><img fetchpriority=\"high\" decoding=\"async\" class=\"alignnone size-full wp-image-212478\" src=\"https:\/\/www.planbnoticias.com.ar\/wp-content\/uploads\/2020\/03\/alfredo-carrascal.jpeg\" alt=\"\" width=\"1280\" height=\"980\" srcset=\"https:\/\/www.planbnoticias.com.ar\/wp-content\/uploads\/2020\/03\/alfredo-carrascal.jpeg 1280w, https:\/\/www.planbnoticias.com.ar\/wp-content\/uploads\/2020\/03\/alfredo-carrascal-300x230.jpeg 300w, https:\/\/www.planbnoticias.com.ar\/wp-content\/uploads\/2020\/03\/alfredo-carrascal-1024x784.jpeg 1024w, https:\/\/www.planbnoticias.com.ar\/wp-content\/uploads\/2020\/03\/alfredo-carrascal-768x588.jpeg 768w, https:\/\/www.planbnoticias.com.ar\/wp-content\/uploads\/2020\/03\/alfredo-carrascal-1170x896.jpeg 1170w, https:\/\/www.planbnoticias.com.ar\/wp-content\/uploads\/2020\/03\/alfredo-carrascal-585x448.jpeg 585w\" sizes=\"(max-width: 1280px) 100vw, 1280px\" \/><\/p>\n<p>El Consejo de Administraci\u00f3n convoc\u00f3 a la Asamblea Anual Ordinaria del Cuerpo de Delegados y Delegadas para el s\u00e1bado 29 de octubre, desde las 18 horas, en el sal\u00f3n de Los Pioneros.<\/p>\n<p>La raz\u00f3n es el tratamiento de la memoria y balance del Ejercicio Econ\u00f3mico y Social n\u00ba 90 y la renovaci\u00f3n parcial del Consejo de Administraci\u00f3n, que incluye los cargos de consejeros titulares y suplentes, y la elecci\u00f3n de un\/a s\u00edndico titular y un\/a suplente.<\/p>\n<p><script async src=\"\/\/pagead2.googlesyndication.com\/pagead\/js\/adsbygoogle.js\"><\/script><\/p>\n<p><!-- Publi m\u00f3vil interior nota --><\/p>\n<p>&nbsp;<\/p>\n<p><script><\/p>\n<p>(adsbygoogle = window.adsbygoogle || []).push({});<\/p>\n<p><\/script><\/p>\n<p>La convocatoria formal se realiza de acuerdo con lo establecido en el cap\u00edtulo V del Estatuto Social de la CPE y la Ley Nacional de Cooperativas 20.337. Adem\u00e1s de la memoria y balance del periodo que transcurri\u00f3 desde el 1 de julio de 2021 al 30 pasado de junio, se renovar\u00e1n los cargos previamente mencionados.<\/p>\n<p>En la convocatoria se precisan los cargos a renovar: cuatro consejeros\/as titulares por un periodo de tres a\u00f1os, en reemplazo de Julieta Carrizo S\u00e1nchez, Antonio Exner, Silvina Reynoso y Yolanda Olachea, y dos suplentes en reemplazo de Alberto Largayoli y \u00c1ngel Mendizabal, en todos los casos por finalizaci\u00f3n de mandatos. Por su parte, Ra\u00fal Pedernera y Patricia Nieva culminan sus mandatos como s\u00edndico titular y s\u00edndica suplente.<\/p>\n","protected":false},"excerpt":{"rendered":"<p>El Consejo de Administraci\u00f3n convoc\u00f3 a la Asamblea Anual Ordinaria del Cuerpo de Delegados y Delegadas para el s\u00e1bado 29 de octubre, desde las 18 horas, en el sal\u00f3n de&hellip;<\/p>\n","protected":false},"author":3,"featured_media":212478,"comment_status":"closed","ping_status":"open","sticky":false,"template":"","format":"standard","meta":{"footnotes":""},"categories":[4],"tags":[],"class_list":["post-339340","post","type-post","status-publish","format-standard","has-post-thumbnail","hentry","category-ciudad"],"jetpack_featured_media_url":"https:\/\/www.planbnoticias.com.ar\/wp-content\/uploads\/2020\/03\/alfredo-carrascal.jpeg","_links":{"self":[{"href":"https:\/\/www.planbnoticias.com.ar\/index.php\/wp-json\/wp\/v2\/posts\/339340","targetHints":{"allow":["GET"]}}],"collection":[{"href":"https:\/\/www.planbnoticias.com.ar\/index.php\/wp-json\/wp\/v2\/posts"}],"about":[{"href":"https:\/\/www.planbnoticias.com.ar\/index.php\/wp-json\/wp\/v2\/types\/post"}],"author":[{"embeddable":true,"href":"https:\/\/www.planbnoticias.com.ar\/index.php\/wp-json\/wp\/v2\/users\/3"}],"replies":[{"embeddable":true,"href":"https:\/\/www.planbnoticias.com.ar\/index.php\/wp-json\/wp\/v2\/comments?post=339340"}],"version-history":[{"count":1,"href":"https:\/\/www.planbnoticias.com.ar\/index.php\/wp-json\/wp\/v2\/posts\/339340\/revisions"}],"predecessor-version":[{"id":339341,"href":"https:\/\/www.planbnoticias.com.ar\/index.php\/wp-json\/wp\/v2\/posts\/339340\/revisions\/339341"}],"wp:featuredmedia":[{"embeddable":true,"href":"https:\/\/www.planbnoticias.com.ar\/index.php\/wp-json\/wp\/v2\/media\/212478"}],"wp:attachment":[{"href":"https:\/\/www.planbnoticias.com.ar\/index.php\/wp-json\/wp\/v2\/media?parent=339340"}],"wp:term":[{"taxonomy":"category","embeddable":true,"href":"https:\/\/www.planbnoticias.com.ar\/index.php\/wp-json\/wp\/v2\/categories?post=339340"},{"taxonomy":"post_tag","embeddable":true,"href":"https:\/\/www.planbnoticias.com.ar\/index.php\/wp-json\/wp\/v2\/tags?post=339340"}],"curies":[{"name":"wp","href":"https:\/\/api.w.org\/{rel}","templated":true}]}}