{"id":341457,"date":"2022-10-29T11:10:21","date_gmt":"2022-10-29T14:10:21","guid":{"rendered":"https:\/\/www.planbnoticias.com.ar\/?p=341457"},"modified":"2022-10-29T21:27:27","modified_gmt":"2022-10-30T00:27:27","slug":"siguen-los-cruces-por-los-explanes-ahora-la-ucr-le-reclama-a-di-napoli-decision-politica","status":"publish","type":"post","link":"https:\/\/www.planbnoticias.com.ar\/index.php\/2022\/10\/29\/siguen-los-cruces-por-los-explanes-ahora-la-ucr-le-reclama-a-di-napoli-decision-politica\/","title":{"rendered":"Siguen los cruces por los explanes: ahora la UCR le reclama a Di N\u00e1poli \u201cdecisi\u00f3n pol\u00edtica\u201d"},"content":{"rendered":"<p><img fetchpriority=\"high\" decoding=\"async\" class=\"alignnone size-full wp-image-294325\" src=\"https:\/\/www.planbnoticias.com.ar\/wp-content\/uploads\/2021\/11\/pablo-pera-ibarguren-frepam-concejo.jpg\" alt=\"\" width=\"1280\" height=\"853\" srcset=\"https:\/\/www.planbnoticias.com.ar\/wp-content\/uploads\/2021\/11\/pablo-pera-ibarguren-frepam-concejo.jpg 1280w, https:\/\/www.planbnoticias.com.ar\/wp-content\/uploads\/2021\/11\/pablo-pera-ibarguren-frepam-concejo-300x200.jpg 300w, https:\/\/www.planbnoticias.com.ar\/wp-content\/uploads\/2021\/11\/pablo-pera-ibarguren-frepam-concejo-1024x682.jpg 1024w, https:\/\/www.planbnoticias.com.ar\/wp-content\/uploads\/2021\/11\/pablo-pera-ibarguren-frepam-concejo-768x512.jpg 768w, https:\/\/www.planbnoticias.com.ar\/wp-content\/uploads\/2021\/11\/pablo-pera-ibarguren-frepam-concejo-1170x780.jpg 1170w, https:\/\/www.planbnoticias.com.ar\/wp-content\/uploads\/2021\/11\/pablo-pera-ibarguren-frepam-concejo-585x390.jpg 585w, https:\/\/www.planbnoticias.com.ar\/wp-content\/uploads\/2021\/11\/pablo-pera-ibarguren-frepam-concejo-263x175.jpg 263w\" sizes=\"(max-width: 1280px) 100vw, 1280px\" \/><\/p>\n<p>Ayer Luciano di N\u00e1poli le endilg\u00f3 al exintendente Francisco Torroba su \u00abdoble vara\u00bb, ya que durante su gesti\u00f3n le neg\u00f3 el derecho de antig\u00fcedad por el que a\u00fan hoy siguen reclamando m\u00e1s de 300 trabajadores y trabajadoras, y ahora pide que se les reconozca.<\/p>\n<p><script async src=\"\/\/pagead2.googlesyndication.com\/pagead\/js\/adsbygoogle.js\"><\/script><br \/>\n<!-- Publi m\u00f3vil interior nota --><br \/>\n<ins class=\"adsbygoogle\" style=\"display: inline-block; width: 320px; height: 100px;\" data-ad-client=\"ca-pub-7250018434179914\" data-ad-slot=\"1040343543\"><\/ins><br \/>\n<script>\n(adsbygoogle = window.adsbygoogle || []).push({});\n<\/script><\/p>\n<p>La pelea por el reconocimiento de la antig\u00fcedad a quienes fueron explanes y luego incorporados a la planta del Estado bajo el r\u00e9gimen 2343 a partir de 2007, sum\u00f3 un nuevo cap\u00edtulo en Santa Rosa.<\/p>\n<p>Conforme avanzan los tiempos pol\u00edticos de cara a la campa\u00f1a electoral, las acusaciones cruzadas asoman con m\u00e1s fuerza. Lo que es un reclamo hist\u00f3rico de trabajadoras y trabajadores del Estado, se convirti\u00f3 en motivo de disputa entre el PJ y la UCR.<\/p>\n<p>Si bien es cierto que el conflicto se reactiv\u00f3 en agosto de este a\u00f1o, el pedido por el reconocimiento de antig\u00fcedad del personal municipal que ingres\u00f3 a la administraci\u00f3n p\u00fablica como plan social es una deuda de todas las gestiones.<\/p>\n<p>En ese marco, <strong>el exintendente radical Francisco Torroba (2008-2011)<\/strong>, <strong>consider\u00f3 que \u00abcorresponde\u00bb el reconocimiento que piden las y los trabajadores municipales,<\/strong> lo que gener\u00f3 una d<strong>ura respuesta del actual intendente Luciano di N\u00e1poli, quien lo acus\u00f3 de tener una \u00abdoble vara\u00bb,<\/strong> <strong>ya que durante su gesti\u00f3n le neg\u00f3 por resoluci\u00f3n el pago de antig\u00fcedad a quienes hoy, de manera p\u00fablica, les reconoce el derecho.<\/strong><\/p>\n<blockquote class=\"wp-embedded-content\" data-secret=\"m5G5SVVsny\"><p><a href=\"https:\/\/www.planbnoticias.com.ar\/index.php\/2022\/10\/28\/pago-de-antiguedad-a-explanes-di-napoli-remarco-la-doble-vara-de-torroba\/\">Pago de antig\u00fcedad a explanes: Di N\u00e1poli remarc\u00f3 \u201cla doble vara\u201d de Torroba<\/a><\/p><\/blockquote>\n<p><iframe class=\"wp-embedded-content\" sandbox=\"allow-scripts\" security=\"restricted\" style=\"position: absolute; clip: rect(1px, 1px, 1px, 1px);\" title=\"\u00abPago de antig\u00fcedad a explanes: Di N\u00e1poli remarc\u00f3 \u201cla doble vara\u201d de Torroba\u00bb \u2014 Plan B Noticias\" src=\"https:\/\/www.planbnoticias.com.ar\/index.php\/2022\/10\/28\/pago-de-antiguedad-a-explanes-di-napoli-remarco-la-doble-vara-de-torroba\/embed\/#?secret=8mLPNqZuom#?secret=m5G5SVVsny\" data-secret=\"m5G5SVVsny\" width=\"600\" height=\"338\" frameborder=\"0\" marginwidth=\"0\" marginheight=\"0\" scrolling=\"no\"><\/iframe><\/p>\n<p>Ahora <strong>el diputado Marcos Cuelle y los concejales de Santa Rosa, Gustavo Estavilla y Pablo Pera Ibarguren, <\/strong>salieron en defensa de Torroba y <strong>le reclamaron<\/strong> al intendente de La C\u00e1mpora, <strong>\u00abdecisi\u00f3n pol\u00edtica\u00bb<\/strong> para solucionar el reclamo.<\/p>\n<p>Para hacerlo, argumentaron que cuando les toc\u00f3 gobernar les \u00abtoc\u00f3 recibir un municipio totalmente quebrado desde lo financiero e institucional\u00bb, pero que con \u00abtrabajo\u00bb y \u00abuna gesti\u00f3n austera\u00bb, algo que le pidieron tenga la actual administraci\u00f3n, \u00abse avanz\u00f3 en asegurar derechos para los explanes\u00bb que hab\u00edan sido precarizados en gobiernos peronistas anteriores, como lo fueron una serie de medidas entre las que incluyeron el ingreso gradual para explanes y\/o contratos 247, un r\u00e9gimen especial de compensaci\u00f3n para el personal municipal de la ley 2343 en edad jubilatoria y que carec\u00edan de aportes previsionales, entre otras.<\/p>\n<p>Respecto del <strong>reconocimiento de la antig\u00fcedad, reconocieron que \u00abno se pudo avanzar\u00bb porque \u00abel dif\u00edcil contexto econ\u00f3mico lo hac\u00eda complicado\u00bb. \u00abEso fue lo que dijo Torroba, que es un derecho que debe ser reconocido si la situaci\u00f3n financiera del municipio lo permite\u00bb,<\/strong> detallaron.<\/p>\n<p>Ahora aseguraron que \u00abla actual situaci\u00f3n de las finanzas municipales es totalmente opuesta a la de 2008-2011\u00bb y <strong>plantearon que Luciano di Napoli \u00abrecibi\u00f3 recursos de provincia y naci\u00f3n como ning\u00fan otro Intendente desde el retorno de la Democracia, y si tomara el ejemplo de austeridad y transparencia de la administraci\u00f3n de Francisco Torroba, podr\u00eda asegurar los recursos necesarios para reconocer el reclamo de los trabajadores municipales\u00bb.<\/strong><\/p>\n<p>\u00abLo que falta hoy es decisi\u00f3n pol\u00edtica para reconocer esta deuda moral, generada por gobiernos del mismo signo pol\u00edtico que el suyo\u00bb, sostuvieron.<\/p>\n<p>Cabe mencionar que los concejales radicales, tambi\u00e9n fueron parte de la gesti\u00f3n del intendente de Cambiemos, Leandro Altolaguirre (2015-2019), donde el Gobierno nacional era del mismo signo pol\u00edtico, y recibieron fondos de la Provincia, pero tampoco resolvieron el reclamo de las y los explanes.<\/p>\n<p><strong>Reuni\u00f3n\u00a0<\/strong><\/p>\n<p>Ayer Di N\u00e1poli recibi\u00f3 a la CTA de los Trabajadores y les dijo que por una resoluci\u00f3n de Torroba, a partir de un fallo del Superior Tribunal de Justicia de La Pampa, impide el reconocimiento del pago por antig\u00fcedad que reclaman los explanes.<\/p>\n<p>La CTA-T le pidi\u00f3 ahora al gobernador pampeano, Sergio Ziliotto, que otorgue el reconocimiento a todos los explanes que ingresaron al Estado a partir de la creaci\u00f3n de la ley 2.343 en 2007, y as\u00ed tambi\u00e9n poder destrabar el conflicto en la capital pampeana.<\/p>\n<blockquote class=\"wp-embedded-content\" data-secret=\"lHhsxdvkuw\"><p><a href=\"https:\/\/www.planbnoticias.com.ar\/index.php\/2022\/10\/29\/pago-de-antiguedad-a-explanes-la-cta-le-pidio-a-ziliotto-el-reconocimiento\/\">Pago de antig\u00fcedad a explanes: la CTA le pidi\u00f3 a Ziliotto el reconocimiento<\/a><\/p><\/blockquote>\n<p><iframe class=\"wp-embedded-content\" sandbox=\"allow-scripts\" security=\"restricted\" style=\"position: absolute; clip: rect(1px, 1px, 1px, 1px);\" title=\"\u00abPago de antig\u00fcedad a explanes: la CTA le pidi\u00f3 a Ziliotto el reconocimiento\u00bb \u2014 Plan B Noticias\" src=\"https:\/\/www.planbnoticias.com.ar\/index.php\/2022\/10\/29\/pago-de-antiguedad-a-explanes-la-cta-le-pidio-a-ziliotto-el-reconocimiento\/embed\/#?secret=DOVAo8yecw#?secret=lHhsxdvkuw\" data-secret=\"lHhsxdvkuw\" width=\"600\" height=\"338\" frameborder=\"0\" marginwidth=\"0\" marginheight=\"0\" scrolling=\"no\"><\/iframe><\/p>\n","protected":false},"excerpt":{"rendered":"<p>Ayer Luciano di N\u00e1poli le endilg\u00f3 al exintendente Francisco Torroba su \u00abdoble vara\u00bb, ya que durante su gesti\u00f3n le neg\u00f3 el derecho de antig\u00fcedad por el que a\u00fan hoy siguen&hellip;<\/p>\n","protected":false},"author":5,"featured_media":294325,"comment_status":"closed","ping_status":"open","sticky":false,"template":"","format":"standard","meta":{"footnotes":""},"categories":[4,15],"tags":[],"class_list":["post-341457","post","type-post","status-publish","format-standard","has-post-thumbnail","hentry","category-ciudad","category-tapa"],"jetpack_featured_media_url":"https:\/\/www.planbnoticias.com.ar\/wp-content\/uploads\/2021\/11\/pablo-pera-ibarguren-frepam-concejo.jpg","_links":{"self":[{"href":"https:\/\/www.planbnoticias.com.ar\/index.php\/wp-json\/wp\/v2\/posts\/341457","targetHints":{"allow":["GET"]}}],"collection":[{"href":"https:\/\/www.planbnoticias.com.ar\/index.php\/wp-json\/wp\/v2\/posts"}],"about":[{"href":"https:\/\/www.planbnoticias.com.ar\/index.php\/wp-json\/wp\/v2\/types\/post"}],"author":[{"embeddable":true,"href":"https:\/\/www.planbnoticias.com.ar\/index.php\/wp-json\/wp\/v2\/users\/5"}],"replies":[{"embeddable":true,"href":"https:\/\/www.planbnoticias.com.ar\/index.php\/wp-json\/wp\/v2\/comments?post=341457"}],"version-history":[{"count":4,"href":"https:\/\/www.planbnoticias.com.ar\/index.php\/wp-json\/wp\/v2\/posts\/341457\/revisions"}],"predecessor-version":[{"id":341459,"href":"https:\/\/www.planbnoticias.com.ar\/index.php\/wp-json\/wp\/v2\/posts\/341457\/revisions\/341459"}],"wp:featuredmedia":[{"embeddable":true,"href":"https:\/\/www.planbnoticias.com.ar\/index.php\/wp-json\/wp\/v2\/media\/294325"}],"wp:attachment":[{"href":"https:\/\/www.planbnoticias.com.ar\/index.php\/wp-json\/wp\/v2\/media?parent=341457"}],"wp:term":[{"taxonomy":"category","embeddable":true,"href":"https:\/\/www.planbnoticias.com.ar\/index.php\/wp-json\/wp\/v2\/categories?post=341457"},{"taxonomy":"post_tag","embeddable":true,"href":"https:\/\/www.planbnoticias.com.ar\/index.php\/wp-json\/wp\/v2\/tags?post=341457"}],"curies":[{"name":"wp","href":"https:\/\/api.w.org\/{rel}","templated":true}]}}