{"id":344435,"date":"2022-11-18T09:39:13","date_gmt":"2022-11-18T12:39:13","guid":{"rendered":"https:\/\/www.planbnoticias.com.ar\/?p=344435"},"modified":"2022-11-18T09:39:13","modified_gmt":"2022-11-18T12:39:13","slug":"el-frepam-pide-informes-sobre-el-servicio-de-riego","status":"publish","type":"post","link":"https:\/\/www.planbnoticias.com.ar\/index.php\/2022\/11\/18\/el-frepam-pide-informes-sobre-el-servicio-de-riego\/","title":{"rendered":"El FrePam pide informes sobre el servicio de riego"},"content":{"rendered":"<p><img fetchpriority=\"high\" decoding=\"async\" class=\"alignnone size-full wp-image-211918\" src=\"https:\/\/www.planbnoticias.com.ar\/wp-content\/uploads\/2020\/03\/bloque-frepam.jpg\" alt=\"\" width=\"1280\" height=\"853\" srcset=\"https:\/\/www.planbnoticias.com.ar\/wp-content\/uploads\/2020\/03\/bloque-frepam.jpg 1280w, https:\/\/www.planbnoticias.com.ar\/wp-content\/uploads\/2020\/03\/bloque-frepam-300x200.jpg 300w, https:\/\/www.planbnoticias.com.ar\/wp-content\/uploads\/2020\/03\/bloque-frepam-1024x682.jpg 1024w, https:\/\/www.planbnoticias.com.ar\/wp-content\/uploads\/2020\/03\/bloque-frepam-768x512.jpg 768w, https:\/\/www.planbnoticias.com.ar\/wp-content\/uploads\/2020\/03\/bloque-frepam-1170x780.jpg 1170w, https:\/\/www.planbnoticias.com.ar\/wp-content\/uploads\/2020\/03\/bloque-frepam-585x390.jpg 585w, https:\/\/www.planbnoticias.com.ar\/wp-content\/uploads\/2020\/03\/bloque-frepam-263x175.jpg 263w\" sizes=\"(max-width: 1280px) 100vw, 1280px\" \/><\/p>\n<p>Los y las ediles del FrePam pidieron \u201cinformaci\u00f3n sobre el Servicio de Riego, detallada y actual, a fin de poder evaluar y comparar con los dichos, manifestaciones y presentaciones de vecinas y vecinos de nuestra ciudad quienes nos han hecho saber sobre serias deficiencias en el mismo\u201d.<\/p>\n<p><script async src=\"\/\/pagead2.googlesyndication.com\/pagead\/js\/adsbygoogle.js\"><\/script><br \/>\n<!-- Publi m\u00f3vil interior nota --><br \/>\n<ins class=\"adsbygoogle\" style=\"display: inline-block; width: 320px; height: 100px;\" data-ad-client=\"ca-pub-7250018434179914\" data-ad-slot=\"1040343543\"><\/ins><br \/>\n<script>\n(adsbygoogle = window.adsbygoogle || []).push({});\n<\/script><\/p>\n<p>\u201cEn nuestras recorridas barriales, tanto como en las reuniones mantenidas con vecinas y vecinas, se ha hecho cada vez m\u00e1s frecuente la menci\u00f3n a la falta de riego en calles de tierra de nuestra ciudad, es por eso que solicitamos informe de prestadores, y de recorridos cumplidos, y, por ende, facturados a este municipio\u201d, aseguraron.<\/p>\n<p>\u201cEn v\u00edsperas de la \u00e9poca estival, y en medio de una profunda sequ\u00eda, pese a las lluvias de estos d\u00edas, consideramos que es fundamental la correcci\u00f3n y mejoramiento de este servicio, fundamental a la cuesti\u00f3n ambiental en nuestra ciudad\u201d, a\u00f1adieron.<\/p>\n<p><strong>El Proyecto<\/strong><\/p>\n<p>VISTO<\/p>\n<p>Que la Municipalidad es responsable del Servicio de Riego en calles de tierra, el cual ha sido concesionado oportunamente\u00a0 a prestadores privados;<\/p>\n<p>Y CONSIDERANDO<\/p>\n<p>Que este \u00faltimo tiempo hemos recibido innumerables reclamos de vecinos y vecinas de la ciudad que manifiestan disconformidad por el servicio de riego.<\/p>\n<p>Que, inclusive, en este Concejo Deliberante, hay presentaciones de vecinos y vecinas, que solicitan se suspenda el servicio de riego para sus arterias y se interrumpa el cobro de la tasa mensual correspondiente.<\/p>\n<p>Que los reclamos no se corresponden a un sector de la Ciudad en particular,\u00a0\u00a0\u00a0 sino que se vuelve generalizado, extendi\u00e9ndose a todos los Barrios de Santa Rosa.<\/p>\n<p>Que, los propios reclamantes, aseguran que el servicio de riego no es constante y suele discontinuarse por varios d\u00edas en la semana.<\/p>\n<p>Que los vecinos y las vecinas manifiestan que en las ocasiones en que pasa el cami\u00f3n regador, lo hace a una velocidad importante, provocando que no llegue a alcanzar el efecto buscado de impedir el levantamiento de polvo de tierra en las calles.<\/p>\n<p>Que es nuestra obligaci\u00f3n, como integrantes del Concejo Deliberante, canalizar los reclamos barriales a fin de llevar una respuesta a las vecinas y vecinos.<\/p>\n<p>Que, por lo tanto, tenemos que solicitar informaci\u00f3n sobre la prestaci\u00f3n del servicio al Departamento Ejecutivo, al ser \u00e9ste quien materializa la concesi\u00f3n del servicio p\u00fablico y se encarga del control primario del mismo.<\/p>\n<p>Que solicitamos se remita un informe sobre las zonas de la ciudad que han sido concesionadas a cada uno de los prestadores y adem\u00e1s un informe de las estad\u00edsticas que brindan los GPS con los que cuenta cada cami\u00f3n, para poder tener una certeza de los d\u00edas que circularon los camiones, los recorridos que realizaron y a qu\u00e9 velocidad promedio lo hicieron.<\/p>\n<p>POR LO EXPUESTO, El BLOQUE DE CONCEJALA Y CONCEJALES FREPAM PRESENTA EL SIGUIENTE:<\/p>\n<p>PROYECTO DE COMUNICACI\u00d3N<\/p>\n<p>El Concejo Deliberante de Santa Rosa se dirige al Departamento Ejecutivo a fin que remita la siguiente informaci\u00f3n respecto al servicio de riego:<\/p>\n<ol>\n<li>Nombre del Prestador, identificado por zona de riego, y n\u00famero de cami\u00f3n que presta el servicio p\u00fablico.<\/li>\n<li>Reporte de los GPS de los \u00faltimos 90 d\u00edas, identificando en forma diaria, los recorridos realizados y las velocidades alcanzadas por cada unos de los camiones.<\/li>\n<li>D\u00edas que no se prest\u00f3 el servicio p\u00fablico de riego, detallando las causales que impidieron su prestaci\u00f3n.<\/li>\n<\/ol>\n","protected":false},"excerpt":{"rendered":"<p>Los y las ediles del FrePam pidieron \u201cinformaci\u00f3n sobre el Servicio de Riego, detallada y actual, a fin de poder evaluar y comparar con los dichos, manifestaciones y presentaciones de&hellip;<\/p>\n","protected":false},"author":2,"featured_media":211933,"comment_status":"closed","ping_status":"open","sticky":false,"template":"","format":"standard","meta":{"footnotes":""},"categories":[4],"tags":[],"class_list":["post-344435","post","type-post","status-publish","format-standard","has-post-thumbnail","hentry","category-ciudad"],"jetpack_featured_media_url":"https:\/\/www.planbnoticias.com.ar\/wp-content\/uploads\/2020\/03\/ediles-frepam.jpeg","_links":{"self":[{"href":"https:\/\/www.planbnoticias.com.ar\/index.php\/wp-json\/wp\/v2\/posts\/344435","targetHints":{"allow":["GET"]}}],"collection":[{"href":"https:\/\/www.planbnoticias.com.ar\/index.php\/wp-json\/wp\/v2\/posts"}],"about":[{"href":"https:\/\/www.planbnoticias.com.ar\/index.php\/wp-json\/wp\/v2\/types\/post"}],"author":[{"embeddable":true,"href":"https:\/\/www.planbnoticias.com.ar\/index.php\/wp-json\/wp\/v2\/users\/2"}],"replies":[{"embeddable":true,"href":"https:\/\/www.planbnoticias.com.ar\/index.php\/wp-json\/wp\/v2\/comments?post=344435"}],"version-history":[{"count":1,"href":"https:\/\/www.planbnoticias.com.ar\/index.php\/wp-json\/wp\/v2\/posts\/344435\/revisions"}],"predecessor-version":[{"id":344436,"href":"https:\/\/www.planbnoticias.com.ar\/index.php\/wp-json\/wp\/v2\/posts\/344435\/revisions\/344436"}],"wp:featuredmedia":[{"embeddable":true,"href":"https:\/\/www.planbnoticias.com.ar\/index.php\/wp-json\/wp\/v2\/media\/211933"}],"wp:attachment":[{"href":"https:\/\/www.planbnoticias.com.ar\/index.php\/wp-json\/wp\/v2\/media?parent=344435"}],"wp:term":[{"taxonomy":"category","embeddable":true,"href":"https:\/\/www.planbnoticias.com.ar\/index.php\/wp-json\/wp\/v2\/categories?post=344435"},{"taxonomy":"post_tag","embeddable":true,"href":"https:\/\/www.planbnoticias.com.ar\/index.php\/wp-json\/wp\/v2\/tags?post=344435"}],"curies":[{"name":"wp","href":"https:\/\/api.w.org\/{rel}","templated":true}]}}