{"id":354432,"date":"2023-02-02T10:54:28","date_gmt":"2023-02-02T13:54:28","guid":{"rendered":"https:\/\/www.planbnoticias.com.ar\/?p=354432"},"modified":"2023-02-02T10:54:28","modified_gmt":"2023-02-02T13:54:28","slug":"vuelco-en-ruta-188-dos-personas-heridas","status":"publish","type":"post","link":"https:\/\/www.planbnoticias.com.ar\/index.php\/2023\/02\/02\/vuelco-en-ruta-188-dos-personas-heridas\/","title":{"rendered":"Vuelco en Ruta 188: dos personas heridas"},"content":{"rendered":"<p><img fetchpriority=\"high\" decoding=\"async\" class=\"alignnone size-full wp-image-354433\" src=\"https:\/\/www.planbnoticias.com.ar\/wp-content\/uploads\/2023\/02\/siniestro-auto-ruta188.jpg\" alt=\"\" width=\"1167\" height=\"801\" srcset=\"https:\/\/www.planbnoticias.com.ar\/wp-content\/uploads\/2023\/02\/siniestro-auto-ruta188.jpg 1167w, https:\/\/www.planbnoticias.com.ar\/wp-content\/uploads\/2023\/02\/siniestro-auto-ruta188-300x206.jpg 300w, https:\/\/www.planbnoticias.com.ar\/wp-content\/uploads\/2023\/02\/siniestro-auto-ruta188-1024x703.jpg 1024w, https:\/\/www.planbnoticias.com.ar\/wp-content\/uploads\/2023\/02\/siniestro-auto-ruta188-768x527.jpg 768w, https:\/\/www.planbnoticias.com.ar\/wp-content\/uploads\/2023\/02\/siniestro-auto-ruta188-585x402.jpg 585w\" sizes=\"(max-width: 1167px) 100vw, 1167px\" \/><\/p>\n<p>Un veh\u00edculo con cuatro personas a bordo se despist\u00f3 y volc\u00f3 esta ma\u00f1ana en la Ruta Nacional 188, en el tramo entre las localidades de Adolfo Van Praet y Realic\u00f3. Dos de ellos fueron hospitalizados.<\/p>\n<p><script async src=\"\/\/pagead2.googlesyndication.com\/pagead\/js\/adsbygoogle.js\"><\/script><br \/>\n<!-- Publi m\u00f3vil interior nota --><br \/>\n<ins class=\"adsbygoogle\" style=\"display: inline-block; width: 320px; height: 100px;\" data-ad-client=\"ca-pub-7250018434179914\" data-ad-slot=\"1040343543\"><\/ins><br \/>\n<script>\n(adsbygoogle = window.adsbygoogle || []).push({});\n<\/script><\/p>\n<p>Dos parejas de turistas que viajaban en auto por la Ruta Nacional 188, volcaron a primera hora de esta ma\u00f1ana a la altura del kil\u00f3metro 465.<\/p>\n<p>Por causas que son investigadas, el autom\u00f3vil, un Renault Logan de color blanco, perdi\u00f3 el control y termin\u00f3 volcando entre las localidades de Adolfo Van Praet y Realic\u00f3.<\/p>\n<p>Los ocupantes del auto fueron asistidos en el lugar por Bomberos Voluntarios de Realic\u00f3 y de Emergencias M\u00e9dicas. Dos hombres debieron ser trasladados al Hospital Virgilio Tedin Uriburu de Realic\u00f3. En el lugar del siniestro se quedaron dos mujeres con un perro que viajaba en el veh\u00edculo.<\/p>\n<p>Proven\u00edan de Buenos Aires y se dirig\u00edan hacia Mendoza con el fin de pasar las vacaciones.<\/p>\n<p><em>Con informaci\u00f3n de Infotec<\/em><\/p>\n","protected":false},"excerpt":{"rendered":"<p>Un veh\u00edculo con cuatro personas a bordo se despist\u00f3 y volc\u00f3 esta ma\u00f1ana en la Ruta Nacional 188, en el tramo entre las localidades de Adolfo Van Praet y Realic\u00f3.&hellip;<\/p>\n","protected":false},"author":5,"featured_media":354433,"comment_status":"closed","ping_status":"open","sticky":false,"template":"","format":"standard","meta":{"footnotes":""},"categories":[13],"tags":[],"class_list":["post-354432","post","type-post","status-publish","format-standard","has-post-thumbnail","hentry","category-provincia"],"jetpack_featured_media_url":"https:\/\/www.planbnoticias.com.ar\/wp-content\/uploads\/2023\/02\/siniestro-auto-ruta188.jpg","_links":{"self":[{"href":"https:\/\/www.planbnoticias.com.ar\/index.php\/wp-json\/wp\/v2\/posts\/354432","targetHints":{"allow":["GET"]}}],"collection":[{"href":"https:\/\/www.planbnoticias.com.ar\/index.php\/wp-json\/wp\/v2\/posts"}],"about":[{"href":"https:\/\/www.planbnoticias.com.ar\/index.php\/wp-json\/wp\/v2\/types\/post"}],"author":[{"embeddable":true,"href":"https:\/\/www.planbnoticias.com.ar\/index.php\/wp-json\/wp\/v2\/users\/5"}],"replies":[{"embeddable":true,"href":"https:\/\/www.planbnoticias.com.ar\/index.php\/wp-json\/wp\/v2\/comments?post=354432"}],"version-history":[{"count":1,"href":"https:\/\/www.planbnoticias.com.ar\/index.php\/wp-json\/wp\/v2\/posts\/354432\/revisions"}],"predecessor-version":[{"id":354438,"href":"https:\/\/www.planbnoticias.com.ar\/index.php\/wp-json\/wp\/v2\/posts\/354432\/revisions\/354438"}],"wp:featuredmedia":[{"embeddable":true,"href":"https:\/\/www.planbnoticias.com.ar\/index.php\/wp-json\/wp\/v2\/media\/354433"}],"wp:attachment":[{"href":"https:\/\/www.planbnoticias.com.ar\/index.php\/wp-json\/wp\/v2\/media?parent=354432"}],"wp:term":[{"taxonomy":"category","embeddable":true,"href":"https:\/\/www.planbnoticias.com.ar\/index.php\/wp-json\/wp\/v2\/categories?post=354432"},{"taxonomy":"post_tag","embeddable":true,"href":"https:\/\/www.planbnoticias.com.ar\/index.php\/wp-json\/wp\/v2\/tags?post=354432"}],"curies":[{"name":"wp","href":"https:\/\/api.w.org\/{rel}","templated":true}]}}