{"id":359631,"date":"2023-03-15T13:07:47","date_gmt":"2023-03-15T16:07:47","guid":{"rendered":"https:\/\/www.planbnoticias.com.ar\/?p=359631"},"modified":"2023-03-15T13:10:27","modified_gmt":"2023-03-15T16:10:27","slug":"la-oposicion-pide-que-di-napoli-genere-un-sistema-de-seguridad-local","status":"publish","type":"post","link":"https:\/\/www.planbnoticias.com.ar\/index.php\/2023\/03\/15\/la-oposicion-pide-que-di-napoli-genere-un-sistema-de-seguridad-local\/","title":{"rendered":"La oposici\u00f3n pide que di N\u00e1poli genere \u201cun sistema de seguridad local\u201d"},"content":{"rendered":"<p><img fetchpriority=\"high\" decoding=\"async\" class=\"alignnone size-full wp-image-357935\" src=\"https:\/\/www.planbnoticias.com.ar\/wp-content\/uploads\/2023\/03\/giorgis-bloque-frepam.jpeg\" alt=\"\" width=\"1280\" height=\"720\" srcset=\"https:\/\/www.planbnoticias.com.ar\/wp-content\/uploads\/2023\/03\/giorgis-bloque-frepam.jpeg 1280w, https:\/\/www.planbnoticias.com.ar\/wp-content\/uploads\/2023\/03\/giorgis-bloque-frepam-300x169.jpeg 300w, https:\/\/www.planbnoticias.com.ar\/wp-content\/uploads\/2023\/03\/giorgis-bloque-frepam-1024x576.jpeg 1024w, https:\/\/www.planbnoticias.com.ar\/wp-content\/uploads\/2023\/03\/giorgis-bloque-frepam-768x432.jpeg 768w, https:\/\/www.planbnoticias.com.ar\/wp-content\/uploads\/2023\/03\/giorgis-bloque-frepam-1170x658.jpeg 1170w, https:\/\/www.planbnoticias.com.ar\/wp-content\/uploads\/2023\/03\/giorgis-bloque-frepam-585x329.jpeg 585w\" sizes=\"(max-width: 1280px) 100vw, 1280px\" \/><\/p>\n<p>Piden que se apruebe la ordenanza de las \u201calarmas comunitarias\u201d. La nota fue presentada este mi\u00e9rcoles.<\/p>\n<p>Los bloques del FrePam y de Propuesta Federal de Santa Rosa demandan la creaci\u00f3n de un sistema de seguridad local y a su vez reclamaron \u201cla urgente convocatoria del Consejo de Seguridad Democr\u00e1tica a fin de coordinar esfuerzos interinstitucionales para mejorar la seguridad y realizar acciones con el conjunto de la comunidad con el prop\u00f3sito de desarrollar un sistema local de seguridad\u201d.<\/p>\n<p><script async src=\"\/\/pagead2.googlesyndication.com\/pagead\/js\/adsbygoogle.js\"><\/script><br \/>\n<!-- Publi m\u00f3vil interior nota --><br \/>\n<ins class=\"adsbygoogle\" style=\"display: inline-block; width: 320px; height: 100px;\" data-ad-client=\"ca-pub-7250018434179914\" data-ad-slot=\"1040343543\"><\/ins><br \/>\n<script>\n(adsbygoogle = window.adsbygoogle || []).push({});\n<\/script><\/p>\n<p>En la nota a la que accedi\u00f3 Plan B agregan que \u201cle solicitamos su intervenci\u00f3n en el pronto tratamiento y aprobaci\u00f3n en el Concejo Deliberante del proyecto de ordenanza que posibilita la instalaci\u00f3n de alarmas comunitarias, medida ampliamente reclamada por vecinos de algunos barrios de nuestra ciudad cuyas familias vienen sufriendo violentos hechos de inseguridad en sus domicilios\u201d<\/p>\n<p>Por \u00faltimo le dicen al intendente Luciano di N\u00e1poli que \u201cla convocatoria no puede demorarse m\u00e1s en el tiempo\u201d<\/p>\n","protected":false},"excerpt":{"rendered":"<p>Piden que se apruebe la ordenanza de las \u201calarmas comunitarias\u201d. La nota fue presentada este mi\u00e9rcoles. Los bloques del FrePam y de Propuesta Federal de Santa Rosa demandan la creaci\u00f3n&hellip;<\/p>\n","protected":false},"author":2,"featured_media":357935,"comment_status":"closed","ping_status":"open","sticky":false,"template":"","format":"standard","meta":{"footnotes":""},"categories":[4],"tags":[],"class_list":["post-359631","post","type-post","status-publish","format-standard","has-post-thumbnail","hentry","category-ciudad"],"jetpack_featured_media_url":"https:\/\/www.planbnoticias.com.ar\/wp-content\/uploads\/2023\/03\/giorgis-bloque-frepam.jpeg","_links":{"self":[{"href":"https:\/\/www.planbnoticias.com.ar\/index.php\/wp-json\/wp\/v2\/posts\/359631","targetHints":{"allow":["GET"]}}],"collection":[{"href":"https:\/\/www.planbnoticias.com.ar\/index.php\/wp-json\/wp\/v2\/posts"}],"about":[{"href":"https:\/\/www.planbnoticias.com.ar\/index.php\/wp-json\/wp\/v2\/types\/post"}],"author":[{"embeddable":true,"href":"https:\/\/www.planbnoticias.com.ar\/index.php\/wp-json\/wp\/v2\/users\/2"}],"replies":[{"embeddable":true,"href":"https:\/\/www.planbnoticias.com.ar\/index.php\/wp-json\/wp\/v2\/comments?post=359631"}],"version-history":[{"count":2,"href":"https:\/\/www.planbnoticias.com.ar\/index.php\/wp-json\/wp\/v2\/posts\/359631\/revisions"}],"predecessor-version":[{"id":359633,"href":"https:\/\/www.planbnoticias.com.ar\/index.php\/wp-json\/wp\/v2\/posts\/359631\/revisions\/359633"}],"wp:featuredmedia":[{"embeddable":true,"href":"https:\/\/www.planbnoticias.com.ar\/index.php\/wp-json\/wp\/v2\/media\/357935"}],"wp:attachment":[{"href":"https:\/\/www.planbnoticias.com.ar\/index.php\/wp-json\/wp\/v2\/media?parent=359631"}],"wp:term":[{"taxonomy":"category","embeddable":true,"href":"https:\/\/www.planbnoticias.com.ar\/index.php\/wp-json\/wp\/v2\/categories?post=359631"},{"taxonomy":"post_tag","embeddable":true,"href":"https:\/\/www.planbnoticias.com.ar\/index.php\/wp-json\/wp\/v2\/tags?post=359631"}],"curies":[{"name":"wp","href":"https:\/\/api.w.org\/{rel}","templated":true}]}}